{"id":1006,"date":"2025-09-25T07:11:23","date_gmt":"2025-09-25T10:11:23","guid":{"rendered":"https:\/\/www.nortesocial.com.ar\/?p=1006"},"modified":"2025-10-05T23:02:29","modified_gmt":"2025-10-06T02:02:29","slug":"exboxeador-y-exladron-ahora-poeta","status":"publish","type":"post","link":"https:\/\/www.nortesocial.com.ar\/?p=1006","title":{"rendered":"EXBOXEADOR Y EXLADR\u00d3N. AHORA, POETA"},"content":{"rendered":"<h3><em><strong>\u201cLa pobreza acaso podr\u00e1 hacer ladrones. Pero el amor hace poetas\u201d, escribi\u00f3 en la c\u00e1rcel el exboxeador salte\u00f1o Jos\u00e9 Antonio \u201cPolvorita\u201d G\u00f3mez. En 2001 asalt\u00f3 -en Salta- el banco Galicia.<\/strong><\/em><\/h3>\n<p>&nbsp;<\/p>\n<p><em>\u201cEl golpe dur\u00f3 tres minutos. Si el auto en el que iban no se les quedaba en Balderrama, no los encontr\u00e1bamos m\u00e1s\u201d,<\/em> cont\u00f3 el jefe policial investigador.<\/p>\n<p>Aquella ma\u00f1ana de 2001, \u201cPolvorita\u201d entr\u00f3 al banco Galicia (por entonces ubicado en la esquina noroeste de las calles Caseros y Balcarce) portando un fusil Kalashnikov, calibre 7;62. Junto a un hijo y un sobrino, quienes empu\u00f1aban una pistola 9 mm y un revolver 357 M\u00e1gnum. Los proyectiles son letales. No hicieron disparos. La noche anterior hab\u00edan robado dos autos, y en un taxi secuestrado llegaron a la entidad financiera.<\/p>\n<p><img loading=\"lazy\" decoding=\"async\" class=\"alignright size-full wp-image-1009\" src=\"https:\/\/www.nortesocial.com.ar\/wp-content\/uploads\/2025\/09\/Polvorita02.png\" alt=\"\" width=\"505\" height=\"446\" srcset=\"https:\/\/www.nortesocial.com.ar\/wp-content\/uploads\/2025\/09\/Polvorita02.png 505w, https:\/\/www.nortesocial.com.ar\/wp-content\/uploads\/2025\/09\/Polvorita02-476x420.png 476w\" sizes=\"auto, (max-width: 505px) 100vw, 505px\" \/>Nacido en Salta, <strong>Jos\u00e9 Antonio G\u00f3mez<\/strong> ten\u00eda en aquel momento 45 a\u00f1os. De ni\u00f1o, la calle se convirti\u00f3 en su escuela. A los nueve a\u00f1os aprendi\u00f3 boxeo. Pedro Arias fue el entrenador, quien lo reconoci\u00f3 como hijo de \u201cKid Viejita\u201d, quien lleg\u00f3 a pelear contra Pascual P\u00e9rez.<\/p>\n<p>Por su peque\u00f1o aspecto y explosivos pu\u00f1os lo apodaron \u201cPolvorita\u201d. Se cas\u00f3 a los 16 y a los 18 fue a prisi\u00f3n en Buenos Aires, por asaltar una sucursal del Banco Naci\u00f3n.<\/p>\n<p>Al recuperar la libertad, <strong>volvi\u00f3 al ring y tuvo \u00e9xito<\/strong>. Lleg\u00f3 a boxear contra campeones argentinos mundiales, como <strong>Gustavo Ballas<\/strong>, a quien volte\u00f3, y <strong>Santos Benigno Laciar<\/strong>. Contra quienes perdi\u00f3 s\u00f3lo por puntos. Luego, a los 32 a\u00f1os, volvi\u00f3 a caer preso por el atraco a un cami\u00f3n de caudales, en el conurbano bonaerense.<\/p>\n<p>&nbsp;<\/p>\n<p><strong>Defensor<\/strong><\/p>\n<p><em>\u201cSostengo el abismo\u201d,<\/em> es un verso escrito por Polvorita. Palabras para describir cuando, en distintas c\u00e1rceles, defendi\u00f3 de ataques o violaciones a presos d\u00e9biles. Era respetado en el ambiente tumbero. Sab\u00edan de la fama y c\u00f3digos que preced\u00edan al boxeador: <strong>ladr\u00f3n de bancos, blindados y ricos.<\/strong><\/p>\n<p>A sus hijos, con pol\u00e9mica pedagog\u00eda, les ense\u00f1\u00f3 a distinguir entre <em>\u201clos que tienen y los que no tienen\u201d.<\/em> Y que el problema no era caer a la lona, sino, quedar tirado, sin levantarse.<\/p>\n<p>As\u00ed logr\u00f3 la complicidad de sus familiares. Para robar bancos.<\/p>\n<p><img loading=\"lazy\" decoding=\"async\" class=\"alignright wp-image-1010 size-full\" src=\"https:\/\/www.nortesocial.com.ar\/wp-content\/uploads\/2025\/09\/Polvorita3.jpg\" alt=\"\" width=\"283\" height=\"318\" \/><\/p>\n<p><strong>Los nadies<\/strong><\/p>\n<p><em>\u201cSue\u00f1an las pulgas con comprarse un perro<\/em><\/p>\n<p><em>y sue\u00f1an los nadies con salir de pobres\u201d<\/em><\/p>\n<p>As\u00ed comienza el poema \u201c<strong>Los nadies\u201d,<\/strong> de <strong>Eduardo Galeano<\/strong>, que G\u00f3mez descubri\u00f3 en una de las c\u00e1rceles.<\/p>\n<p><em>\u201cLos nadies: los hijos de nadie, los due\u00f1os de nada.<\/em><\/p>\n<p><em>Que no tienen cara, sino brazos.<\/em><\/p>\n<p><em>Que no tienen nombre, sino n\u00famero.<\/em><\/p>\n<p><em>Que no figuran en la historia universal,<\/em><\/p>\n<p><em>sino en la cr\u00f3nica roja de la prensa local\u201d<\/em><\/p>\n<p>Tras los barrotes, \u201cPolvorita\u201d interpret\u00f3 entonces que el penal era la brutal expresi\u00f3n semejante a la<strong> vida libre de pobre en la sociedad<\/strong>. En el 2001 muri\u00f3 su esposa, en un siniestro de tr\u00e1nsito cuando iba a verlo a la prisi\u00f3n.<\/p>\n<p>Apenas recuper\u00f3 la libertad, eligi\u00f3 Salta y el banco Galicia para asaltarlo.<\/p>\n<p>Junto a hijos y sobrinos alquilaron las armas en la villa del conurbano, con la idea de asustar, sin matar a nadie. Visitaron la entidad para estudiar el lugar, las cajas, la seguridad. Planificaron el asalto. Asumieron que, aunque no disparasen, ser\u00eda inevitable algo de violencia para lograr el control.<\/p>\n<p>&nbsp;<\/p>\n<p><strong>\u201cMe di cuenta\u201d<\/strong><\/p>\n<p>Salieron con el bot\u00edn, pero el auto en el que hu\u00edan se descompuso en Balderrama. Fueron apresados. \u201cPolvorita\u201d volvi\u00f3 a la c\u00e1rcel. El asumi\u00f3 toda la culpa.<\/p>\n<p>Luego de a\u00f1os, comenz\u00f3 a estudiar en el penal.<em> \u201cAh\u00ed me di cuenta de que hab\u00eda hecho todo mal\u201d,<\/em> cont\u00f3. Obtuvo catorce diplomas. Antes de dejar la prisi\u00f3n, con buena conducta, recibi\u00f3 medallas como <strong>mejor alumno y compa\u00f1ero<\/strong> en los talleres acad\u00e9micos.<\/p>\n<p><strong>El exboxeador y asaltante se hizo poeta<\/strong>. Public\u00f3 un libro y dicta talleres literarios para pobres. Tiene 69 a\u00f1os. Ahora, con la poes\u00eda, vuelve a <strong>levantarse de la lona<\/strong>.<\/p>\n<p><img loading=\"lazy\" decoding=\"async\" class=\"size-full wp-image-1011 alignleft\" src=\"https:\/\/www.nortesocial.com.ar\/wp-content\/uploads\/2025\/09\/Polvorita04.png\" alt=\"\" width=\"410\" height=\"365\" \/><\/p>\n<p><strong>REUNI\u00d3N CON S\u00c1ENZ<\/strong><\/p>\n<p>Los boxeadores retirados de Salta le solicitan una audiencia al gobernador de Salta, <strong>Gustavo S\u00e1enz<\/strong>. Es para pedirle que ponga en vigencia la <strong>Ley 7927<\/strong> (M\u00e9rito Deportivo), la cual est\u00e1 aprobada, pero permanece <strong>sin presupuesto<\/strong>.<\/p>\n<p>La firman figuras destacadas del boxeo salte\u00f1o: V\u00edctor Hugo Paz, Vaca Mala Maur\u00edn, Carlos \u201cEl Potro\u201d Abreg\u00fa, Miguel \u201cEl Puma\u201d Arroyo, Rub\u00e9n Osvaldo Condori, Ricardo Ra\u00fal N\u00fa\u00f1ez, Sergio \u201cRocky\u201d Medina. Alfredo \u201cPony\u201d Rivero, Aaron Soria, H\u00e9ctor Hugo Vilte, Ariel \u201c\u00d1ato\u201d Burgos, Jos\u00e9 Laime, Luis Parada, Sergio N\u00fa\u00f1ez, \u201cBum Bum\u201d Zerpa y \u201cPolvorita\u201d G\u00f3mez.<\/p>\n","protected":false},"excerpt":{"rendered":"<p>\u201cLa pobreza acaso podr\u00e1 hacer ladrones. Pero el amor hace poetas\u201d, escribi\u00f3 en la c\u00e1rcel el exboxeador salte\u00f1o Jos\u00e9 Antonio \u201cPolvorita\u201d G\u00f3mez. En 2001 asalt\u00f3 -en Salta- el banco Galicia. &nbsp; \u201cEl golpe dur\u00f3 tres minutos. Si el auto en el que iban no se les quedaba en Balderrama, no los encontr\u00e1bamos m\u00e1s\u201d, cont\u00f3 el [&hellip;]<\/p>\n","protected":false},"author":2,"featured_media":1007,"comment_status":"open","ping_status":"closed","sticky":false,"template":"","format":"standard","meta":{"footnotes":""},"categories":[6,14,2,47],"tags":[222,221,29,18,17,220,23],"class_list":["post-1006","post","type-post","status-publish","format-standard","has-post-thumbnail","hentry","category-cronicas-criminales","category-deportes","category-destacadas","category-salta","tag-asalto","tag-boxeo","tag-cronicas-criminales","tag-dario-illanes","tag-norte-social","tag-polvorita-gomez","tag-salta"],"_links":{"self":[{"href":"https:\/\/www.nortesocial.com.ar\/index.php?rest_route=\/wp\/v2\/posts\/1006","targetHints":{"allow":["GET"]}}],"collection":[{"href":"https:\/\/www.nortesocial.com.ar\/index.php?rest_route=\/wp\/v2\/posts"}],"about":[{"href":"https:\/\/www.nortesocial.com.ar\/index.php?rest_route=\/wp\/v2\/types\/post"}],"author":[{"embeddable":true,"href":"https:\/\/www.nortesocial.com.ar\/index.php?rest_route=\/wp\/v2\/users\/2"}],"replies":[{"embeddable":true,"href":"https:\/\/www.nortesocial.com.ar\/index.php?rest_route=%2Fwp%2Fv2%2Fcomments&post=1006"}],"version-history":[{"count":5,"href":"https:\/\/www.nortesocial.com.ar\/index.php?rest_route=\/wp\/v2\/posts\/1006\/revisions"}],"predecessor-version":[{"id":1055,"href":"https:\/\/www.nortesocial.com.ar\/index.php?rest_route=\/wp\/v2\/posts\/1006\/revisions\/1055"}],"wp:featuredmedia":[{"embeddable":true,"href":"https:\/\/www.nortesocial.com.ar\/index.php?rest_route=\/wp\/v2\/media\/1007"}],"wp:attachment":[{"href":"https:\/\/www.nortesocial.com.ar\/index.php?rest_route=%2Fwp%2Fv2%2Fmedia&parent=1006"}],"wp:term":[{"taxonomy":"category","embeddable":true,"href":"https:\/\/www.nortesocial.com.ar\/index.php?rest_route=%2Fwp%2Fv2%2Fcategories&post=1006"},{"taxonomy":"post_tag","embeddable":true,"href":"https:\/\/www.nortesocial.com.ar\/index.php?rest_route=%2Fwp%2Fv2%2Ftags&post=1006"}],"curies":[{"name":"wp","href":"https:\/\/api.w.org\/{rel}","templated":true}]}}