{"id":1017,"date":"2025-09-22T19:43:52","date_gmt":"2025-09-22T22:43:52","guid":{"rendered":"https:\/\/www.nortesocial.com.ar\/?p=1017"},"modified":"2025-09-27T13:49:35","modified_gmt":"2025-09-27T16:49:35","slug":"salta-panama-en-avion","status":"publish","type":"post","link":"https:\/\/www.nortesocial.com.ar\/?p=1017","title":{"rendered":"SALTA\/PANAM\u00c1 EN AVI\u00d3N"},"content":{"rendered":"<h3><strong><em>La provincia de Salta contin\u00faa consolid\u00e1ndose como nudo a\u00e9reo m\u00e1s importante del norte argentino, fortaleciendo su conectividad internacional y potenciando el turismo receptivo y las oportunidades comerciales de la regi\u00f3n.<\/em><\/strong><\/h3>\n<p>&nbsp;<\/p>\n<p>A partir del 23 de septiembre, <strong>Copa Airlines inaugurar\u00e1 la ruta Salta\u2013Panam\u00e1<\/strong>, con tres frecuencias semanales que operar\u00e1n los d\u00edas martes, jueves y domingos desde el Aeropuerto Internacional de Tocumen (Ciudad de Panam\u00e1), arribando al Aeropuerto Internacional Mart\u00edn Miguel de G\u00fcemes a las 00:24 (hora local). Los regresos ser\u00e1n los d\u00edas lunes, mi\u00e9rcoles y viernes a las 02:01, con arrib\u00f3 a Panam\u00e1 a las 05:30 (hora local).<\/p>\n<p>La aerol\u00ednea operar\u00e1 esta conexi\u00f3n en aeronaves <strong>Boeing 737-800<\/strong>, con capacidad para 16 pasajeros en clase ejecutiva y 150 en cabina principal. Los pasajes ya se encuentran disponibles en <a href=\"http:\/\/www.copaair.com\">www.copaair.com<\/a>.<\/p>\n<p>Con esta nueva frecuencia, Salta suma otro vuelo internacional directo, a los ya existentes: Lima (Latam), Asunci\u00f3n (Paranair), Florian\u00f3polis (Aerol\u00edneas Argentinas, desde el 2 de enero de 2026) y ahora Panam\u00e1 (Copa Airlines).<\/p>\n<p><strong>32 pa\u00edses<\/strong><\/p>\n<p>El vuelo Salta\u2013Panam\u00e1 se constituye como un centro estrat\u00e9gico de conexiones internacionales, ya que permite viajar desde Salta a 85 ciudades en 32 pa\u00edses, incluyendo 16 destinos en Estados Unidos, sin necesidad de pasar por Buenos Aires. Esto ampl\u00eda las posibilidades de ingreso de visitantes internacionales y facilita la exportaci\u00f3n de productos salte\u00f1os hacia mercados de todo el mundo.<\/p>\n<p>En el plano dom\u00e9stico, Salta reafirma su rol como referente de conectividad en el norte argentino, con vuelos a seis destinos nacionales (Buenos Aires, C\u00f3rdoba, Iguaz\u00fa, Mendoza, Neuqu\u00e9n y Rosario), que representan un total de 117 frecuencias semanales.<\/p>\n<p><img loading=\"lazy\" decoding=\"async\" class=\"alignright  wp-image-1019\" src=\"https:\/\/www.nortesocial.com.ar\/wp-content\/uploads\/2025\/09\/Panama-Main-1.jpg\" alt=\"\" width=\"548\" height=\"274\" srcset=\"https:\/\/www.nortesocial.com.ar\/wp-content\/uploads\/2025\/09\/Panama-Main-1.jpg 1280w, https:\/\/www.nortesocial.com.ar\/wp-content\/uploads\/2025\/09\/Panama-Main-1-768x384.jpg 768w, https:\/\/www.nortesocial.com.ar\/wp-content\/uploads\/2025\/09\/Panama-Main-1-696x348.jpg 696w, https:\/\/www.nortesocial.com.ar\/wp-content\/uploads\/2025\/09\/Panama-Main-1-1068x534.jpg 1068w, https:\/\/www.nortesocial.com.ar\/wp-content\/uploads\/2025\/09\/Panama-Main-1-840x420.jpg 840w\" sizes=\"auto, (max-width: 548px) 100vw, 548px\" \/>La ministra de Turismo y Deportes de Salta, Manuela Arancibia, destac\u00f3 la importancia estrat\u00e9gica de este avance <em>\u201cLa llegada de Copa Airlines a Salta marca un antes y un despu\u00e9s en nuestra conectividad. Este vuelo no solo abre las puertas a m\u00e1s turistas internacionales, sino que tambi\u00e9n nos permite potenciar nuestras econom\u00edas regionales, acercando nuestros productos y servicios a nuevos mercados. Salta sigue creciendo y demostrando que es un destino de clase mundial\u201d,<\/em> expres\u00f3 la funcionaria.<\/p>\n<p>De esta manera, la Provincia da un nuevo paso en su estrategia de integraci\u00f3n a\u00e9rea, vinculando al Norte Argentino con m\u00e1s de 80 destinos en Norte, Centro y Sudam\u00e9rica, el Caribe y Europa.<\/p>\n<p><a href=\"https:\/\/www.salta.gob.ar\/prensa\/noticias\/salta-recupera-su-conexion-aerea-directa-con-panama-y-refuerza-su-proyeccion-internacional-103933\">https:\/\/www.salta.gob.ar\/prensa\/noticias\/salta-recupera-su-conexion-aerea-directa-con-panama-y-refuerza-su-proyeccion-internacional-103933<\/a><\/p>\n","protected":false},"excerpt":{"rendered":"<p>La provincia de Salta contin\u00faa consolid\u00e1ndose como nudo a\u00e9reo m\u00e1s importante del norte argentino, fortaleciendo su conectividad internacional y potenciando el turismo receptivo y las oportunidades comerciales de la regi\u00f3n. &nbsp; A partir del 23 de septiembre, Copa Airlines inaugurar\u00e1 la ruta Salta\u2013Panam\u00e1, con tres frecuencias semanales que operar\u00e1n los d\u00edas martes, jueves y domingos [&hellip;]<\/p>\n","protected":false},"author":2,"featured_media":1018,"comment_status":"open","ping_status":"closed","sticky":false,"template":"","format":"standard","meta":{"footnotes":""},"categories":[2,10,47,12],"tags":[104,17,223,60,224],"class_list":["post-1017","post","type-post","status-publish","format-standard","has-post-thumbnail","hentry","category-destacadas","category-sabores-y-lugares","category-salta","category-sociedad-politica-economia","tag-gobierno-de-salta","tag-norte-social","tag-panama","tag-turismo","tag-vuelos"],"_links":{"self":[{"href":"https:\/\/www.nortesocial.com.ar\/index.php?rest_route=\/wp\/v2\/posts\/1017","targetHints":{"allow":["GET"]}}],"collection":[{"href":"https:\/\/www.nortesocial.com.ar\/index.php?rest_route=\/wp\/v2\/posts"}],"about":[{"href":"https:\/\/www.nortesocial.com.ar\/index.php?rest_route=\/wp\/v2\/types\/post"}],"author":[{"embeddable":true,"href":"https:\/\/www.nortesocial.com.ar\/index.php?rest_route=\/wp\/v2\/users\/2"}],"replies":[{"embeddable":true,"href":"https:\/\/www.nortesocial.com.ar\/index.php?rest_route=%2Fwp%2Fv2%2Fcomments&post=1017"}],"version-history":[{"count":1,"href":"https:\/\/www.nortesocial.com.ar\/index.php?rest_route=\/wp\/v2\/posts\/1017\/revisions"}],"predecessor-version":[{"id":1020,"href":"https:\/\/www.nortesocial.com.ar\/index.php?rest_route=\/wp\/v2\/posts\/1017\/revisions\/1020"}],"wp:featuredmedia":[{"embeddable":true,"href":"https:\/\/www.nortesocial.com.ar\/index.php?rest_route=\/wp\/v2\/media\/1018"}],"wp:attachment":[{"href":"https:\/\/www.nortesocial.com.ar\/index.php?rest_route=%2Fwp%2Fv2%2Fmedia&parent=1017"}],"wp:term":[{"taxonomy":"category","embeddable":true,"href":"https:\/\/www.nortesocial.com.ar\/index.php?rest_route=%2Fwp%2Fv2%2Fcategories&post=1017"},{"taxonomy":"post_tag","embeddable":true,"href":"https:\/\/www.nortesocial.com.ar\/index.php?rest_route=%2Fwp%2Fv2%2Ftags&post=1017"}],"curies":[{"name":"wp","href":"https:\/\/api.w.org\/{rel}","templated":true}]}}