{"id":1021,"date":"2025-09-28T09:42:01","date_gmt":"2025-09-28T12:42:01","guid":{"rendered":"https:\/\/www.nortesocial.com.ar\/?p=1021"},"modified":"2025-09-28T11:32:23","modified_gmt":"2025-09-28T14:32:23","slug":"la-mama-de-jimena-salas-pidio-la-libertad-de-los-acusados","status":"publish","type":"post","link":"https:\/\/www.nortesocial.com.ar\/?p=1021","title":{"rendered":"LA MAM\u00c1 DE JIMENA SALAS PIDI\u00d3 LA LIBERTAD DE LOS ACUSADOS"},"content":{"rendered":"<h3><em><strong>Sin conocerse, la madre de Jimena Salas y la de los hermanos enjuiciados coincidieron ante el tribunal: Javier, Adri\u00e1n y Carlos no la mataron.<\/strong><\/em><\/h3>\n<p><strong>\u00a0<\/strong><\/p>\n<p><em>\u201cEl \u00fanico problema es que vamos a seguir sin saber qui\u00e9n mat\u00f3 a Jimena. Siempre volvemos al principio\u201d,<\/em> sostuvo Cristina Garc\u00eda, madre de Jimena Salas.<\/p>\n<figure id=\"attachment_1023\" aria-describedby=\"caption-attachment-1023\" style=\"width: 419px\" class=\"wp-caption alignleft\"><img loading=\"lazy\" decoding=\"async\" class=\" wp-image-1023\" src=\"https:\/\/www.nortesocial.com.ar\/wp-content\/uploads\/2025\/09\/jime2.png\" alt=\"\" width=\"419\" height=\"713\" srcset=\"https:\/\/www.nortesocial.com.ar\/wp-content\/uploads\/2025\/09\/jime2.png 560w, https:\/\/www.nortesocial.com.ar\/wp-content\/uploads\/2025\/09\/jime2-247x420.png 247w\" sizes=\"auto, (max-width: 419px) 100vw, 419px\" \/><figcaption id=\"caption-attachment-1023\" class=\"wp-caption-text\">MAM\u00c1. CRISTINA GARCIA<\/figcaption><\/figure>\n<p>Quien dio a luz a la masacrada en Vaqueros enfatiz\u00f3 su descreimiento en el enredado, moroso y penoso proceso judicial. Rechazando de plano que a su hija la masacraron en un frustrado intento de robo. Esta es la actual hip\u00f3tesis fiscal.<\/p>\n<p>Por su parte, el mismo jueves 25 de septiembre, Ana Mar\u00eda Sim\u00f3n, mam\u00e1 de los hermanos Adri\u00e1n Guillermo y Carlos Dami\u00e1n Saavedra, asegur\u00f3 ante el tribunal: <em>&#8220;Mis hijos no son culpables y no tienen nada que ocultar&#8221;.<\/em> Ambos est\u00e1n acusados del femicidio, con alevos\u00eda y ensa\u00f1amiento, en ocasi\u00f3n de robo. Ellos y el hermano muerto fueron detenidos el 21 de septiembre de 2022. Javier muri\u00f3 el lunes 15 de este mes, horas antes del comienzo del segundo juicio.<\/p>\n<p>La madre de los acusados cont\u00f3 que, siendo adolescentes, Adri\u00e1n y Carlos eran rebeldes y se met\u00edan en problemas con la Polic\u00eda. Pero remarc\u00f3 que hab\u00edan cambiado.<\/p>\n<p>En tanto diferenci\u00f3 la conducta de Javier. Relat\u00f3 que \u00e9l era muy sensible y solidario, y en enero de 2017 participaba en un proyecto comunitario en Villa Floresta, ense\u00f1ando m\u00fasica. Asimismo, neg\u00f3 que haya huido a Santa Victoria Este, sino que fue convocado como voluntario para colaborar con los padres franciscanos a favor de las comunidades originarias.<\/p>\n<figure id=\"attachment_1024\" aria-describedby=\"caption-attachment-1024\" style=\"width: 438px\" class=\"wp-caption alignleft\"><img loading=\"lazy\" decoding=\"async\" class=\"size-full wp-image-1024\" src=\"https:\/\/www.nortesocial.com.ar\/wp-content\/uploads\/2025\/09\/jime4.png\" alt=\"\" width=\"438\" height=\"484\" srcset=\"https:\/\/www.nortesocial.com.ar\/wp-content\/uploads\/2025\/09\/jime4.png 438w, https:\/\/www.nortesocial.com.ar\/wp-content\/uploads\/2025\/09\/jime4-380x420.png 380w\" sizes=\"auto, (max-width: 438px) 100vw, 438px\" \/><figcaption id=\"caption-attachment-1024\" class=\"wp-caption-text\">JAVIER SAAVEDRA<\/figcaption><\/figure>\n<p><strong>Masacrada<\/strong><\/p>\n<p>Odio demencial, acci\u00f3n psic\u00f3pata, venganza narco son las principales razones para asesinar con sa\u00f1a y alevos\u00eda. Un ejemplo fue el brutal ataque a la adolescente Carolina Al\u00f3 (17). Su novio, Fabi\u00e1n Gerardo Tablado de 20 a\u00f1os, la mat\u00f3 de 113 pu\u00f1aladas en la casa de sus padres en Tigre, en 1996. \u00c9l era nazi.<\/p>\n<p>Los macabros femicidios de las tres pibas en Florencio Varela demuestran los asesinatos por drogas.<\/p>\n<p>Jimena, el <strong>mediod\u00eda del 27 de enero de 2017,<\/strong> preparaba el almuerzo para sus nenas y esposo. Con dos cuchillos, recibi\u00f3 los siguientes puntazos y cortes: dos en la cara; ocho en cuello; uno en hombro; dos en nuca; cuatro en el pecho; diecis\u00e9is en la espalda; diez en el abdomen; once en las piernas. Descomunal ataque contra una mujer peque\u00f1a e indefensa.<\/p>\n<p>Parad\u00f3jicamente, los atacantes tuvieron la \u201cdelicadeza\u201d de encerrar a las mellizas de tres a\u00f1os en el ba\u00f1o. Y si la intenci\u00f3n era robar, resulta inexplicable que dejasen sobre la cama las joyas. Nada se llevaron. Seg\u00fan el viudo.<\/p>\n<p><img loading=\"lazy\" decoding=\"async\" class=\"size-full wp-image-1025 alignleft\" src=\"https:\/\/www.nortesocial.com.ar\/wp-content\/uploads\/2025\/09\/jime3.png\" alt=\"\" width=\"241\" height=\"266\" \/><\/p>\n<p><strong>Tres investigaciones<\/strong><\/p>\n<p>Al comienzo, durante la procuraci\u00f3n de Pablo L\u00f3pez Vi\u00f1als, los fiscales Pablo Paz y Rodrigo Gonz\u00e1lez Miralpeix sostuvieron la hip\u00f3tesis de <strong>homicidio tras robo frustrado<\/strong>. El asalto se habr\u00eda concretado mediante el ardid de pedirle a Jimena <strong>ayuda para un extraviado caniche toy.<\/strong><\/p>\n<p>Durante la gesti\u00f3n en el Ministerio Fiscal de Abel Cornejo, la investigaci\u00f3n cambio a <strong>crimen por encargo<\/strong>. Fueron acusados Nicol\u00e1s Federico Cajal Gauffin, viudo de la v\u00edctima, y Sergio Vargas, un vendedor ambulante. Ambos llegaron a juicio, pero fueron beneficiados por el principio &#8220;in dubio pro reo&#8221; (las dudas favorecen al acusado)<\/p>\n<p>Al asumir el procurador Pedro Garc\u00eda Castiella, se retom\u00f3 la hip\u00f3tesis del robo. Denuncias an\u00f3nimas se\u00f1alaron a los tres hermanos. Y una pericia gen\u00e9tica apunt\u00f3 a Javier, el \u201cChino\u201d<\/p>\n<p>La defensa de los acusados, a cargo de Marcelo Arancibia, asegura contar con pruebas de que los Saavedra estaban lejos de Vaqueros el mediod\u00eda del 27 de enero de 2017. Y subraya su rechazado pedido de nuevas pericias de ADN.<\/p>\n<p>Para los fiscales penales M\u00f3nica Poma, Leandro Flores y Gabriel Gonz\u00e1lez, los hermanos mataron a Salas para robarle. Aunque no robaron. Con la fiscal\u00eda coincide el viudo y su abogado. Los jueces Jos\u00e9 Luis Riera, M\u00f3nica Faber y Maximiliano Troyano, quienes juzgan, no investigan, deben resolver entre la acusaci\u00f3n y la defensa. <strong>Tras m\u00e1s de ocho a\u00f1os de la masacre, sobran las dudas. <\/strong><\/p>\n<p>La justicia en deuda con la sociedad. Y con la mam\u00e1 de Jimena. Quien, desde su maternal coraz\u00f3n dijo: <em>\u201cdejen libres a los hermanos Saavedra. No son culpables\u201d<\/em><\/p>\n<p>&nbsp;<\/p>\n<p><strong>VENGANZA<\/strong><\/p>\n<p><em>\u201cYo creo que el m\u00f3vil del crimen fue algo pasional, de venganza\u201d<\/em><\/p>\n<p style=\"text-align: right;\"><strong>Madre de Jimena Salas<\/strong><\/p>\n<p><img loading=\"lazy\" decoding=\"async\" class=\"alignright size-full wp-image-965\" src=\"https:\/\/www.nortesocial.com.ar\/wp-content\/uploads\/2025\/09\/Saavedra02.jpg\" alt=\"\" width=\"720\" height=\"630\" srcset=\"https:\/\/www.nortesocial.com.ar\/wp-content\/uploads\/2025\/09\/Saavedra02.jpg 720w, https:\/\/www.nortesocial.com.ar\/wp-content\/uploads\/2025\/09\/Saavedra02-696x609.jpg 696w, https:\/\/www.nortesocial.com.ar\/wp-content\/uploads\/2025\/09\/Saavedra02-480x420.jpg 480w\" sizes=\"auto, (max-width: 720px) 100vw, 720px\" \/><\/p>\n<p><strong>MORIR POR ELLOS<\/strong><\/p>\n<p>Supuestamente, el fundamento de la acusaci\u00f3n fiscal era la prueba gen\u00e9tica contra Javier Saavedra. Desde esta, se derivar\u00edan las participaciones de Dami\u00e1n y Guillermo. Con la muerte de el \u201cChino\u201d se extingui\u00f3 la acci\u00f3n penal en su contra. Y naufragar\u00edan las evidencias hacia los hermanos. De acuerdo a una fuente, Javier dejo un escrito asegurando su inocencia. Diciendo que, muriendo, los salva a ellos.<\/p>\n","protected":false},"excerpt":{"rendered":"<p>Sin conocerse, la madre de Jimena Salas y la de los hermanos enjuiciados coincidieron ante el tribunal: Javier, Adri\u00e1n y Carlos no la mataron. \u00a0 \u201cEl \u00fanico problema es que vamos a seguir sin saber qui\u00e9n mat\u00f3 a Jimena. Siempre volvemos al principio\u201d, sostuvo Cristina Garc\u00eda, madre de Jimena Salas. Quien dio a luz a [&hellip;]<\/p>\n","protected":false},"author":2,"featured_media":1022,"comment_status":"open","ping_status":"closed","sticky":false,"template":"","format":"standard","meta":{"footnotes":""},"categories":[6,2,47],"tags":[29,18,212,211,17,23],"class_list":["post-1021","post","type-post","status-publish","format-standard","has-post-thumbnail","hentry","category-cronicas-criminales","category-destacadas","category-salta","tag-cronicas-criminales","tag-dario-illanes","tag-javier-saavedra","tag-jimena-salas","tag-norte-social","tag-salta"],"_links":{"self":[{"href":"https:\/\/www.nortesocial.com.ar\/index.php?rest_route=\/wp\/v2\/posts\/1021","targetHints":{"allow":["GET"]}}],"collection":[{"href":"https:\/\/www.nortesocial.com.ar\/index.php?rest_route=\/wp\/v2\/posts"}],"about":[{"href":"https:\/\/www.nortesocial.com.ar\/index.php?rest_route=\/wp\/v2\/types\/post"}],"author":[{"embeddable":true,"href":"https:\/\/www.nortesocial.com.ar\/index.php?rest_route=\/wp\/v2\/users\/2"}],"replies":[{"embeddable":true,"href":"https:\/\/www.nortesocial.com.ar\/index.php?rest_route=%2Fwp%2Fv2%2Fcomments&post=1021"}],"version-history":[{"count":8,"href":"https:\/\/www.nortesocial.com.ar\/index.php?rest_route=\/wp\/v2\/posts\/1021\/revisions"}],"predecessor-version":[{"id":1033,"href":"https:\/\/www.nortesocial.com.ar\/index.php?rest_route=\/wp\/v2\/posts\/1021\/revisions\/1033"}],"wp:featuredmedia":[{"embeddable":true,"href":"https:\/\/www.nortesocial.com.ar\/index.php?rest_route=\/wp\/v2\/media\/1022"}],"wp:attachment":[{"href":"https:\/\/www.nortesocial.com.ar\/index.php?rest_route=%2Fwp%2Fv2%2Fmedia&parent=1021"}],"wp:term":[{"taxonomy":"category","embeddable":true,"href":"https:\/\/www.nortesocial.com.ar\/index.php?rest_route=%2Fwp%2Fv2%2Fcategories&post=1021"},{"taxonomy":"post_tag","embeddable":true,"href":"https:\/\/www.nortesocial.com.ar\/index.php?rest_route=%2Fwp%2Fv2%2Ftags&post=1021"}],"curies":[{"name":"wp","href":"https:\/\/api.w.org\/{rel}","templated":true}]}}