{"id":1034,"date":"2025-09-28T18:24:39","date_gmt":"2025-09-28T21:24:39","guid":{"rendered":"https:\/\/www.nortesocial.com.ar\/?p=1034"},"modified":"2025-10-05T23:01:58","modified_gmt":"2025-10-06T02:01:58","slug":"el-festival-de-cosquin-en-peligro","status":"publish","type":"post","link":"https:\/\/www.nortesocial.com.ar\/?p=1034","title":{"rendered":"EL FESTIVAL DE COSQU\u00cdN EN PELIGRO"},"content":{"rendered":"<h3><strong><em>La justicia dict\u00f3 que la municipalidad de la ciudad cordobesa -coorganizadora del evento folkl\u00f3rico nacional \u2013 debe pagar 10 mil millones de pesos por deudas. <\/em><\/strong><\/h3>\n<p>&nbsp;<\/p>\n<p>Tras la sentencia, el actual intendente <strong>Ra\u00fal Cardinali<\/strong> adelant\u00f3 que se afectar\u00edan la prestaci\u00f3n de <strong>servicios b\u00e1sicos para la ciudad y los vecinos<\/strong>. Intentando mantener como sea la organizaci\u00f3n del 66 \u00b0 Festival Nacional de Cosqu\u00edn, en enero de 2026.<\/p>\n<p>Desde 1961, las \u201cNueve Lunas\u201d \u2013 adem\u00e1s del \u00e9xito popular &#8211; se convirtieron en una <strong>mina de oro<\/strong>. Desde el conductor Julio Mah\u00e1rbiz al cantante Ram\u00f3n \u201cPalito\u201d Ortega, junto a otros poderosos empresarios y la Comisi\u00f3n Municipal de Folklore apostaron sobre seguro. Millones frescos, en donde lo menos era la venta de entradas. Publicidad, derechos de transmisi\u00f3n, alquileres, impuestos constituyen las ganancias.<\/p>\n<p>Por supuesto, el jefe comunal les ech\u00f3 la culpa a sus antecesores. En este caso, al exintendente <strong>Alberto Bustos<\/strong>.<\/p>\n<figure id=\"attachment_1036\" aria-describedby=\"caption-attachment-1036\" style=\"width: 254px\" class=\"wp-caption alignleft\"><img loading=\"lazy\" decoding=\"async\" class=\"size-full wp-image-1036\" src=\"https:\/\/www.nortesocial.com.ar\/wp-content\/uploads\/2025\/09\/cosquin2.png\" alt=\"\" width=\"254\" height=\"368\" \/><figcaption id=\"caption-attachment-1036\" class=\"wp-caption-text\">RA\u00daL CARDINALI<\/figcaption><\/figure>\n<p><strong>Corrupci\u00f3n<\/strong><\/p>\n<p>La inevitable sentencia lleg\u00f3 tras m\u00e1s de 20 a\u00f1os de proceso. El acreedor es <strong>Ricardo Biasotti<\/strong>, expareja de la actriz Andrea del Boca. La deuda es por <strong>7 millones de d\u00f3lares<\/strong>.<\/p>\n<p>Seg\u00fan Ra\u00fal Cardinali, el caso comenz\u00f3 durante la gesti\u00f3n de Alberto Bustos. El acuerdo era que la financiera otorgaba pr\u00e9stamos a los empleados municipales. El municipio descontaba las cuotas directamente de los salarios, pero no transfiri\u00f3 el dinero a la entidad.<\/p>\n<p>Pasaron m\u00e1s de 20 a\u00f1os. La deuda creci\u00f3. Se judicializ\u00f3. Pasaron intendentes y se confiaron. <strong>La mayor\u00eda de los jefes comunales fueron denunciados por corrupci\u00f3n<\/strong>. Pese a los multimillonarios ingresos festivaleros, Cosqu\u00edn, fuera de enero, ofrece un pobre aspecto. Cualquiera advierte la diferencia entre la brillante e impecable <strong>Villa Carlos Paz<\/strong> y la \u201cCapital Nacional del Folklore\u201d<\/p>\n<p>&nbsp;<\/p>\n<p>&nbsp;<\/p>\n<p>&nbsp;<\/p>\n","protected":false},"excerpt":{"rendered":"<p>La justicia dict\u00f3 que la municipalidad de la ciudad cordobesa -coorganizadora del evento folkl\u00f3rico nacional \u2013 debe pagar 10 mil millones de pesos por deudas. &nbsp; Tras la sentencia, el actual intendente Ra\u00fal Cardinali adelant\u00f3 que se afectar\u00edan la prestaci\u00f3n de servicios b\u00e1sicos para la ciudad y los vecinos. Intentando mantener como sea la organizaci\u00f3n [&hellip;]<\/p>\n","protected":false},"author":2,"featured_media":1035,"comment_status":"open","ping_status":"closed","sticky":false,"template":"","format":"standard","meta":{"footnotes":""},"categories":[48,12],"tags":[106,39,225,17],"class_list":["post-1034","post","type-post","status-publish","format-standard","has-post-thumbnail","hentry","category-argentina","category-sociedad-politica-economia","tag-corrupcion","tag-cosquin","tag-festival-nacional-de-folklore","tag-norte-social"],"_links":{"self":[{"href":"https:\/\/www.nortesocial.com.ar\/index.php?rest_route=\/wp\/v2\/posts\/1034","targetHints":{"allow":["GET"]}}],"collection":[{"href":"https:\/\/www.nortesocial.com.ar\/index.php?rest_route=\/wp\/v2\/posts"}],"about":[{"href":"https:\/\/www.nortesocial.com.ar\/index.php?rest_route=\/wp\/v2\/types\/post"}],"author":[{"embeddable":true,"href":"https:\/\/www.nortesocial.com.ar\/index.php?rest_route=\/wp\/v2\/users\/2"}],"replies":[{"embeddable":true,"href":"https:\/\/www.nortesocial.com.ar\/index.php?rest_route=%2Fwp%2Fv2%2Fcomments&post=1034"}],"version-history":[{"count":1,"href":"https:\/\/www.nortesocial.com.ar\/index.php?rest_route=\/wp\/v2\/posts\/1034\/revisions"}],"predecessor-version":[{"id":1037,"href":"https:\/\/www.nortesocial.com.ar\/index.php?rest_route=\/wp\/v2\/posts\/1034\/revisions\/1037"}],"wp:featuredmedia":[{"embeddable":true,"href":"https:\/\/www.nortesocial.com.ar\/index.php?rest_route=\/wp\/v2\/media\/1035"}],"wp:attachment":[{"href":"https:\/\/www.nortesocial.com.ar\/index.php?rest_route=%2Fwp%2Fv2%2Fmedia&parent=1034"}],"wp:term":[{"taxonomy":"category","embeddable":true,"href":"https:\/\/www.nortesocial.com.ar\/index.php?rest_route=%2Fwp%2Fv2%2Fcategories&post=1034"},{"taxonomy":"post_tag","embeddable":true,"href":"https:\/\/www.nortesocial.com.ar\/index.php?rest_route=%2Fwp%2Fv2%2Ftags&post=1034"}],"curies":[{"name":"wp","href":"https:\/\/api.w.org\/{rel}","templated":true}]}}