{"id":1038,"date":"2025-09-30T20:02:24","date_gmt":"2025-09-30T23:02:24","guid":{"rendered":"https:\/\/www.nortesocial.com.ar\/?p=1038"},"modified":"2025-10-01T03:50:17","modified_gmt":"2025-10-01T06:50:17","slug":"una-pareja-adolescente-perdida-entre-las-montanas","status":"publish","type":"post","link":"https:\/\/www.nortesocial.com.ar\/?p=1038","title":{"rendered":"UNA PAREJA ADOLESCENTE PERDIDA ENTRE LAS MONTA\u00d1AS"},"content":{"rendered":"<h3><strong><em>Federico y su novia, ambos de 17 a\u00f1os, salieron el martes de la semana pasada desde La Caldera (Salta) rumbo a las alturas del Potrero de Castilla. La \u00faltima comunicaci\u00f3n fue la tarde del lunes 29.<\/em><\/strong><\/h3>\n<p>&nbsp;<\/p>\n<p><strong>\u00daLTIMO MOMENTO: A LAS 21.43 DEL MARTES 30 DE SEPTIEMBRE,\u00a0EL FISCAL PABLO PAZ INFORM\u00d3 EL HALLAZGO DE LOS ADOLESCENTES. SE ENCUENTRAN EN BUEN ESTADO DE SALUD.<\/strong><\/p>\n<p>Polic\u00edas a pie y caballo; Bomberos Voluntarios, baqueanos en mulas buscan denodadamente a los chicos salte\u00f1os. A medida que pasan las horas, aumentan las incertidumbres y preocupaciones.<\/p>\n<p>En absoluto exageradas. La belleza es conmovedora, como inh\u00f3spita y arisca. La Caldera se encuentra en el extremo norte del Valle de Lerma, a poco m\u00e1s de 25 kil\u00f3metros de la ciudad de Salta.<\/p>\n<p><img loading=\"lazy\" decoding=\"async\" class=\"alignright wp-image-1041\" src=\"https:\/\/www.nortesocial.com.ar\/wp-content\/uploads\/2025\/09\/La-Caldera04.png\" alt=\"\" width=\"497\" height=\"279\" srcset=\"https:\/\/www.nortesocial.com.ar\/wp-content\/uploads\/2025\/09\/La-Caldera04.png 850w, https:\/\/www.nortesocial.com.ar\/wp-content\/uploads\/2025\/09\/La-Caldera04-768x432.png 768w, https:\/\/www.nortesocial.com.ar\/wp-content\/uploads\/2025\/09\/La-Caldera04-696x391.png 696w, https:\/\/www.nortesocial.com.ar\/wp-content\/uploads\/2025\/09\/La-Caldera04-747x420.png 747w\" sizes=\"auto, (max-width: 497px) 100vw, 497px\" \/>El encantador pueblo est\u00e1 enmarcado al final de las yungas o selva de monta\u00f1a, con un microclima privilegiado. Pocos kil\u00f3metros hacia el oeste, las estribaciones monta\u00f1osas. Y el sector meridional de la Sierra del Cha\u00f1i.<\/p>\n<p>Rumbo noroeste, el Potrero de Castilla, en donde hubo un asentamiento preincaico. La altura es de cinco mil metros. De noche, las temperaturas son muy bajas.<\/p>\n<p><img loading=\"lazy\" decoding=\"async\" class=\" wp-image-1042 alignleft\" src=\"https:\/\/www.nortesocial.com.ar\/wp-content\/uploads\/2025\/09\/La-Caldera03.jpg\" alt=\"\" width=\"455\" height=\"303\" srcset=\"https:\/\/www.nortesocial.com.ar\/wp-content\/uploads\/2025\/09\/La-Caldera03.jpg 700w, https:\/\/www.nortesocial.com.ar\/wp-content\/uploads\/2025\/09\/La-Caldera03-696x464.jpg 696w, https:\/\/www.nortesocial.com.ar\/wp-content\/uploads\/2025\/09\/La-Caldera03-630x420.jpg 630w\" sizes=\"auto, (max-width: 455px) 100vw, 455px\" \/><\/p>\n<p><strong>Laberinto<\/strong><\/p>\n<p>De acuerdo a los familiares de los chicos, el lunes pasado, alrededor de las 17, contaron que emprend\u00edan el regreso. Dijeron que un r\u00edo crecido les obstaculizaba la vuelta. Fue la \u00faltima comunicaci\u00f3n.<\/p>\n<p>La zona es agreste. Quebradas, multitud de sendas de animales, cursos de agua, p\u00e9rdida de la orientaci\u00f3n, incluso a conocedores, complican la traves\u00eda.<\/p>\n<p>Aparentemente, se perdi\u00f3 la se\u00f1al del celular. De tal modo se desconoce, con datos precisos, el lugar de la desaparici\u00f3n.<\/p>\n<p>Los rescatistas dejaron entrever que adem\u00e1s del dif\u00edcil acceso, se suma que la zona es <em>\u201cun inmenso laberinto\u201d<\/em><\/p>\n<p>&nbsp;<\/p>\n<p>&nbsp;<\/p>\n<p>&nbsp;<\/p>\n","protected":false},"excerpt":{"rendered":"<p>Federico y su novia, ambos de 17 a\u00f1os, salieron el martes de la semana pasada desde La Caldera (Salta) rumbo a las alturas del Potrero de Castilla. La \u00faltima comunicaci\u00f3n fue la tarde del lunes 29. &nbsp; \u00daLTIMO MOMENTO: A LAS 21.43 DEL MARTES 30 DE SEPTIEMBRE,\u00a0EL FISCAL PABLO PAZ INFORM\u00d3 EL HALLAZGO DE LOS [&hellip;]<\/p>\n","protected":false},"author":2,"featured_media":1039,"comment_status":"open","ping_status":"closed","sticky":false,"template":"","format":"standard","meta":{"footnotes":""},"categories":[47,12],"tags":[227,226,185,228,23],"class_list":["post-1038","post","type-post","status-publish","format-standard","has-post-thumbnail","hentry","category-salta","category-sociedad-politica-economia","tag-adolescentes","tag-desaparecidos","tag-la-caldera","tag-montana","tag-salta"],"_links":{"self":[{"href":"https:\/\/www.nortesocial.com.ar\/index.php?rest_route=\/wp\/v2\/posts\/1038","targetHints":{"allow":["GET"]}}],"collection":[{"href":"https:\/\/www.nortesocial.com.ar\/index.php?rest_route=\/wp\/v2\/posts"}],"about":[{"href":"https:\/\/www.nortesocial.com.ar\/index.php?rest_route=\/wp\/v2\/types\/post"}],"author":[{"embeddable":true,"href":"https:\/\/www.nortesocial.com.ar\/index.php?rest_route=\/wp\/v2\/users\/2"}],"replies":[{"embeddable":true,"href":"https:\/\/www.nortesocial.com.ar\/index.php?rest_route=%2Fwp%2Fv2%2Fcomments&post=1038"}],"version-history":[{"count":5,"href":"https:\/\/www.nortesocial.com.ar\/index.php?rest_route=\/wp\/v2\/posts\/1038\/revisions"}],"predecessor-version":[{"id":1046,"href":"https:\/\/www.nortesocial.com.ar\/index.php?rest_route=\/wp\/v2\/posts\/1038\/revisions\/1046"}],"wp:featuredmedia":[{"embeddable":true,"href":"https:\/\/www.nortesocial.com.ar\/index.php?rest_route=\/wp\/v2\/media\/1039"}],"wp:attachment":[{"href":"https:\/\/www.nortesocial.com.ar\/index.php?rest_route=%2Fwp%2Fv2%2Fmedia&parent=1038"}],"wp:term":[{"taxonomy":"category","embeddable":true,"href":"https:\/\/www.nortesocial.com.ar\/index.php?rest_route=%2Fwp%2Fv2%2Fcategories&post=1038"},{"taxonomy":"post_tag","embeddable":true,"href":"https:\/\/www.nortesocial.com.ar\/index.php?rest_route=%2Fwp%2Fv2%2Ftags&post=1038"}],"curies":[{"name":"wp","href":"https:\/\/api.w.org\/{rel}","templated":true}]}}