{"id":1047,"date":"2025-10-01T00:14:41","date_gmt":"2025-10-01T03:14:41","guid":{"rendered":"https:\/\/www.nortesocial.com.ar\/?p=1047"},"modified":"2025-10-05T23:02:18","modified_gmt":"2025-10-06T02:02:18","slug":"no-alcanza-para-llenar-la-olla","status":"publish","type":"post","link":"https:\/\/www.nortesocial.com.ar\/?p=1047","title":{"rendered":"NO ALCANZA PARA LLENAR LA OLLA"},"content":{"rendered":"<h3><strong><em>En la calle se siente y lo refleja el mercado. El entusiasmo por la promesa de ayuda financiera del gobierno de Trump a Milei dur\u00f3 pocas horas. Dos de cada tres bonaerenses est\u00e1n en contra del acuerdo con EEUU.<\/em><\/strong><\/h3>\n<p><img loading=\"lazy\" decoding=\"async\" class=\" wp-image-1051 alignleft\" src=\"https:\/\/www.nortesocial.com.ar\/wp-content\/uploads\/2025\/10\/Trump01.png\" alt=\"\" width=\"516\" height=\"516\" srcset=\"https:\/\/www.nortesocial.com.ar\/wp-content\/uploads\/2025\/10\/Trump01.png 1920w, https:\/\/www.nortesocial.com.ar\/wp-content\/uploads\/2025\/10\/Trump01-768x768.png 768w, https:\/\/www.nortesocial.com.ar\/wp-content\/uploads\/2025\/10\/Trump01-1536x1536.png 1536w, https:\/\/www.nortesocial.com.ar\/wp-content\/uploads\/2025\/10\/Trump01-696x696.png 696w, https:\/\/www.nortesocial.com.ar\/wp-content\/uploads\/2025\/10\/Trump01-1068x1068.png 1068w, https:\/\/www.nortesocial.com.ar\/wp-content\/uploads\/2025\/10\/Trump01-420x420.png 420w\" sizes=\"auto, (max-width: 516px) 100vw, 516px\" \/><\/p>\n<p>El relato de <strong>La Libertad Avanza<\/strong> no alcanza para llenar la olla. El agresivo estilo del presidente ya no seduce.<\/p>\n<p>Javier Milei necesita sumar diputados y senadores en el Congreso, ganar las elecciones del 26 de octubre. Meses atr\u00e1s asegur\u00f3 con <em>\u201cponer el \u00faltimo clavo en el ata\u00fad del kirchnerismo\u201d.<\/em><\/p>\n<p>Ahora, los n\u00fameros reemplazaron las declaraciones. Como m\u00ednimo, el oficialismo requiere triunfar con 40 puntos en toda la Argentina. Para obtener la ayuda norteamericana; aprobar nuevos ajustes; y alejar la amenaza de juicio pol\u00edtico.<\/p>\n<p>La Casa Blanca anunci\u00f3 que el Tesoro de los EEUU rescatar\u00eda a Milei con 20 mil millones de d\u00f3lares. Pero Scott Bessent, el due\u00f1o de la plata dej\u00f3 entrever que la ayuda <strong>depende del resultado electoral<\/strong>.<\/p>\n<p>Aunque algunos consideran que se trata de geopol\u00edtica global, republicanos, dem\u00f3cratas y poderosos critican a Donald Trump por el respaldo a un gobierno que naufraga. Complicando las futuras relaciones con quienes ganar\u00edan.<\/p>\n<p><img loading=\"lazy\" decoding=\"async\" class=\"alignright wp-image-1052\" src=\"https:\/\/www.nortesocial.com.ar\/wp-content\/uploads\/2025\/10\/Pobreza02.jpg\" alt=\"\" width=\"376\" height=\"212\" srcset=\"https:\/\/www.nortesocial.com.ar\/wp-content\/uploads\/2025\/10\/Pobreza02.jpg 1920w, https:\/\/www.nortesocial.com.ar\/wp-content\/uploads\/2025\/10\/Pobreza02-768x432.jpg 768w, https:\/\/www.nortesocial.com.ar\/wp-content\/uploads\/2025\/10\/Pobreza02-1536x864.jpg 1536w, https:\/\/www.nortesocial.com.ar\/wp-content\/uploads\/2025\/10\/Pobreza02-696x392.jpg 696w, https:\/\/www.nortesocial.com.ar\/wp-content\/uploads\/2025\/10\/Pobreza02-1068x601.jpg 1068w, https:\/\/www.nortesocial.com.ar\/wp-content\/uploads\/2025\/10\/Pobreza02-747x420.jpg 747w\" sizes=\"auto, (max-width: 376px) 100vw, 376px\" \/><\/p>\n<p><strong>En contra<\/strong><\/p>\n<p>El jefe de la econom\u00eda de EEUU dijo que apoyaban a Javier Milei pues significaba terminar <em>\u201ccon m\u00e1s de cien a\u00f1os de aventuras populistas\u201d.<\/em> Se refiri\u00f3 a 1916, cuando el radical <strong>Hip\u00f3lito Yrigoyen<\/strong> asumi\u00f3 un gobierno popular. Luego lleg\u00f3 <strong>Juan Domingo Per\u00f3n<\/strong>. EE. UU meti\u00f3 todas fichas en contra.<\/p>\n<p>Desde entonces se dio un fen\u00f3meno parad\u00f3jico: admiraci\u00f3n a la sociedad y cultura norteamericanas y rechazo mayoritario a sus gobiernos.<\/p>\n<p>Luego del anuncio del rescate de Trump, <strong>dos de cada tres bonaerenses est\u00e1n en contra del acuerdo con EE.UU<\/strong>. Seg\u00fan el informe difundido por la consultora Federico Gonz\u00e1lez y Asociados, <strong>Fuerza Patria aventaja a La Libertad Avanza en 14 puntos de intenci\u00f3n de voto para las elecciones legislativas en la provincia de Buenos Aires<\/strong>. <a href=\"https:\/\/www.perfil.com\/noticias\/politica\/dos-de-cada-tres-bonaerenses-estan-en-contra-del-acuerdo-con-eeuu-y-una-amplia-mayoria-cree-que-lo-peor-todavia-no-paso.html\">https:\/\/www.perfil.com\/noticias\/politica\/dos-de-cada-tres-bonaerenses-estan-en-contra-del-acuerdo-con-eeuu-y-una-amplia-mayoria-cree-que-lo-peor-todavia-no-paso.html<\/a><\/p>\n<p>Entre las frases publicadas por la encuestadora se encuentran:<\/p>\n<p><em>&#8220;Cuando la limosna es grande, hasta el santo desconf\u00eda\u201d<\/em><\/p>\n<p><em>\u201cLos \u2018yanquis van a pedir m\u00e1s de lo que nos den&#8221;<\/em><\/p>\n<p><em>\u201cMilei se hace el duro con los d\u00e9biles, como jubilados o discapacitados, pero se arrodilla ante Estados Unidos\u201d.<\/em><\/p>\n<p><em> <img loading=\"lazy\" decoding=\"async\" class=\" wp-image-1053 alignleft\" src=\"https:\/\/www.nortesocial.com.ar\/wp-content\/uploads\/2025\/10\/fmi05.jpg\" alt=\"\" width=\"416\" height=\"277\" srcset=\"https:\/\/www.nortesocial.com.ar\/wp-content\/uploads\/2025\/10\/fmi05.jpg 1200w, https:\/\/www.nortesocial.com.ar\/wp-content\/uploads\/2025\/10\/fmi05-768x512.jpg 768w, https:\/\/www.nortesocial.com.ar\/wp-content\/uploads\/2025\/10\/fmi05-696x464.jpg 696w, https:\/\/www.nortesocial.com.ar\/wp-content\/uploads\/2025\/10\/fmi05-1068x712.jpg 1068w, https:\/\/www.nortesocial.com.ar\/wp-content\/uploads\/2025\/10\/fmi05-630x420.jpg 630w\" sizes=\"auto, (max-width: 416px) 100vw, 416px\" \/><\/em><\/p>\n<p><strong>\u201cNO LLEGO A FIN DE MES\u201d<\/strong><\/p>\n<p>La derrota en Buenos Aires puso en evidencia que perdi\u00f3 el apoyo de las clases medias bajas y bajas, que fueron clave en su inesperado triunfo en las presidenciales de 2023. La frase \u201cno llego a fin de mes\u201d acapara el debate p\u00fablico.<\/p>\n<p>&nbsp;<\/p>\n<p><strong>AHOGADO<\/strong><\/p>\n<p>En menos de cinco meses, el gobierno libertario requiere ayuda externa. En abril pasado, el Fondo Monetario Internacional le dio a Milei 20.000 millones de d\u00f3lares, que se sumaron a los 45.000 que ya le hab\u00eda entregado en 2018 al presidente Mauricio Macri. Ahora, Trump prometi\u00f3 otros US$ 20 mil millones.<\/p>\n<p><img loading=\"lazy\" decoding=\"async\" class=\" wp-image-1050 alignleft\" src=\"https:\/\/www.nortesocial.com.ar\/wp-content\/uploads\/2025\/10\/asado1.png\" alt=\"\" width=\"530\" height=\"353\" srcset=\"https:\/\/www.nortesocial.com.ar\/wp-content\/uploads\/2025\/10\/asado1.png 1280w, https:\/\/www.nortesocial.com.ar\/wp-content\/uploads\/2025\/10\/asado1-768x512.png 768w, https:\/\/www.nortesocial.com.ar\/wp-content\/uploads\/2025\/10\/asado1-696x464.png 696w, https:\/\/www.nortesocial.com.ar\/wp-content\/uploads\/2025\/10\/asado1-1068x712.png 1068w, https:\/\/www.nortesocial.com.ar\/wp-content\/uploads\/2025\/10\/asado1-630x420.png 630w\" sizes=\"auto, (max-width: 530px) 100vw, 530px\" \/><\/p>\n<p><strong>DE NO CREER<\/strong><\/p>\n<p>En Par\u00eds, el kilo de asado argentino cuesta 10 euros.<\/p>\n<p>En Salta, de la misma calidad, $ 20.000 (12.80 euros)<\/p>\n<p>En Par\u00eds, el sueldo promedio es de 4000 euros<\/p>\n<p>En Salta, el sueldo promedio es de 500 euros.<\/p>\n","protected":false},"excerpt":{"rendered":"<p>En la calle se siente y lo refleja el mercado. El entusiasmo por la promesa de ayuda financiera del gobierno de Trump a Milei dur\u00f3 pocas horas. Dos de cada tres bonaerenses est\u00e1n en contra del acuerdo con EEUU. El relato de La Libertad Avanza no alcanza para llenar la olla. El agresivo estilo del [&hellip;]<\/p>\n","protected":false},"author":2,"featured_media":1048,"comment_status":"open","ping_status":"closed","sticky":false,"template":"","format":"standard","meta":{"footnotes":""},"categories":[48,12],"tags":[230,18,99,231,43,17,158,229],"class_list":["post-1047","post","type-post","status-publish","format-standard","has-post-thumbnail","hentry","category-argentina","category-sociedad-politica-economia","tag-asado","tag-dario-illanes","tag-economia","tag-eeuu","tag-milei","tag-norte-social","tag-pobreza","tag-trump"],"_links":{"self":[{"href":"https:\/\/www.nortesocial.com.ar\/index.php?rest_route=\/wp\/v2\/posts\/1047","targetHints":{"allow":["GET"]}}],"collection":[{"href":"https:\/\/www.nortesocial.com.ar\/index.php?rest_route=\/wp\/v2\/posts"}],"about":[{"href":"https:\/\/www.nortesocial.com.ar\/index.php?rest_route=\/wp\/v2\/types\/post"}],"author":[{"embeddable":true,"href":"https:\/\/www.nortesocial.com.ar\/index.php?rest_route=\/wp\/v2\/users\/2"}],"replies":[{"embeddable":true,"href":"https:\/\/www.nortesocial.com.ar\/index.php?rest_route=%2Fwp%2Fv2%2Fcomments&post=1047"}],"version-history":[{"count":2,"href":"https:\/\/www.nortesocial.com.ar\/index.php?rest_route=\/wp\/v2\/posts\/1047\/revisions"}],"predecessor-version":[{"id":1054,"href":"https:\/\/www.nortesocial.com.ar\/index.php?rest_route=\/wp\/v2\/posts\/1047\/revisions\/1054"}],"wp:featuredmedia":[{"embeddable":true,"href":"https:\/\/www.nortesocial.com.ar\/index.php?rest_route=\/wp\/v2\/media\/1048"}],"wp:attachment":[{"href":"https:\/\/www.nortesocial.com.ar\/index.php?rest_route=%2Fwp%2Fv2%2Fmedia&parent=1047"}],"wp:term":[{"taxonomy":"category","embeddable":true,"href":"https:\/\/www.nortesocial.com.ar\/index.php?rest_route=%2Fwp%2Fv2%2Fcategories&post=1047"},{"taxonomy":"post_tag","embeddable":true,"href":"https:\/\/www.nortesocial.com.ar\/index.php?rest_route=%2Fwp%2Fv2%2Ftags&post=1047"}],"curies":[{"name":"wp","href":"https:\/\/api.w.org\/{rel}","templated":true}]}}