{"id":1057,"date":"2025-09-25T23:38:44","date_gmt":"2025-09-26T02:38:44","guid":{"rendered":"https:\/\/www.nortesocial.com.ar\/?p=1057"},"modified":"2025-10-02T23:43:47","modified_gmt":"2025-10-03T02:43:47","slug":"el-bordo-nueva-fuente-de-agua","status":"publish","type":"post","link":"https:\/\/www.nortesocial.com.ar\/?p=1057","title":{"rendered":"EL BORDO: NUEVA FUENTE DE AGUA"},"content":{"rendered":"<h3><strong>\u00a0<\/strong><strong><em>M\u00e1s de 2.500 vecinos de la localidad de El Bordo (Salta) se benefician con la habilitaci\u00f3n del nuevo pozo.<\/em><\/strong><\/h3>\n<p>&nbsp;<\/p>\n<p>La nueva fuente de abastecimiento alcanza a cinco barrios y permite independizar a la localidad de la planta de Campo Santo.\u00a0El presidente de Aguas del Norte, Ignacio Jars\u00fan, junto al gerente general de la empresa Juan Baz\u00e1n y el intendente de El Bordo, Sergio Copa, pusieron en marcha la nueva fuente de abastecimiento que llevar\u00e1 el servicio de agua potable a los barrios R\u00edo Grande, Juan Domingo Per\u00f3n, Milagro, San Expedito, Loteo Torres y parte de San Antonio.<\/p>\n<p>Este nuevo pozo se suma a los tres existentes y permitir\u00e1 optimizar e independizar el servicio del sistema proveniente de la planta de Campo Santo, a trav\u00e9s de la ampliaci\u00f3n de usuarios alcanzados y refuerzo de la prestaci\u00f3n del servicio en esta localidad.<\/p>\n<p><img loading=\"lazy\" decoding=\"async\" class=\"alignright  wp-image-1059\" src=\"https:\/\/www.nortesocial.com.ar\/wp-content\/uploads\/2025\/10\/aguas2.png\" alt=\"\" width=\"491\" height=\"351\" srcset=\"https:\/\/www.nortesocial.com.ar\/wp-content\/uploads\/2025\/10\/aguas2.png 828w, https:\/\/www.nortesocial.com.ar\/wp-content\/uploads\/2025\/10\/aguas2-768x550.png 768w, https:\/\/www.nortesocial.com.ar\/wp-content\/uploads\/2025\/10\/aguas2-696x498.png 696w, https:\/\/www.nortesocial.com.ar\/wp-content\/uploads\/2025\/10\/aguas2-586x420.png 586w, https:\/\/www.nortesocial.com.ar\/wp-content\/uploads\/2025\/10\/aguas2-100x70.png 100w\" sizes=\"auto, (max-width: 491px) 100vw, 491px\" \/><\/p>\n<p><strong>\u201cCompromiso cumplido\u201d<\/strong><\/p>\n<p>Jars\u00fan destac\u00f3 que <em>\u201ceste pozo refuerza el servicio para cientos de vecinos que ven\u00edan esperando esta obra y que es el resultado de las gestiones tanto del intendente como de los legisladores departamentales y que hoy es un compromiso cumplido\u201d. <\/em><\/p>\n<p>Por su parte, el intendente de la ciudad manifest\u00f3 su agradecimiento con el Gobierno provincial por responder al pedido del pueblo porque <em>\u201cen definitiva lo que buscamos es que la gente viva cada d\u00eda un poco mejor\u201d. <\/em><\/p>\n<p>Finalmente, el gerente general de Aguas del Norte, Juan Baz\u00e1n destac\u00f3 que \u201c<em>el agua y saneamiento hoy son pol\u00edtica de Estado gracias el gobernador Gustavo S\u00e1enz y hoy estamos transformando comunidades en El Bordo\u201d.<\/em><\/p>\n<p>&nbsp;<\/p>\n","protected":false},"excerpt":{"rendered":"<p>\u00a0M\u00e1s de 2.500 vecinos de la localidad de El Bordo (Salta) se benefician con la habilitaci\u00f3n del nuevo pozo. &nbsp; La nueva fuente de abastecimiento alcanza a cinco barrios y permite independizar a la localidad de la planta de Campo Santo.\u00a0El presidente de Aguas del Norte, Ignacio Jars\u00fan, junto al gerente general de la empresa [&hellip;]<\/p>\n","protected":false},"author":2,"featured_media":1058,"comment_status":"open","ping_status":"closed","sticky":false,"template":"","format":"standard","meta":{"footnotes":""},"categories":[47,12],"tags":[26,232,216,17,23],"class_list":["post-1057","post","type-post","status-publish","format-standard","has-post-thumbnail","hentry","category-salta","category-sociedad-politica-economia","tag-aguas-del-norte","tag-el-bordo","tag-nacho-jarsun","tag-norte-social","tag-salta"],"_links":{"self":[{"href":"https:\/\/www.nortesocial.com.ar\/index.php?rest_route=\/wp\/v2\/posts\/1057","targetHints":{"allow":["GET"]}}],"collection":[{"href":"https:\/\/www.nortesocial.com.ar\/index.php?rest_route=\/wp\/v2\/posts"}],"about":[{"href":"https:\/\/www.nortesocial.com.ar\/index.php?rest_route=\/wp\/v2\/types\/post"}],"author":[{"embeddable":true,"href":"https:\/\/www.nortesocial.com.ar\/index.php?rest_route=\/wp\/v2\/users\/2"}],"replies":[{"embeddable":true,"href":"https:\/\/www.nortesocial.com.ar\/index.php?rest_route=%2Fwp%2Fv2%2Fcomments&post=1057"}],"version-history":[{"count":1,"href":"https:\/\/www.nortesocial.com.ar\/index.php?rest_route=\/wp\/v2\/posts\/1057\/revisions"}],"predecessor-version":[{"id":1060,"href":"https:\/\/www.nortesocial.com.ar\/index.php?rest_route=\/wp\/v2\/posts\/1057\/revisions\/1060"}],"wp:featuredmedia":[{"embeddable":true,"href":"https:\/\/www.nortesocial.com.ar\/index.php?rest_route=\/wp\/v2\/media\/1058"}],"wp:attachment":[{"href":"https:\/\/www.nortesocial.com.ar\/index.php?rest_route=%2Fwp%2Fv2%2Fmedia&parent=1057"}],"wp:term":[{"taxonomy":"category","embeddable":true,"href":"https:\/\/www.nortesocial.com.ar\/index.php?rest_route=%2Fwp%2Fv2%2Fcategories&post=1057"},{"taxonomy":"post_tag","embeddable":true,"href":"https:\/\/www.nortesocial.com.ar\/index.php?rest_route=%2Fwp%2Fv2%2Ftags&post=1057"}],"curies":[{"name":"wp","href":"https:\/\/api.w.org\/{rel}","templated":true}]}}