{"id":1069,"date":"2025-10-05T22:47:29","date_gmt":"2025-10-06T01:47:29","guid":{"rendered":"https:\/\/www.nortesocial.com.ar\/?p=1069"},"modified":"2025-10-05T22:47:29","modified_gmt":"2025-10-06T01:47:29","slug":"del-acusado-narco-a-la-exconejita","status":"publish","type":"post","link":"https:\/\/www.nortesocial.com.ar\/?p=1069","title":{"rendered":"DEL ACUSADO NARCO A LA EXCONEJITA"},"content":{"rendered":"<h3><strong><em>Tras leer las encuestas que dan a la LLA perdiendo por 20 puntos, el presidente orden\u00f3 a Jos\u00e9 Luis Espert que baje su candidatura a diputado nacional.<\/em><\/strong><\/h3>\n<p><strong><em>\u00a0<\/em><\/strong><\/p>\n<p>El economista neoliberal y diputado libertario, <strong>Jos\u00e9 Luis Espert<\/strong>, renunci\u00f3 el domingo 5 de octubre a la candidatura. Debido a sus presuntos v\u00ednculos con el <strong>narcotr\u00e1fico entre la Argentina y Estados Unidos.<\/strong><\/p>\n<p>Espert comenz\u00f3 a ser cuestionado la semana pasada, cuando period\u00edsticamente se revelaron documentos de la justicia de Estados Unidos, los cuales informaron que el legislador elegido por Milei habr\u00eda recibido <strong>u$s200.000 de parte de Fred Machado<\/strong>, el empresario argentino acusado de liderar una red de narcotr\u00e1fico internacional, lavado de dinero y estafas millonarias.<\/p>\n<figure id=\"attachment_1072\" aria-describedby=\"caption-attachment-1072\" style=\"width: 481px\" class=\"wp-caption alignright\"><img loading=\"lazy\" decoding=\"async\" class=\" wp-image-1072\" src=\"https:\/\/www.nortesocial.com.ar\/wp-content\/uploads\/2025\/10\/Espert01.png\" alt=\"\" width=\"481\" height=\"346\" srcset=\"https:\/\/www.nortesocial.com.ar\/wp-content\/uploads\/2025\/10\/Espert01.png 645w, https:\/\/www.nortesocial.com.ar\/wp-content\/uploads\/2025\/10\/Espert01-584x420.png 584w\" sizes=\"auto, (max-width: 481px) 100vw, 481px\" \/><figcaption id=\"caption-attachment-1072\" class=\"wp-caption-text\">JET PRIVADO: JOS\u00c9 LUIS ESPERT Y FRED MACHADO<\/figcaption><\/figure>\n<p>Machado est\u00e1 detenido en Viedma desde 2021 con pedido de extradici\u00f3n de parte de EEUU. La Corte Suprema a\u00fan no decidi\u00f3.<\/p>\n<p>El asesor Santiago Caputo le llev\u00f3 a Javier Milei encuestas que revelan que los libertarios est\u00e1n 20 puntos abajo en la provincia de Buenos Aires. El presidente orden\u00f3 a Jos\u00e9 Luis Espert que baje su candidatura a diputado nacional. Ahora, <strong>cuando venza su mandato en diciembre se quedar\u00e1 sin fueros<\/strong> frente a las acusaciones de lavado de dinero proveniente del narco.<\/p>\n<p>&nbsp;<\/p>\n<p><strong>14 mil millones de pesos<\/strong><\/p>\n<p>La renuncia del desacreditado candidato resolvi\u00f3 s\u00f3lo <strong>uno de los tres problemas<\/strong> para el gobierno nacional.<\/p>\n<p>El otro es el reemplazo. Algunos interpretan que la candidatura corresponder\u00eda a <strong>Karen Reichardt<\/strong>. O al macrista <strong>Diego Santilli<\/strong>.<\/p>\n<p>El tercer foco de tormenta radica en la <strong>boleta electoral<\/strong>. Nadie quiere que salga la cara de Espert. Pero los papeles ya est\u00e1n impresos para la elecci\u00f3n nacional del <strong>26 de octubre<\/strong>.<\/p>\n<p>La justicia electoral advirti\u00f3 en principio que \u201cno hay tiempo\u201d. Como que costar\u00eda, en el mejor de los casos, 14 mil millones de pesos.<\/p>\n<p>Suponiendo la autorizaci\u00f3n judicial, el gobierno enfrentar\u00eda la complicada justificaci\u00f3n ante la sociedad de tremendo gasto, cuando <strong>ajusta a jubilados, discapacitados y las operaciones a ni\u00f1os.<\/strong><\/p>\n<p>&nbsp;<\/p>\n<p><strong>Ex Playboy<\/strong><\/p>\n<p>Karen Reichardt tuvo relativa fama durante los 90. \u00c9poca en la cual se explotaba a la mujer como objeto sexual, y sus im\u00e1genes divulgadas masivamente. Karen era una chica <em>\u201ccola less\u201d<img loading=\"lazy\" decoding=\"async\" class=\"wp-image-1073 alignright\" src=\"https:\/\/www.nortesocial.com.ar\/wp-content\/uploads\/2025\/10\/Karen-Reichardt03.png\" alt=\"\" width=\"482\" height=\"598\" srcset=\"https:\/\/www.nortesocial.com.ar\/wp-content\/uploads\/2025\/10\/Karen-Reichardt03.png 800w, https:\/\/www.nortesocial.com.ar\/wp-content\/uploads\/2025\/10\/Karen-Reichardt03-768x953.png 768w, https:\/\/www.nortesocial.com.ar\/wp-content\/uploads\/2025\/10\/Karen-Reichardt03-696x864.png 696w, https:\/\/www.nortesocial.com.ar\/wp-content\/uploads\/2025\/10\/Karen-Reichardt03-338x420.png 338w\" sizes=\"auto, (max-width: 482px) 100vw, 482px\" \/><\/em><\/p>\n<p>Su nombre real es Karina Celia V\u00e1zquez. Se la recuerda por mostrar su cuerpo en \u201cBrigada Cola\u201d. Y ser <strong>tapa de Playboy<\/strong> Argentina en 1992, junto a Mar\u00eda Fernanda Callej\u00f3n. Con provocadora seudo est\u00e9tica, com\u00fan por entonces, la producci\u00f3n mostraba los criollos, er\u00f3ticos ejemplos de \u201crubia y morocha\u201d<\/p>\n<p>Sus atractivas dotes corporales difieren de otros m\u00e9ritos. No se le conocen estudios o experiencias intelectuales. Carece de trayectoria pol\u00edtica, y es nula su actividad en gesti\u00f3n p\u00fablica.<\/p>\n<p>Lleg\u00f3 a la pol\u00edtica por apoyar p\u00fablicamente en redes sociales a Javier Milei.<\/p>\n<p><strong><img loading=\"lazy\" decoding=\"async\" class=\" wp-image-1074 alignleft\" src=\"https:\/\/www.nortesocial.com.ar\/wp-content\/uploads\/2025\/10\/Karen-Reichardt02.png\" alt=\"\" width=\"496\" height=\"489\" srcset=\"https:\/\/www.nortesocial.com.ar\/wp-content\/uploads\/2025\/10\/Karen-Reichardt02.png 800w, https:\/\/www.nortesocial.com.ar\/wp-content\/uploads\/2025\/10\/Karen-Reichardt02-768x757.png 768w, https:\/\/www.nortesocial.com.ar\/wp-content\/uploads\/2025\/10\/Karen-Reichardt02-696x686.png 696w, https:\/\/www.nortesocial.com.ar\/wp-content\/uploads\/2025\/10\/Karen-Reichardt02-426x420.png 426w\" sizes=\"auto, (max-width: 496px) 100vw, 496px\" \/><\/strong><\/p>\n<p><strong>RIESGOS<\/strong><\/p>\n<p>El sector m\u00e1s pol\u00edtico del gobierno rechaza que la \u201cconejita\u201d se convierta en diputada nacional.<\/p>\n<p>Conf\u00edan y operan para que Diego Santilli sea el candidato. Se trata de un dirigente del PRO, alineado con <strong>Mauricio Macri.<\/strong> Con oficio en la pol\u00edtica.<\/p>\n<p>El temor libertario es que \u2013 al quedarse sin candidato propio al frente de la boleta. le dejaran el espacio servido a Santilli para disputar la gobernaci\u00f3n en 2027.<\/p>\n<p>&nbsp;<\/p>\n<p><strong>CASI 40 MIL JUBILACIONES<\/strong><\/p>\n<p>El costo de reimprimir es de 14 mil millones de pesos Significan <strong>37.845 jubilaciones<\/strong> m\u00ednimas. El peronismo presentar\u00eda ante el juez electoral Alejo Ramos Padilla que evite la reimpresi\u00f3n de las boletas, tras la renuncia de Jos\u00e9 Luis Espert.<\/p>\n","protected":false},"excerpt":{"rendered":"<p>Tras leer las encuestas que dan a la LLA perdiendo por 20 puntos, el presidente orden\u00f3 a Jos\u00e9 Luis Espert que baje su candidatura a diputado nacional. \u00a0 El economista neoliberal y diputado libertario, Jos\u00e9 Luis Espert, renunci\u00f3 el domingo 5 de octubre a la candidatura. Debido a sus presuntos v\u00ednculos con el narcotr\u00e1fico entre [&hellip;]<\/p>\n","protected":false},"author":2,"featured_media":1070,"comment_status":"open","ping_status":"closed","sticky":false,"template":"","format":"standard","meta":{"footnotes":""},"categories":[48,6,2,215,12],"tags":[238,106,150,235,236,43,237,17],"class_list":["post-1069","post","type-post","status-publish","format-standard","has-post-thumbnail","hentry","category-argentina","category-cronicas-criminales","category-destacadas","category-elecciones-2025","category-sociedad-politica-economia","tag-conejita","tag-corrupcion","tag-elecciones","tag-jose-luis-espert","tag-karen-reichardt","tag-milei","tag-narco","tag-norte-social"],"_links":{"self":[{"href":"https:\/\/www.nortesocial.com.ar\/index.php?rest_route=\/wp\/v2\/posts\/1069","targetHints":{"allow":["GET"]}}],"collection":[{"href":"https:\/\/www.nortesocial.com.ar\/index.php?rest_route=\/wp\/v2\/posts"}],"about":[{"href":"https:\/\/www.nortesocial.com.ar\/index.php?rest_route=\/wp\/v2\/types\/post"}],"author":[{"embeddable":true,"href":"https:\/\/www.nortesocial.com.ar\/index.php?rest_route=\/wp\/v2\/users\/2"}],"replies":[{"embeddable":true,"href":"https:\/\/www.nortesocial.com.ar\/index.php?rest_route=%2Fwp%2Fv2%2Fcomments&post=1069"}],"version-history":[{"count":5,"href":"https:\/\/www.nortesocial.com.ar\/index.php?rest_route=\/wp\/v2\/posts\/1069\/revisions"}],"predecessor-version":[{"id":1078,"href":"https:\/\/www.nortesocial.com.ar\/index.php?rest_route=\/wp\/v2\/posts\/1069\/revisions\/1078"}],"wp:featuredmedia":[{"embeddable":true,"href":"https:\/\/www.nortesocial.com.ar\/index.php?rest_route=\/wp\/v2\/media\/1070"}],"wp:attachment":[{"href":"https:\/\/www.nortesocial.com.ar\/index.php?rest_route=%2Fwp%2Fv2%2Fmedia&parent=1069"}],"wp:term":[{"taxonomy":"category","embeddable":true,"href":"https:\/\/www.nortesocial.com.ar\/index.php?rest_route=%2Fwp%2Fv2%2Fcategories&post=1069"},{"taxonomy":"post_tag","embeddable":true,"href":"https:\/\/www.nortesocial.com.ar\/index.php?rest_route=%2Fwp%2Fv2%2Ftags&post=1069"}],"curies":[{"name":"wp","href":"https:\/\/api.w.org\/{rel}","templated":true}]}}