{"id":1079,"date":"2025-09-30T22:21:24","date_gmt":"2025-10-01T01:21:24","guid":{"rendered":"https:\/\/www.nortesocial.com.ar\/?p=1079"},"modified":"2025-10-08T21:40:24","modified_gmt":"2025-10-09T00:40:24","slug":"creditos-para-pymes-dirigidas-por-mujeres","status":"publish","type":"post","link":"https:\/\/www.nortesocial.com.ar\/?p=1079","title":{"rendered":"CR\u00c9DITOS PARA PYMES DIRIGIDAS POR MUJERES"},"content":{"rendered":"<h3><strong><em>El gobernador Gustavo S\u00e1enz y el secretario general del Consejo Federal de Inversiones (CFI), Ignacio Lamothe, firmaron un convenio para financiar hasta $4.000 millones.<\/em><\/strong><\/h3>\n<p>&nbsp;<\/p>\n<p>Fondo de Garant\u00eda Salta (FOGASAL) se llama el acuerdo. Consolida la alianza entre la Provincia de Salta y el organismo federal, con objeto de fortalecer a las Peque\u00f1as y Medianas Empresas.<\/p>\n<p>Se trata de $4.000 millones en cr\u00e9ditos para financiar a PyMEs, proyectos sostenibles y empresas lideradas por mujeres.<\/p>\n<p>Gustavo S\u00e1enz y el secretario general del Consejo Federal de Inversiones (CFI), Ignacio Lamothe, firmaron el convenio. La letra asegura que busca impulsar el crecimiento econ\u00f3mico y social y generando nuevas oportunidades.<\/p>\n<p>La creaci\u00f3n del fondo fue anunciada por el gobernador salte\u00f1o en septiembre de 2025. Se formaliz\u00f3 mediante la firma del acuerdo, la semana pasada.<\/p>\n<figure id=\"attachment_1082\" aria-describedby=\"caption-attachment-1082\" style=\"width: 464px\" class=\"wp-caption alignleft\"><img loading=\"lazy\" decoding=\"async\" class=\" wp-image-1082\" src=\"https:\/\/www.nortesocial.com.ar\/wp-content\/uploads\/2025\/10\/pyme01.png\" alt=\"\" width=\"464\" height=\"270\" srcset=\"https:\/\/www.nortesocial.com.ar\/wp-content\/uploads\/2025\/10\/pyme01.png 870w, https:\/\/www.nortesocial.com.ar\/wp-content\/uploads\/2025\/10\/pyme01-768x447.png 768w, https:\/\/www.nortesocial.com.ar\/wp-content\/uploads\/2025\/10\/pyme01-696x405.png 696w, https:\/\/www.nortesocial.com.ar\/wp-content\/uploads\/2025\/10\/pyme01-722x420.png 722w\" sizes=\"auto, (max-width: 464px) 100vw, 464px\" \/><figcaption id=\"caption-attachment-1082\" class=\"wp-caption-text\">GUSTAVO S\u00c1ENZ E IGNACIO LAMOTHE<\/figcaption><\/figure>\n<p><strong>Tres L\u00edneas de Cr\u00e9dito<\/strong><\/p>\n<p>Competitividad PyME: Orientada a mejorar la eficiencia y la capacidad de mercado de las peque\u00f1as y medianas empresas salte\u00f1as en general.<\/p>\n<p>Triple Impacto: Destinada a iniciativas que buscan generar un impacto positivo simult\u00e1neo en la econom\u00eda, la sociedad y el medio ambiente (Triple Impacto o Abordaje Integral).<\/p>\n<p>Program\u00e1tica: Enfocada en proyectos que se ajusten a programas de desarrollo espec\u00edficos impulsados por el gobierno provincial, con foco en <strong>empresas lideradas por mujeres<\/strong>, proyectos de eficiencia energ\u00e9tica, transformaci\u00f3n de la matriz, entre otros.<\/p>\n<p><img loading=\"lazy\" decoding=\"async\" class=\" wp-image-1083 alignleft\" src=\"https:\/\/www.nortesocial.com.ar\/wp-content\/uploads\/2025\/10\/pyme02.png\" alt=\"\" width=\"336\" height=\"189\" srcset=\"https:\/\/www.nortesocial.com.ar\/wp-content\/uploads\/2025\/10\/pyme02.png 1066w, https:\/\/www.nortesocial.com.ar\/wp-content\/uploads\/2025\/10\/pyme02-768x432.png 768w, https:\/\/www.nortesocial.com.ar\/wp-content\/uploads\/2025\/10\/pyme02-696x392.png 696w, https:\/\/www.nortesocial.com.ar\/wp-content\/uploads\/2025\/10\/pyme02-746x420.png 746w\" sizes=\"auto, (max-width: 336px) 100vw, 336px\" \/><\/p>\n<p><strong>VENTAJAS<\/strong><\/p>\n<p>Los cr\u00e9ditos para financiar proyectos tienen una tasa de inter\u00e9s subsidiada del 25% anual Y cuatro a\u00f1os para la devoluci\u00f3n<\/p>\n<p><strong>M\u00c1S INFORMACI\u00d3N: <\/strong><\/p>\n<p><a href=\"https:\/\/cfi.org.ar\/financiamiento\">https:\/\/cfi.org.ar\/financiamiento<\/a><\/p>\n<p><a href=\"https:\/\/garantiacfi.com.ar\/\">https:\/\/garantiacfi.com.ar\/<\/a><\/p>\n<p>&nbsp;<\/p>\n","protected":false},"excerpt":{"rendered":"<p>El gobernador Gustavo S\u00e1enz y el secretario general del Consejo Federal de Inversiones (CFI), Ignacio Lamothe, firmaron un convenio para financiar hasta $4.000 millones. &nbsp; Fondo de Garant\u00eda Salta (FOGASAL) se llama el acuerdo. Consolida la alianza entre la Provincia de Salta y el organismo federal, con objeto de fortalecer a las Peque\u00f1as y Medianas [&hellip;]<\/p>\n","protected":false},"author":2,"featured_media":1080,"comment_status":"open","ping_status":"closed","sticky":false,"template":"","format":"standard","meta":{"footnotes":""},"categories":[2,47,12],"tags":[242,240,24,239,17,241,23],"class_list":["post-1079","post","type-post","status-publish","format-standard","has-post-thumbnail","hentry","category-destacadas","category-salta","category-sociedad-politica-economia","tag-cfi","tag-credito","tag-gobierno","tag-mujer","tag-norte-social","tag-pyme","tag-salta"],"_links":{"self":[{"href":"https:\/\/www.nortesocial.com.ar\/index.php?rest_route=\/wp\/v2\/posts\/1079","targetHints":{"allow":["GET"]}}],"collection":[{"href":"https:\/\/www.nortesocial.com.ar\/index.php?rest_route=\/wp\/v2\/posts"}],"about":[{"href":"https:\/\/www.nortesocial.com.ar\/index.php?rest_route=\/wp\/v2\/types\/post"}],"author":[{"embeddable":true,"href":"https:\/\/www.nortesocial.com.ar\/index.php?rest_route=\/wp\/v2\/users\/2"}],"replies":[{"embeddable":true,"href":"https:\/\/www.nortesocial.com.ar\/index.php?rest_route=%2Fwp%2Fv2%2Fcomments&post=1079"}],"version-history":[{"count":5,"href":"https:\/\/www.nortesocial.com.ar\/index.php?rest_route=\/wp\/v2\/posts\/1079\/revisions"}],"predecessor-version":[{"id":1102,"href":"https:\/\/www.nortesocial.com.ar\/index.php?rest_route=\/wp\/v2\/posts\/1079\/revisions\/1102"}],"wp:featuredmedia":[{"embeddable":true,"href":"https:\/\/www.nortesocial.com.ar\/index.php?rest_route=\/wp\/v2\/media\/1080"}],"wp:attachment":[{"href":"https:\/\/www.nortesocial.com.ar\/index.php?rest_route=%2Fwp%2Fv2%2Fmedia&parent=1079"}],"wp:term":[{"taxonomy":"category","embeddable":true,"href":"https:\/\/www.nortesocial.com.ar\/index.php?rest_route=%2Fwp%2Fv2%2Fcategories&post=1079"},{"taxonomy":"post_tag","embeddable":true,"href":"https:\/\/www.nortesocial.com.ar\/index.php?rest_route=%2Fwp%2Fv2%2Ftags&post=1079"}],"curies":[{"name":"wp","href":"https:\/\/api.w.org\/{rel}","templated":true}]}}