{"id":1088,"date":"2025-10-08T14:12:44","date_gmt":"2025-10-08T17:12:44","guid":{"rendered":"https:\/\/www.nortesocial.com.ar\/?p=1088"},"modified":"2025-10-08T14:15:35","modified_gmt":"2025-10-08T17:15:35","slug":"sin-atencion-medica","status":"publish","type":"post","link":"https:\/\/www.nortesocial.com.ar\/?p=1088","title":{"rendered":"SIN ATENCI\u00d3N M\u00c9DICA"},"content":{"rendered":"<h3><em>Quien es pobre, padece una enfermedad y necesita urgente atenci\u00f3n m\u00e9dica de un especialista ur\u00f3logo, por parte de los hospitales p\u00fablicos de Salta, est\u00e1 condenado a sufrir.<\/em><\/h3>\n<p>&nbsp;<\/p>\n<p>Alberto dorm\u00eda ocho horas corridas. Desde hace cinco meses el descanso nocturno cambi\u00f3 a reiteradas demandas urinarias. Tambi\u00e9n durante el d\u00eda. Concurri\u00f3 al Centro de Salud de su barrio y la m\u00e9dica orden\u00f3 an\u00e1lisis cl\u00ednicos, pedidos de ecograf\u00eda vesicoprost\u00e1tica y <strong>atenci\u00f3n inmediata de ur\u00f3logo<\/strong>.<\/p>\n<p>En una semana, el hombre obtuvo los ex\u00e1menes de laboratorio, y 60 d\u00edas despu\u00e9s, el estudio de ultrasonido. Debido a su profesi\u00f3n intelectual, Alberto investig\u00f3 las conclusiones. El resultado de la ecograf\u00eda era alarmante. Su <strong>pr\u00f3stata era m\u00e1s que el doble del tama\u00f1o<\/strong> normal, con una sospechosa <strong>malformaci\u00f3n<\/strong>, y <strong>vejiga bloqueada<\/strong> (escasa repleci\u00f3n)<\/p>\n<p>Desde hace dos meses, el hombre comenz\u00f3 a pedir turno para un ur\u00f3logo. El \u00fanico modo es llamando al tel\u00e9fono 148. Su situaci\u00f3n empeora. <strong>Ning\u00fan especialista lo atiende<\/strong>. Carece de ingresos suficientes para pagar la atenci\u00f3n privada.<\/p>\n<p><img loading=\"lazy\" decoding=\"async\" class=\" wp-image-1091 alignleft\" src=\"https:\/\/www.nortesocial.com.ar\/wp-content\/uploads\/2025\/10\/prostata04.jpg\" alt=\"\" width=\"457\" height=\"257\" \/><\/p>\n<p><strong>148<\/strong><\/p>\n<p><em>\u201cVoy a destacar, primero, que llam\u00e1s (al 148) y te responden. M\u00e1s o menos como un buen call center (centro de atenci\u00f3n telef\u00f3nica) empresario; chicas o chicos cordiales\u201d<\/em>, cont\u00f3 Alberto.<\/p>\n<p><em>\u201cEl problema es que mucha amabilidad, pero ninguna soluci\u00f3n\u201d,<\/em> describi\u00f3. \u201c<em>Me dijeron que vuelva a llamar en distintas fechas, y cuando lo hice dieron otras\u201d,<\/em> rese\u00f1\u00f3.<\/p>\n<figure id=\"attachment_1093\" aria-describedby=\"caption-attachment-1093\" style=\"width: 275px\" class=\"wp-caption alignleft\"><img loading=\"lazy\" decoding=\"async\" class=\"size-full wp-image-1093\" src=\"https:\/\/www.nortesocial.com.ar\/wp-content\/uploads\/2025\/10\/prostata02.png\" alt=\"\" width=\"275\" height=\"183\" \/><figcaption id=\"caption-attachment-1093\" class=\"wp-caption-text\">HOSPITAL SAN BERNARDO<\/figcaption><\/figure>\n<p>El 8 de octubre, la \u00faltima mujer que lo atendi\u00f3 le dijo: \u201c<em>para ser atendido por un ur\u00f3logo en el hospital Papa Francisco, comun\u00edquese el 15; y para atenci\u00f3n en el San Bernardo, el 22 de octubre\u201d<\/em>. Gentilmente, la chica le aconsej\u00f3: <em>\u201cesos d\u00edas, llame a las 7.30, porque enseguida se acaban los turnos\u201d<\/em><\/p>\n<p>Y le aclar\u00f3: <em>\u201cen todos los casos, si consigue el turno, la atenci\u00f3n es para el pr\u00f3ximo mes\u201d.<\/em> O sea, con suerte, aguantar las dolencias y trastornos hasta noviembre.<\/p>\n<figure id=\"attachment_1092\" aria-describedby=\"caption-attachment-1092\" style=\"width: 300px\" class=\"wp-caption alignright\"><img loading=\"lazy\" decoding=\"async\" class=\"size-full wp-image-1092\" src=\"https:\/\/www.nortesocial.com.ar\/wp-content\/uploads\/2025\/10\/prostata03.png\" alt=\"\" width=\"300\" height=\"168\" \/><figcaption id=\"caption-attachment-1092\" class=\"wp-caption-text\">HOSPITAL PAPA FRANCISCO<\/figcaption><\/figure>\n<p><strong>inc\u00f3gnita y angustia<\/strong><\/p>\n<p>Adem\u00e1s de las dolencias diarias, permanentes, Alberto sufre la angustia e inc\u00f3gnita de saber, a ciencia cierta, la situaci\u00f3n de la enfermedad que sufre. Hasta el momento, desconociendo alg\u00fan modo de tratamiento.<\/p>\n<p>De menor a mayor, las principales enfermedades de la pr\u00f3stata son:<\/p>\n<p><strong>Hiperplasia Benigna (HBP)<\/strong>: Un agrandamiento no canceroso de la pr\u00f3stata que causa s\u00edntomas urinarios como flujo d\u00e9bil, necesidad de orinar con frecuencia (especialmente de noche) y sensaci\u00f3n de vejiga incompleta.<\/p>\n<p><strong>Prostatitis:<\/strong> Inflamaci\u00f3n de la pr\u00f3stata, a menudo asociada a infecciones de las v\u00edas urinarias. Puede causar dolor al orinar o eyacular, y dolores recurrentes en la pelvis y\/o la espalda.<\/p>\n<p><strong>C\u00e1ncer de Pr\u00f3stata<\/strong>: crecimiento descontrolado de c\u00e9lulas en la pr\u00f3stata. Algunas, desde un momento inicial inadvertidas, pueden crecer r\u00e1pidamente y diseminarse a otras partes del cuerpo (met\u00e1stasis), que acarrean una miserable calidad de vida.<\/p>\n<p>&nbsp;<\/p>\n","protected":false},"excerpt":{"rendered":"<p>Quien es pobre, padece una enfermedad y necesita urgente atenci\u00f3n m\u00e9dica de un especialista ur\u00f3logo, por parte de los hospitales p\u00fablicos de Salta, est\u00e1 condenado a sufrir. &nbsp; Alberto dorm\u00eda ocho horas corridas. Desde hace cinco meses el descanso nocturno cambi\u00f3 a reiteradas demandas urinarias. Tambi\u00e9n durante el d\u00eda. Concurri\u00f3 al Centro de Salud de [&hellip;]<\/p>\n","protected":false},"author":2,"featured_media":1089,"comment_status":"open","ping_status":"closed","sticky":false,"template":"","format":"standard","meta":{"footnotes":""},"categories":[2,15,47,12],"tags":[244,17,243,23,162],"class_list":["post-1088","post","type-post","status-publish","format-standard","has-post-thumbnail","hentry","category-destacadas","category-educacion-salud-y-ciencia","category-salta","category-sociedad-politica-economia","tag-cancer","tag-norte-social","tag-prostata","tag-salta","tag-salud"],"_links":{"self":[{"href":"https:\/\/www.nortesocial.com.ar\/index.php?rest_route=\/wp\/v2\/posts\/1088","targetHints":{"allow":["GET"]}}],"collection":[{"href":"https:\/\/www.nortesocial.com.ar\/index.php?rest_route=\/wp\/v2\/posts"}],"about":[{"href":"https:\/\/www.nortesocial.com.ar\/index.php?rest_route=\/wp\/v2\/types\/post"}],"author":[{"embeddable":true,"href":"https:\/\/www.nortesocial.com.ar\/index.php?rest_route=\/wp\/v2\/users\/2"}],"replies":[{"embeddable":true,"href":"https:\/\/www.nortesocial.com.ar\/index.php?rest_route=%2Fwp%2Fv2%2Fcomments&post=1088"}],"version-history":[{"count":5,"href":"https:\/\/www.nortesocial.com.ar\/index.php?rest_route=\/wp\/v2\/posts\/1088\/revisions"}],"predecessor-version":[{"id":1097,"href":"https:\/\/www.nortesocial.com.ar\/index.php?rest_route=\/wp\/v2\/posts\/1088\/revisions\/1097"}],"wp:featuredmedia":[{"embeddable":true,"href":"https:\/\/www.nortesocial.com.ar\/index.php?rest_route=\/wp\/v2\/media\/1089"}],"wp:attachment":[{"href":"https:\/\/www.nortesocial.com.ar\/index.php?rest_route=%2Fwp%2Fv2%2Fmedia&parent=1088"}],"wp:term":[{"taxonomy":"category","embeddable":true,"href":"https:\/\/www.nortesocial.com.ar\/index.php?rest_route=%2Fwp%2Fv2%2Fcategories&post=1088"},{"taxonomy":"post_tag","embeddable":true,"href":"https:\/\/www.nortesocial.com.ar\/index.php?rest_route=%2Fwp%2Fv2%2Ftags&post=1088"}],"curies":[{"name":"wp","href":"https:\/\/api.w.org\/{rel}","templated":true}]}}