{"id":1103,"date":"2025-10-10T17:18:50","date_gmt":"2025-10-10T20:18:50","guid":{"rendered":"https:\/\/www.nortesocial.com.ar\/?p=1103"},"modified":"2025-10-10T17:19:54","modified_gmt":"2025-10-10T20:19:54","slug":"investigador-desaparecido","status":"publish","type":"post","link":"https:\/\/www.nortesocial.com.ar\/?p=1103","title":{"rendered":"INVESTIGADOR DESAPARECIDO"},"content":{"rendered":"<h3><em><strong>El exjefe policial salte\u00f1o Vicente Osvaldo Cordeyro dej\u00f3 a la ma\u00f1ana a su nietita en una escuela c\u00e9ntrica. A la noche, el auto apareci\u00f3 a 13 kil\u00f3metros.<\/strong><\/em><\/h3>\n<p><strong>\u00a0<\/strong><\/p>\n<p>Exdirector de Investigaciones de la Polic\u00eda de Salta, exjefe de Drogas Peligrosas, exjefe de la Brigada de Investigaciones, maestro de polic\u00edas, actual docente universitario, Vicente Osvaldo Cordeyro encabez\u00f3 y esclareci\u00f3 asesinatos, asaltos, robos, operaciones de narcotraficantes.<\/p>\n<p>Es reconocido por su efectiva trayectoria. Uno de los casos m\u00e1s recordados fue la resoluci\u00f3n del secuestro, drogadicci\u00f3n, violaci\u00f3n y asesinato de <strong>Melani y Octavio Leguina<\/strong>. Y la detenci\u00f3n de los autores, Marcelo Torrico y Ariel Brand\u00e1n.<\/p>\n<p>Poco despu\u00e9s de la muerte en la c\u00e1rcel de <strong>Javier Saavedra<\/strong> (15 de septiembre de 2025), principal acusado de la masacre de <strong>Jimena Salas<\/strong> se divulg\u00f3 que el Procurador General de la Provincia habr\u00eda se\u00f1alado a Cordeyro como el autor de \u201c<em>teor\u00edas conspirativas\u201d <\/em>en relaci\u00f3n con el presunto suicidio.<\/p>\n<p>El exjefe es familiar indirecto de los Saavedra.<\/p>\n<p><img loading=\"lazy\" decoding=\"async\" class=\"alignright wp-image-1106\" src=\"https:\/\/www.nortesocial.com.ar\/wp-content\/uploads\/2025\/10\/cordeyro07.png\" alt=\"\" width=\"423\" height=\"243\" srcset=\"https:\/\/www.nortesocial.com.ar\/wp-content\/uploads\/2025\/10\/cordeyro07.png 796w, https:\/\/www.nortesocial.com.ar\/wp-content\/uploads\/2025\/10\/cordeyro07-768x441.png 768w, https:\/\/www.nortesocial.com.ar\/wp-content\/uploads\/2025\/10\/cordeyro07-696x400.png 696w, https:\/\/www.nortesocial.com.ar\/wp-content\/uploads\/2025\/10\/cordeyro07-732x420.png 732w\" sizes=\"auto, (max-width: 423px) 100vw, 423px\" \/><\/p>\n<p><strong>Auto abandonado<\/strong><\/p>\n<p>La ma\u00f1ana del jueves 9 de octubre, Vicente Cordeyro, conduciendo un Volkswagen Suran color gris, dej\u00f3 a su nieta en el Colegio de Jes\u00fas, en la avenida Belgrano 636, a media cuadra de Mitre y Belgrano. Deb\u00eda retirar a la peque\u00f1a al mediod\u00eda. <strong>Nunca lleg\u00f3<\/strong>.<\/p>\n<p>Hombre ordenado y met\u00f3dico, la inesperada ausencia determin\u00f3 que a la siesta la familia del excomisario Mayor <strong>denunciara su desaparici\u00f3n<\/strong>. Si preocupante fue la situaci\u00f3n inicial, horas despu\u00e9s devinieron en angustias y miedos.<\/p>\n<p>Fue cuando, a la noche, <strong>la Polic\u00eda encontr\u00f3 el autom\u00f3vil en San Lorenzo<\/strong>, trece kil\u00f3metros hacia el oeste. El veh\u00edculo estaba desocupado, sin se\u00f1ales de Cordeyro. El tel\u00e9fono del hombre, sin respuesta.<\/p>\n<p>La Fiscal\u00eda Penal N\u00b02 activ\u00f3 el protocolo de b\u00fasqueda de personas.<\/p>\n<figure id=\"attachment_1107\" aria-describedby=\"caption-attachment-1107\" style=\"width: 447px\" class=\"wp-caption alignleft\"><img loading=\"lazy\" decoding=\"async\" class=\" wp-image-1107\" src=\"https:\/\/www.nortesocial.com.ar\/wp-content\/uploads\/2025\/10\/Cordeyro01.png\" alt=\"\" width=\"447\" height=\"387\" srcset=\"https:\/\/www.nortesocial.com.ar\/wp-content\/uploads\/2025\/10\/Cordeyro01.png 796w, https:\/\/www.nortesocial.com.ar\/wp-content\/uploads\/2025\/10\/Cordeyro01-768x664.png 768w, https:\/\/www.nortesocial.com.ar\/wp-content\/uploads\/2025\/10\/Cordeyro01-696x602.png 696w, https:\/\/www.nortesocial.com.ar\/wp-content\/uploads\/2025\/10\/Cordeyro01-486x420.png 486w, https:\/\/www.nortesocial.com.ar\/wp-content\/uploads\/2025\/10\/Cordeyro01-534x462.png 534w\" sizes=\"auto, (max-width: 447px) 100vw, 447px\" \/><figcaption id=\"caption-attachment-1107\" class=\"wp-caption-text\">B\u00daSQUEDA EN SAN LORENZO<\/figcaption><\/figure>\n<p><strong>Sin rastros<\/strong><\/p>\n<p>Vicente Cordeyro tiene 64 a\u00f1os. Se realizaron relevamientos en hospitales y centros de salud, pero hasta el momento no han tienen rastro o certeza de qu\u00e9 sucedi\u00f3 con el excomisario.<\/p>\n<p>La Brigada de Investigaciones despleg\u00f3 un amplio operativo: patrullajes, controles vehiculares y revisi\u00f3n de c\u00e1maras de seguridad en distintos puntos de la ciudad de Salta y en San Lorenzo.<\/p>\n<p>La familia y las autoridades solicitan colaboraci\u00f3n de la comunidad: cualquier informaci\u00f3n, por m\u00ednima que parezca, puede ser clave.<\/p>\n<p>Tel\u00e9fonos de contacto:<\/p>\n<p>3874 479699<\/p>\n<p>3873 116552<\/p>\n<p><strong> <img loading=\"lazy\" decoding=\"async\" class=\"alignright wp-image-1108\" src=\"https:\/\/www.nortesocial.com.ar\/wp-content\/uploads\/2025\/10\/Cordeyro05.png\" alt=\"\" width=\"353\" height=\"292\" srcset=\"https:\/\/www.nortesocial.com.ar\/wp-content\/uploads\/2025\/10\/Cordeyro05.png 844w, https:\/\/www.nortesocial.com.ar\/wp-content\/uploads\/2025\/10\/Cordeyro05-768x634.png 768w, https:\/\/www.nortesocial.com.ar\/wp-content\/uploads\/2025\/10\/Cordeyro05-696x575.png 696w, https:\/\/www.nortesocial.com.ar\/wp-content\/uploads\/2025\/10\/Cordeyro05-509x420.png 509w\" sizes=\"auto, (max-width: 353px) 100vw, 353px\" \/><\/strong><\/p>\n<p><strong>ESPECIALISTA<\/strong><\/p>\n<p>El comisario mayor retirado Vicente Cordeyro es profesor de Seguridad Privada y Seguridad Bancaria en la Universidad Cat\u00f3lica de Salta (Licenciatura en Seguridad); y docente en la Escuela de Oficiales de la Polic\u00eda de Salta. Ex director de la Direcci\u00f3n de Seguridad de la Polic\u00eda; excapacitador de investigadores en el CIF. Fue quien present\u00f3 al entonces gobernador Juan Carlos Romero el proyecto de creaci\u00f3n del 911.<\/p>\n<p>&nbsp;<\/p>\n","protected":false},"excerpt":{"rendered":"<p>El exjefe policial salte\u00f1o Vicente Osvaldo Cordeyro dej\u00f3 a la ma\u00f1ana a su nietita en una escuela c\u00e9ntrica. A la noche, el auto apareci\u00f3 a 13 kil\u00f3metros. \u00a0 Exdirector de Investigaciones de la Polic\u00eda de Salta, exjefe de Drogas Peligrosas, exjefe de la Brigada de Investigaciones, maestro de polic\u00edas, actual docente universitario, Vicente Osvaldo Cordeyro [&hellip;]<\/p>\n","protected":false},"author":2,"featured_media":1104,"comment_status":"open","ping_status":"closed","sticky":false,"template":"","format":"standard","meta":{"footnotes":""},"categories":[6,2,47,12],"tags":[29,18,248,247,211,17,205,23,246],"class_list":["post-1103","post","type-post","status-publish","format-standard","has-post-thumbnail","hentry","category-cronicas-criminales","category-destacadas","category-salta","category-sociedad-politica-economia","tag-cronicas-criminales","tag-dario-illanes","tag-desapaarecido","tag-droga","tag-jimena-salas","tag-norte-social","tag-policia","tag-salta","tag-vicente-cordeyro"],"_links":{"self":[{"href":"https:\/\/www.nortesocial.com.ar\/index.php?rest_route=\/wp\/v2\/posts\/1103","targetHints":{"allow":["GET"]}}],"collection":[{"href":"https:\/\/www.nortesocial.com.ar\/index.php?rest_route=\/wp\/v2\/posts"}],"about":[{"href":"https:\/\/www.nortesocial.com.ar\/index.php?rest_route=\/wp\/v2\/types\/post"}],"author":[{"embeddable":true,"href":"https:\/\/www.nortesocial.com.ar\/index.php?rest_route=\/wp\/v2\/users\/2"}],"replies":[{"embeddable":true,"href":"https:\/\/www.nortesocial.com.ar\/index.php?rest_route=%2Fwp%2Fv2%2Fcomments&post=1103"}],"version-history":[{"count":2,"href":"https:\/\/www.nortesocial.com.ar\/index.php?rest_route=\/wp\/v2\/posts\/1103\/revisions"}],"predecessor-version":[{"id":1109,"href":"https:\/\/www.nortesocial.com.ar\/index.php?rest_route=\/wp\/v2\/posts\/1103\/revisions\/1109"}],"wp:featuredmedia":[{"embeddable":true,"href":"https:\/\/www.nortesocial.com.ar\/index.php?rest_route=\/wp\/v2\/media\/1104"}],"wp:attachment":[{"href":"https:\/\/www.nortesocial.com.ar\/index.php?rest_route=%2Fwp%2Fv2%2Fmedia&parent=1103"}],"wp:term":[{"taxonomy":"category","embeddable":true,"href":"https:\/\/www.nortesocial.com.ar\/index.php?rest_route=%2Fwp%2Fv2%2Fcategories&post=1103"},{"taxonomy":"post_tag","embeddable":true,"href":"https:\/\/www.nortesocial.com.ar\/index.php?rest_route=%2Fwp%2Fv2%2Ftags&post=1103"}],"curies":[{"name":"wp","href":"https:\/\/api.w.org\/{rel}","templated":true}]}}