{"id":1110,"date":"2025-10-10T18:57:14","date_gmt":"2025-10-10T21:57:14","guid":{"rendered":"https:\/\/www.nortesocial.com.ar\/?p=1110"},"modified":"2025-10-10T18:57:52","modified_gmt":"2025-10-10T21:57:52","slug":"te-voy-a-meter-un-tiro","status":"publish","type":"post","link":"https:\/\/www.nortesocial.com.ar\/?p=1110","title":{"rendered":"\u201cTE VOY A METER UN TIRO\u201d"},"content":{"rendered":"<h3><strong><em>El periodista salte\u00f1o Mois\u00e9s Koss recibi\u00f3 una amenaza de muerte, mientras trabajaba. El ataque sufrido se inscribe en la creciente hostilidad a comunicadores.<\/em><\/strong><\/h3>\n<p>&nbsp;<\/p>\n<p>El flagrante delito ocurri\u00f3 la noche del mi\u00e9rcoles 9 de octubre -en el programa televisivo \u201cA Mil\u201d, en la se\u00f1al TV Canal 10 &#8211; mediante un mensaje de texto (WhatsApp). Este fue advertido el jueves por los conductores y producci\u00f3n. La amenaza, textualmente, dec\u00eda <strong><em>\u201cte voy a meter un tiro\u201d.<\/em><\/strong> El colega realiz\u00f3 la denuncia en la Comisar\u00eda Tercera, de la ciudad de Salta.<\/p>\n<p>La <strong>amenaza de muerte<\/strong> se inscribe en un contexto de creciente violencia discursiva <strong>contra el periodismo en Argentina<\/strong>. La deslegitimaci\u00f3n y descalificaci\u00f3n de la profesi\u00f3n, los discursos de odio colocan a los periodistas como enemigos.<\/p>\n<p>La peligrosa situaci\u00f3n pone en riesgo la integridad de quienes ejercen el periodismo. Y atenta contra el derecho de toda la ciudadan\u00eda a acceder a informaci\u00f3n plural e independiente.<\/p>\n<p>En similar sentido se expres\u00f3 la <strong>Asociaci\u00f3n de Periodistas de Salta<\/strong> (APES), de la cual <strong>Mois\u00e9s Koss <\/strong>es socio activo. La entidad solicit\u00f3 la investigaci\u00f3n del <strong>Ministerio P\u00fablico Fiscal ante el grave hecho delictivo y antidemocr\u00e1tico.<\/strong><\/p>\n<p><strong><a href=\"https:\/\/www.facebook.com\/share\/r\/14MW6VPfwNH\/\">https:\/\/www.facebook.com\/share\/r\/14MW6VPfwNH\/<\/a><\/strong><\/p>\n","protected":false},"excerpt":{"rendered":"<p>El periodista salte\u00f1o Mois\u00e9s Koss recibi\u00f3 una amenaza de muerte, mientras trabajaba. El ataque sufrido se inscribe en la creciente hostilidad a comunicadores. &nbsp; El flagrante delito ocurri\u00f3 la noche del mi\u00e9rcoles 9 de octubre -en el programa televisivo \u201cA Mil\u201d, en la se\u00f1al TV Canal 10 &#8211; mediante un mensaje de texto (WhatsApp). Este [&hellip;]<\/p>\n","protected":false},"author":2,"featured_media":1113,"comment_status":"open","ping_status":"closed","sticky":false,"template":"","format":"standard","meta":{"footnotes":""},"categories":[2,47,12],"tags":[121,249,17,160,23,142],"class_list":["post-1110","post","type-post","status-publish","format-standard","has-post-thumbnail","hentry","category-destacadas","category-salta","category-sociedad-politica-economia","tag-apes","tag-moises-koss","tag-norte-social","tag-periodista","tag-salta","tag-violencia"],"_links":{"self":[{"href":"https:\/\/www.nortesocial.com.ar\/index.php?rest_route=\/wp\/v2\/posts\/1110","targetHints":{"allow":["GET"]}}],"collection":[{"href":"https:\/\/www.nortesocial.com.ar\/index.php?rest_route=\/wp\/v2\/posts"}],"about":[{"href":"https:\/\/www.nortesocial.com.ar\/index.php?rest_route=\/wp\/v2\/types\/post"}],"author":[{"embeddable":true,"href":"https:\/\/www.nortesocial.com.ar\/index.php?rest_route=\/wp\/v2\/users\/2"}],"replies":[{"embeddable":true,"href":"https:\/\/www.nortesocial.com.ar\/index.php?rest_route=%2Fwp%2Fv2%2Fcomments&post=1110"}],"version-history":[{"count":2,"href":"https:\/\/www.nortesocial.com.ar\/index.php?rest_route=\/wp\/v2\/posts\/1110\/revisions"}],"predecessor-version":[{"id":1114,"href":"https:\/\/www.nortesocial.com.ar\/index.php?rest_route=\/wp\/v2\/posts\/1110\/revisions\/1114"}],"wp:featuredmedia":[{"embeddable":true,"href":"https:\/\/www.nortesocial.com.ar\/index.php?rest_route=\/wp\/v2\/media\/1113"}],"wp:attachment":[{"href":"https:\/\/www.nortesocial.com.ar\/index.php?rest_route=%2Fwp%2Fv2%2Fmedia&parent=1110"}],"wp:term":[{"taxonomy":"category","embeddable":true,"href":"https:\/\/www.nortesocial.com.ar\/index.php?rest_route=%2Fwp%2Fv2%2Fcategories&post=1110"},{"taxonomy":"post_tag","embeddable":true,"href":"https:\/\/www.nortesocial.com.ar\/index.php?rest_route=%2Fwp%2Fv2%2Ftags&post=1110"}],"curies":[{"name":"wp","href":"https:\/\/api.w.org\/{rel}","templated":true}]}}