{"id":1116,"date":"2025-10-11T08:55:50","date_gmt":"2025-10-11T11:55:50","guid":{"rendered":"https:\/\/www.nortesocial.com.ar\/?p=1116"},"modified":"2025-10-11T10:19:16","modified_gmt":"2025-10-11T13:19:16","slug":"la-misteriosa-desaparicion-del-exjefe-policial","status":"publish","type":"post","link":"https:\/\/www.nortesocial.com.ar\/?p=1116","title":{"rendered":"LA MISTERIOSA DESAPARICI\u00d3N DEL EXJEFE POLICIAL"},"content":{"rendered":"<h3>ULTIMO MOMENTO: HALLARON MUERTO A VICENTE CORDEYRO<\/h3>\n<h3><strong><em>Familiero, deportista, con valores, firme y precavido. Algunas de las caracter\u00edsticas personales que har\u00edan descartar la huida, suicidio, accidente o debilidad ante un ataque com\u00fan. <\/em><\/strong><\/h3>\n<p>&nbsp;<\/p>\n<p>Tal vez los \u00fanicos flancos expuestos de <strong>Vicente Cordeyro<\/strong> sean la valent\u00eda de sus apreciaciones y las indagaciones criminales que continuaba realizando. El comisario Mayor retirado <strong>dec\u00eda en voz alta lo que otros callaban<\/strong>.<\/p>\n<p>Calmo, mesurado, se\u00f1alaba que <strong>narcotr\u00e1fico y lavado de dinero<\/strong> corrompen a jueces, polic\u00edas, legisladores y gobernantes. Advirtiendo que detr\u00e1s de algunos cr\u00edmenes impunes o mal investigados y juzgados estaban relacionados con la droga, el dinero sucio y la corrupci\u00f3n.<\/p>\n<p>Tambi\u00e9n cr\u00edticas a investigaciones que consideraba, en el mejor de los casos, precarias y malogradas. Y en otros, malintencionadas. Conceptos provenientes desde sus conocimientos, experiencias y honestidad.<\/p>\n<p>Opiniones que molestaban, irritaban, enojaban en \u00e1mbitos oficiales. Cordeyro no era querido en el Ministerio P\u00fablico Fiscal, ni en el Ministerio de Seguridad. Adem\u00e1s, m\u00e1s all\u00e1 de las antipat\u00edas de funcionarios, Cordeyro rozaba la matriz intelectual del crimen organizado.<\/p>\n<p><img loading=\"lazy\" decoding=\"async\" class=\" wp-image-1120 alignleft\" src=\"https:\/\/www.nortesocial.com.ar\/wp-content\/uploads\/2025\/10\/Cordeyro09.png\" alt=\"\" width=\"520\" height=\"481\" srcset=\"https:\/\/www.nortesocial.com.ar\/wp-content\/uploads\/2025\/10\/Cordeyro09.png 623w, https:\/\/www.nortesocial.com.ar\/wp-content\/uploads\/2025\/10\/Cordeyro09-454x420.png 454w\" sizes=\"auto, (max-width: 520px) 100vw, 520px\" \/><\/p>\n<p><strong>Cr\u00edtico<\/strong><\/p>\n<p>Bien puede ser considerado un estadista en Seguridad El exjefe policial fue el autor del proyecto del Sistema de Emergencias 911, presentado al entonces gobernador Juan Carlos Romero. El 911 se inaugur\u00f3 el 3 de mayo de 2005 mediante la Ley N\u00b0 7343, que adher\u00eda a la Ley Federal 25.367.<\/p>\n<p>Tanto en entrevistas period\u00edsticas como en sus c\u00e1tedras y clases, sosten\u00eda la necesidad de la Provincia de contar con <strong>Inteligencia Criminal centralizada<\/strong>, mapas delictivos y observatorio del crimen.<\/p>\n<p>A este periodista asegur\u00f3 las falencias del proyecto de reforma del <strong>C\u00f3digo Procesal Penal.<\/strong> Dando como ejemplo <em>que \u201cel nuevo C\u00f3digo Procesal Penal deber\u00eda reorganizar la Brigada de Investigaciones\u2026 que fue desmantelada, y los resultados son malos\u201d<\/em><\/p>\n<p>Aunando formaci\u00f3n como oficial, experiencia en la calle, afici\u00f3n al estudio, tenacidad y rigor investigativo, lo hicieron un sagaz detective. De tal modo, criticaba la actual ausencia de \u201c<em>sabuesos\u201d, <\/em>portadores de <em>\u201colfato\u201d<\/em><\/p>\n<p>Sus cr\u00edticas observaciones se\u00f1alaban que faltaban fiscales <em>\u201ccon conocimientos emp\u00edricos, embarr\u00e1ndose\u201d<\/em> De igual modo opinaba respecto a los <strong>polic\u00edas incorporados al CIF.<\/strong><\/p>\n<p>Sus ideas generaron enconos.<\/p>\n<p>&nbsp;<\/p>\n<p><strong>Sin partidismo<\/strong><\/p>\n<p>Lejos de posiciones partidarias, Cordeyro fue cr\u00edtico tanto del exprocurador <strong>Pablo<\/strong> <strong>L\u00f3pez Vi\u00f1als<\/strong>, de su sucesor y ex ministro de Seguridad <strong>Abel Cornejo<\/strong>, como del actual titular del MPF, <strong>Pedro Garc\u00eda Castiella<\/strong>.<\/p>\n<p>El especialista asegur\u00f3 hace tres a\u00f1os que exist\u00edan en Salta entre <em>\u201c6 y 7 organizaciones narcos\u201d<\/em>. Entre ellas<strong>, el clan Castedo, el clan Loza y el clan Ferreyra<\/strong>.<\/p>\n<p>El exministro Cornejo lo desminti\u00f3, diciendo <em>&#8220;no se puede hacer semejante afirmaci\u00f3n&#8221;.<\/em><\/p>\n<p>Cordeyro record\u00f3 que <strong>funcionarios judiciales, legislativos y pol\u00edticos de Salta estuvieron vinculados directa o indirectamente con el narcotr\u00e1fico<\/strong>, especialmente en zonas como Salvador Mazza y Aguas Blancas. <em>\u201cAll\u00ed vimos jueces, intendentes y hasta diputados comprometidos con bandas como la de los Castedo<\/em>\u201d, describi\u00f3.<\/p>\n<p>Y subray\u00f3: \u201cel verdadero problema est\u00e1 en la corrupci\u00f3n estructural en el Estado\u201d<\/p>\n<p><img loading=\"lazy\" decoding=\"async\" class=\"alignright wp-image-1022\" src=\"https:\/\/www.nortesocial.com.ar\/wp-content\/uploads\/2025\/09\/jime5.png\" alt=\"\" width=\"466\" height=\"553\" srcset=\"https:\/\/www.nortesocial.com.ar\/wp-content\/uploads\/2025\/09\/jime5.png 563w, https:\/\/www.nortesocial.com.ar\/wp-content\/uploads\/2025\/09\/jime5-354x420.png 354w\" sizes=\"auto, (max-width: 466px) 100vw, 466px\" \/><\/p>\n<p><strong>\u201d Guardar silencio\u201d<\/strong><\/p>\n<p>El Procurador General Pedro Garc\u00eda Castiella apunt\u00f3 contra su antecesor (Cornejo) y Cordeyro por divulgar <em>\u201cteor\u00edas conspirativas\u201d. <\/em>As\u00ed expres\u00f3 el 6 de octubre. ( <a href=\"https:\/\/noticias.iruya.com\/b\/actualidad\/36246-garcia-castiella-senala-a-abel-cornejo-y-al-policia-cordeyro-como-difusores-de-teorias-conspirativas.html\">https:\/\/noticias.iruya.com\/b\/actualidad\/36246-garcia-castiella-senala-a-abel-cornejo-y-al-policia-cordeyro-como-difusores-de-teorias-conspirativas.html<\/a>)<\/p>\n<p>En entrevistas, el investigador policial denost\u00f3 los procedimientos realizados por los funcionarios del CIF, en relaci\u00f3n a cr\u00edmenes impunes o resueltos \u201ca medias\u201d.<\/p>\n<p>El jefe de los fiscales sostuvo: <em>\u201cPuntualmente se han escuchado estas teor\u00edas conspirativas, de qu\u00e9 habr\u00eda pasado con el Chino (Javier) Saavedra, de parte del exjefe policial Vicente Cordeyro; de parte del exprocurador de la Provincia, el doctor Abel Cornejo, pretendiendo echar un manto de incertidumbre sobre lo que pas\u00f3\u201d.<\/em><\/p>\n<p>Asegur\u00f3 que \u201c<em>todas las teor\u00edas especulativas son muy da\u00f1inas\u201d. <\/em>Y les advirti\u00f3 a Cordeyro y Cornejo <em>\u201dguardar silencio\u201d<\/em><\/p>\n<p><img loading=\"lazy\" decoding=\"async\" class=\"alignright wp-image-1119\" src=\"https:\/\/www.nortesocial.com.ar\/wp-content\/uploads\/2025\/10\/Cordeyro03.jpg\" alt=\"\" width=\"410\" height=\"215\" \/><\/p>\n<p><strong>Rastros perdidos<\/strong><\/p>\n<p>La ma\u00f1ana del jueves 9 de octubre, Vicente Cordeyro, conduciendo un Volkswagen Suran color gris, dej\u00f3 a su nieta en el Colegio de Jes\u00fas, en la avenida Belgrano 636, a media cuadra de Mitre y Belgrano. Deb\u00eda retirar a la peque\u00f1a al mediod\u00eda. Nunca lleg\u00f3.<\/p>\n<p>A la noche, la Polic\u00eda encontr\u00f3 el autom\u00f3vil en Mitre y G\u00fcemes, en San Lorenzo. El veh\u00edculo estaba con sus puertas cerradas, sin se\u00f1ales de atraco. \u00a0A tres cuadras de la avenida principal, a pocos metros de la parroquia y la subcomisar\u00eda, a m\u00e1s de 15 cuadras de la Quebrada.<\/p>\n<p>Extra\u00f1o lugar para estacionar el auto para salir a hacer gimnasia. Pero ideal para desorientar.<\/p>\n","protected":false},"excerpt":{"rendered":"<p>ULTIMO MOMENTO: HALLARON MUERTO A VICENTE CORDEYRO Familiero, deportista, con valores, firme y precavido. Algunas de las caracter\u00edsticas personales que har\u00edan descartar la huida, suicidio, accidente o debilidad ante un ataque com\u00fan. &nbsp; Tal vez los \u00fanicos flancos expuestos de Vicente Cordeyro sean la valent\u00eda de sus apreciaciones y las indagaciones criminales que continuaba realizando. [&hellip;]<\/p>\n","protected":false},"author":2,"featured_media":1117,"comment_status":"open","ping_status":"closed","sticky":false,"template":"","format":"standard","meta":{"footnotes":""},"categories":[6,2,47],"tags":[252,18,251,17,250,246],"class_list":["post-1116","post","type-post","status-publish","format-standard","has-post-thumbnail","hentry","category-cronicas-criminales","category-destacadas","category-salta","tag-castiella","tag-dario-illanes","tag-desaparecido","tag-norte-social","tag-san-lorenzo","tag-vicente-cordeyro"],"_links":{"self":[{"href":"https:\/\/www.nortesocial.com.ar\/index.php?rest_route=\/wp\/v2\/posts\/1116","targetHints":{"allow":["GET"]}}],"collection":[{"href":"https:\/\/www.nortesocial.com.ar\/index.php?rest_route=\/wp\/v2\/posts"}],"about":[{"href":"https:\/\/www.nortesocial.com.ar\/index.php?rest_route=\/wp\/v2\/types\/post"}],"author":[{"embeddable":true,"href":"https:\/\/www.nortesocial.com.ar\/index.php?rest_route=\/wp\/v2\/users\/2"}],"replies":[{"embeddable":true,"href":"https:\/\/www.nortesocial.com.ar\/index.php?rest_route=%2Fwp%2Fv2%2Fcomments&post=1116"}],"version-history":[{"count":4,"href":"https:\/\/www.nortesocial.com.ar\/index.php?rest_route=\/wp\/v2\/posts\/1116\/revisions"}],"predecessor-version":[{"id":1123,"href":"https:\/\/www.nortesocial.com.ar\/index.php?rest_route=\/wp\/v2\/posts\/1116\/revisions\/1123"}],"wp:featuredmedia":[{"embeddable":true,"href":"https:\/\/www.nortesocial.com.ar\/index.php?rest_route=\/wp\/v2\/media\/1117"}],"wp:attachment":[{"href":"https:\/\/www.nortesocial.com.ar\/index.php?rest_route=%2Fwp%2Fv2%2Fmedia&parent=1116"}],"wp:term":[{"taxonomy":"category","embeddable":true,"href":"https:\/\/www.nortesocial.com.ar\/index.php?rest_route=%2Fwp%2Fv2%2Fcategories&post=1116"},{"taxonomy":"post_tag","embeddable":true,"href":"https:\/\/www.nortesocial.com.ar\/index.php?rest_route=%2Fwp%2Fv2%2Ftags&post=1116"}],"curies":[{"name":"wp","href":"https:\/\/api.w.org\/{rel}","templated":true}]}}