{"id":1136,"date":"2025-10-13T10:39:05","date_gmt":"2025-10-13T13:39:05","guid":{"rendered":"https:\/\/www.nortesocial.com.ar\/?p=1136"},"modified":"2025-10-13T19:27:50","modified_gmt":"2025-10-13T22:27:50","slug":"cordeyro-subio-al-cerro-otro-prendio-fuego","status":"publish","type":"post","link":"https:\/\/www.nortesocial.com.ar\/?p=1136","title":{"rendered":"CORDEYRO SUBI\u00d3 AL CERRO. OTRO PRENDI\u00d3 FUEGO"},"content":{"rendered":"<p><strong><em>El mismo d\u00eda, la misma ma\u00f1ana que el jefe policial subi\u00f3 al cerro Elefante en San Lorenzo, un criminal provoc\u00f3 un incendio en una de las laderas. Dos d\u00edas despu\u00e9s, Vicente fue hallado muerto.<\/em><\/strong><\/p>\n<p>&nbsp;<\/p>\n<p>A las 08.22 del jueves 9 de octubre, una c\u00e1mara de seguridad registr\u00f3 a Vicente Cordeyro caminando por la calle G\u00fcemes, de la Villa San Lorenzo. Vest\u00eda un conjunto deportivo color negro y mochila clara, A buen ritmo marchaba hacia el cerro Elefante.<\/p>\n<figure id=\"attachment_1133\" aria-describedby=\"caption-attachment-1133\" style=\"width: 310px\" class=\"wp-caption alignright\"><img loading=\"lazy\" decoding=\"async\" class=\"size-full wp-image-1133\" src=\"https:\/\/www.nortesocial.com.ar\/wp-content\/uploads\/2025\/10\/Cordeyro15-1.png\" alt=\"\" width=\"310\" height=\"228\" srcset=\"https:\/\/www.nortesocial.com.ar\/wp-content\/uploads\/2025\/10\/Cordeyro15-1.png 310w, https:\/\/www.nortesocial.com.ar\/wp-content\/uploads\/2025\/10\/Cordeyro15-1-80x60.png 80w\" sizes=\"auto, (max-width: 310px) 100vw, 310px\" \/><figcaption id=\"caption-attachment-1133\" class=\"wp-caption-text\">LA C\u00c1MARA CAPTA A CORDEYRO CAMINANDO HACIA EL CERRO<\/figcaption><\/figure>\n<p>El trayecto hasta la cima, de acuerdo al camino elegido y la velocidad del paso, demanda entre una y tres horas. Aparentemente, encarando desde el Este a la altura de la <strong>parroquia San Lorenzo M\u00e1rtir<\/strong>, en cercan\u00edas en donde estacion\u00f3 su auto, Cordeyro habr\u00eda tomado uno de los caminos intermedios.<\/p>\n<p>Suponiendo una marcha moderada, a lo sumo en dos horas debi\u00f3 llegar a la cima del Elefante. Esto es, <strong>aproximadamente a las 10.30<\/strong>.<\/p>\n<p>Vicente dispon\u00eda de una hora para pasear y luego descender, para regresar al Colegio de Jes\u00fas para buscar a su nieta.<\/p>\n<p><img loading=\"lazy\" decoding=\"async\" class=\"size-full wp-image-1117 alignleft\" src=\"https:\/\/www.nortesocial.com.ar\/wp-content\/uploads\/2025\/10\/Cordeyro08.png\" alt=\"\" width=\"510\" height=\"245\" \/><\/p>\n<p><strong>Fuego<\/strong><\/p>\n<p>A\u00fan no llegaron las lluvias. Hay m\u00e1s sequedad que verde. Alrededor de las 10.30, una <strong>t\u00edmida llama en la ladera<\/strong> oeste creci\u00f3 y comenz\u00f3 a propagarse. A la media hora era incendio devorador.<\/p>\n<p>Antes de las 12, los vecinos alertaron del humo. La <strong>jefa de Bomberos Voluntarios de San Lorenzo, Macarena Rizzotti<\/strong>, orden\u00f3 ir a combatir el incendio.<\/p>\n<p>Las nobles, an\u00f3nimas personas entrenadas se pusieron sus trajes ign\u00edfugos, cascos, m\u00e1scaras de respiraci\u00f3n, guantes, botas y gafas. Sin esta protecci\u00f3n es mortal acercarse al fuego, calor, humo. Y ascendieron. Cuando llegaron, las llamas se hab\u00edan expandido en <strong>15 hect\u00e1reas<\/strong>.<\/p>\n<p>Desde el comienzo del trabajo, personal policial y municipal cerraron los accesos a los senderos de trekking y mountain bike. La magnitud del incendio hizo que solidariamente se sumasen vecinos y monta\u00f1istas. Asistiendo con agua, aguante y v\u00edveres.<\/p>\n<figure id=\"attachment_1126\" aria-describedby=\"caption-attachment-1126\" style=\"width: 506px\" class=\"wp-caption alignright\"><img loading=\"lazy\" decoding=\"async\" class=\" wp-image-1126\" src=\"https:\/\/www.nortesocial.com.ar\/wp-content\/uploads\/2025\/10\/Cordeyro09.webp\" alt=\"\" width=\"506\" height=\"285\" srcset=\"https:\/\/www.nortesocial.com.ar\/wp-content\/uploads\/2025\/10\/Cordeyro09.webp 1066w, https:\/\/www.nortesocial.com.ar\/wp-content\/uploads\/2025\/10\/Cordeyro09-768x432.webp 768w, https:\/\/www.nortesocial.com.ar\/wp-content\/uploads\/2025\/10\/Cordeyro09-696x392.webp 696w, https:\/\/www.nortesocial.com.ar\/wp-content\/uploads\/2025\/10\/Cordeyro09-746x420.webp 746w\" sizes=\"auto, (max-width: 506px) 100vw, 506px\" \/><figcaption id=\"caption-attachment-1126\" class=\"wp-caption-text\">CERRO ELEFANTE. UNA SENDA INCENDIADA<\/figcaption><\/figure>\n<p><strong>Provocado<\/strong><\/p>\n<p>Al anochecer, el fuego fue controlado exitosamente. Extenuados, ennegrecidos por el humo y las cenizas, pero felices por haber vencido a la voracidad de las llamas, los bomberos regresaron al cuartel.<\/p>\n<p>Uno de los corajudos le entreg\u00f3 a la comandante Macarena Rizzotti un peque\u00f1o objeto. Se trataba de un com\u00fan encendedor. <strong>El fuego en el Elefante habr\u00eda sido provocado<\/strong>.<\/p>\n<p>Precisamente cuando Vicente Cordeyro se encontraba en el cerro.<\/p>\n<p>&nbsp;<\/p>\n<p><strong>Fuego y asfixia<\/strong><\/p>\n<p>Quienes encienden algo de le\u00f1a o carb\u00f3n para hacer un asado a veces sufren el humo entrando en ojos, nariz, boca. Tras alejarse, son las l\u00e1grimas, tos, estornudos, ardor. A los pocos minutos, est\u00e1 todo bien.<\/p>\n<p>Durante un incendio, antes que las llamas, lo que mata es el humo. Apenas cinco minutos aspirando di\u00f3xido de carbono (CO2) y mon\u00f3xido de carbono son suficientes para doblegar el cerebro, intoxicar la sangre, colapsar los pulmones, morir.<\/p>\n<p>Aunque se est\u00e9 lejos, las part\u00edculas finas (PM2.5), casi invisibles, penetran en las v\u00edas respiratorias e ingresan al torrente sangu\u00edneo.<\/p>\n<p>Vicente Cordeyro, inesperadamente, habr\u00eda sido <strong>rodeado por el humo<\/strong>. En pocos minutos la falta de ox\u00edgeno aniquil\u00f3 su vida.<\/p>\n<figure id=\"attachment_1129\" aria-describedby=\"caption-attachment-1129\" style=\"width: 261px\" class=\"wp-caption alignright\"><img loading=\"lazy\" decoding=\"async\" class=\"size-full wp-image-1129\" src=\"https:\/\/www.nortesocial.com.ar\/wp-content\/uploads\/2025\/10\/Cordeyro14.png\" alt=\"\" width=\"261\" height=\"265\" \/><figcaption id=\"caption-attachment-1129\" class=\"wp-caption-text\">FISCALES RIVERO Y GONZ\u00c1LEZ<\/figcaption><\/figure>\n<p><strong>\u00bfCoincidencial?<\/strong><\/p>\n<p>El mismo d\u00eda, la misma ma\u00f1ana que Vicente Cordeyro subi\u00f3 al cerro Elefante, un criminal provoc\u00f3 un incendio.<\/p>\n<p>La autopsia dictamin\u00f3 que el retirado jefe policial y docente universitario <strong>falleci\u00f3 asfixiado, por ahorcamiento; y se encontraron lesiones provocadas por fuego.<\/strong><\/p>\n<p>Se desconocen los resultados de las pericias \u00a0y averiguaciones con respecto a la participaci\u00f3n de terceros. Dicho de modo sencillo: Cordeyo, \u00bfse mat\u00f3 ahorc\u00e1ndose o lo mataron?<\/p>\n<p>Asimismo, tal vez, el fiscal Gabriel Gonz\u00e1lez decida investigar la relaci\u00f3n entre el fuego provocado y la muerte. \u00a0Por ejemplo, en el caso de que Cordeyro haya sido asesinado, su cad\u00e1ver sea devorado por las llamas y calcinado.<\/p>\n<p>&nbsp;<\/p>\n<p><strong>NARCOPODER<\/strong><\/p>\n<p>En los pr\u00f3ximos d\u00edas, Cordeyro iba a tener una entrevista con el peri\u00f3dico web Norte Social. Los temas ser\u00edan la relaci\u00f3n entre Fred Machado, Jos\u00e9 Luis Espert, una legisladora salte\u00f1a vinculada a ambos y los c\u00e1rteles salte\u00f1os.<\/p>\n<p>&nbsp;<\/p>\n<p><strong>AHORCADO<\/strong><\/p>\n<figure id=\"attachment_1119\" aria-describedby=\"caption-attachment-1119\" style=\"width: 530px\" class=\"wp-caption alignright\"><img loading=\"lazy\" decoding=\"async\" class=\"size-full wp-image-1119\" src=\"https:\/\/www.nortesocial.com.ar\/wp-content\/uploads\/2025\/10\/Cordeyro03.jpg\" alt=\"\" width=\"530\" height=\"278\" \/><figcaption id=\"caption-attachment-1119\" class=\"wp-caption-text\">EL AUTO DE CORDEYRO<\/figcaption><\/figure>\n<p>Luego de encontrar su cuerpo en la localidad de San Lorenzo, el domingo 12 de octubre se realiz\u00f3 la autopsia con la participaci\u00f3n de un perito de parte. El informe preliminar revel\u00f3 que el deceso se produjo por <strong>asfixia por ahorcamiento<\/strong>. Destac\u00f3 que el cuerpo presenta <strong>lesiones superficiales que habr\u00edan sido causadas por contacto con el fuego<\/strong>, y se dispuso realizar estudios complementarios que ser\u00e1n incorporados en el informe definitivo de autopsia.<\/p>\n<p><strong>LAS PEORES SOSPECHAS<\/strong><\/p>\n<p>La autopsia, realizada cuatro d\u00edas despu\u00e9s de la muerte, dio cuenta de <strong>\u201casfixia por ahorcamiento\u201d y \u201cLesiones por fuego\u201d.<\/strong> Empero, <strong>se desconoce si la v\u00edctima se colg\u00f3 de un \u00e1rbol<\/strong> (y si as\u00ed fue encontrado el s\u00e1bado 11 de octubre a las 9.30).<\/p>\n<p>En definitiva, la pregunta de la sociedad es: <strong>\u00bfel exjefe de la Polic\u00eda de Salta se mat\u00f3 o lo mataron?<\/strong><\/p>\n<p>El trabajo de los m\u00e9dicos forenses sobre el cad\u00e1ver de Cordeyro se practic\u00f3 el domingo a la noche. <strong>Casi 90 horas despu\u00e9s de la muerte<\/strong>. Excesiva demora desde el hallazgo mortal. Tras el \u201crigor mortis\u201d, muchas evidencias desaparecen.<\/p>\n<p>Adem\u00e1s, nada se ha informado acerca de <strong>la mochila<\/strong> que \u00e9l portaba. Como tampoco del ascenso de Cordeyro al cerro Elefante y el incendio provocado. La misma ma\u00f1ana.<\/p>\n","protected":false},"excerpt":{"rendered":"<p>El mismo d\u00eda, la misma ma\u00f1ana que el jefe policial subi\u00f3 al cerro Elefante en San Lorenzo, un criminal provoc\u00f3 un incendio en una de las laderas. Dos d\u00edas despu\u00e9s, Vicente fue hallado muerto. &nbsp; A las 08.22 del jueves 9 de octubre, una c\u00e1mara de seguridad registr\u00f3 a Vicente Cordeyro caminando por la calle [&hellip;]<\/p>\n","protected":false},"author":2,"featured_media":1137,"comment_status":"open","ping_status":"closed","sticky":false,"template":"","format":"standard","meta":{"footnotes":""},"categories":[6,2,47],"tags":[253,29,18,237,17,250,246],"class_list":["post-1136","post","type-post","status-publish","format-standard","has-post-thumbnail","hentry","category-cronicas-criminales","category-destacadas","category-salta","tag-cerro-elefante","tag-cronicas-criminales","tag-dario-illanes","tag-narco","tag-norte-social","tag-san-lorenzo","tag-vicente-cordeyro"],"_links":{"self":[{"href":"https:\/\/www.nortesocial.com.ar\/index.php?rest_route=\/wp\/v2\/posts\/1136","targetHints":{"allow":["GET"]}}],"collection":[{"href":"https:\/\/www.nortesocial.com.ar\/index.php?rest_route=\/wp\/v2\/posts"}],"about":[{"href":"https:\/\/www.nortesocial.com.ar\/index.php?rest_route=\/wp\/v2\/types\/post"}],"author":[{"embeddable":true,"href":"https:\/\/www.nortesocial.com.ar\/index.php?rest_route=\/wp\/v2\/users\/2"}],"replies":[{"embeddable":true,"href":"https:\/\/www.nortesocial.com.ar\/index.php?rest_route=%2Fwp%2Fv2%2Fcomments&post=1136"}],"version-history":[{"count":4,"href":"https:\/\/www.nortesocial.com.ar\/index.php?rest_route=\/wp\/v2\/posts\/1136\/revisions"}],"predecessor-version":[{"id":1141,"href":"https:\/\/www.nortesocial.com.ar\/index.php?rest_route=\/wp\/v2\/posts\/1136\/revisions\/1141"}],"wp:featuredmedia":[{"embeddable":true,"href":"https:\/\/www.nortesocial.com.ar\/index.php?rest_route=\/wp\/v2\/media\/1137"}],"wp:attachment":[{"href":"https:\/\/www.nortesocial.com.ar\/index.php?rest_route=%2Fwp%2Fv2%2Fmedia&parent=1136"}],"wp:term":[{"taxonomy":"category","embeddable":true,"href":"https:\/\/www.nortesocial.com.ar\/index.php?rest_route=%2Fwp%2Fv2%2Fcategories&post=1136"},{"taxonomy":"post_tag","embeddable":true,"href":"https:\/\/www.nortesocial.com.ar\/index.php?rest_route=%2Fwp%2Fv2%2Ftags&post=1136"}],"curies":[{"name":"wp","href":"https:\/\/api.w.org\/{rel}","templated":true}]}}