{"id":1143,"date":"2025-10-16T08:32:58","date_gmt":"2025-10-16T11:32:58","guid":{"rendered":"https:\/\/www.nortesocial.com.ar\/?p=1143"},"modified":"2025-10-21T11:28:53","modified_gmt":"2025-10-21T14:28:53","slug":"la-sociedad-no-cree-que-cordeyro-se-quito-la-vida","status":"publish","type":"post","link":"https:\/\/www.nortesocial.com.ar\/?p=1143","title":{"rendered":"LA SOCIEDAD NO CREE QUE CORDEYRO SE QUIT\u00d3 LA VIDA"},"content":{"rendered":"<h3><strong><em>Vicente Cordeyro muri\u00f3 ahorcado, informaron los fiscales. Sin aclarar si el cuerpo pend\u00eda de un \u00e1rbol o se encontr\u00f3 una soga. La sociedad no cree que se haya matado.<\/em><\/strong><\/h3>\n<p>&nbsp;<\/p>\n<p>Trascendidos de la investigaci\u00f3n dicen que el cad\u00e1ver estaba desnudo, colgado, con una soga sin lazo sino envuelta en el cuello. Quemaduras en m\u00e1s de la mitad del cuerpo. Oficialmente no se inform\u00f3 si las lesiones por el fuego fueron antes o despu\u00e9s.<\/p>\n<p>O sea, Cordeyro lleg\u00f3 al cerro Elefante, se habr\u00eda despojado de sus ropas, revole\u00f3 mochila y celular, rode\u00f3 su garganta con una soga y se colg\u00f3.<\/p>\n<p>Desamorado, cruel, perverso ser\u00eda la persona que, tras dejar a su nieta en el colegio y decirle que al mediod\u00eda volver\u00eda a buscarla, decida luego quitarse la vida. En el caso de Vicente Cordeyro, su personalidad, car\u00e1cter, trayectoria, lejos estaban de una conducta que lastimase emocionalmente a una ni\u00f1a.<\/p>\n<p><img loading=\"lazy\" decoding=\"async\" class=\" wp-image-1147 alignleft\" src=\"https:\/\/www.nortesocial.com.ar\/wp-content\/uploads\/2025\/10\/Cordeyro22.png\" alt=\"\" width=\"314\" height=\"383\" srcset=\"https:\/\/www.nortesocial.com.ar\/wp-content\/uploads\/2025\/10\/Cordeyro22.png 432w, https:\/\/www.nortesocial.com.ar\/wp-content\/uploads\/2025\/10\/Cordeyro22-344x420.png 344w\" sizes=\"auto, (max-width: 314px) 100vw, 314px\" \/>Familiero, deportista, con valores, amable y firme, precavido eran algunas de sus caracter\u00edsticas personales, distantes a las de un suicida. Tal vez sus flancos eran la valent\u00eda en apreciaciones y las <strong>indagaciones criminales que continuaba realizando<\/strong>. El comisario Mayor retirado <strong>dec\u00eda en voz alta lo que otros callaban<\/strong>.<\/p>\n<p>Calmo, mesurado, se\u00f1alaba que narcotr\u00e1fico y lavado de dinero corrompen a jueces, polic\u00edas, legisladores y gobernantes. Advirtiendo que detr\u00e1s de algunos cr\u00edmenes impunes o mal investigados y juzgados estaban relacionados con la <strong>droga, el dinero sucio y la corrupci\u00f3n<\/strong>.<\/p>\n<p>Tambi\u00e9n cr\u00edticas a investigaciones que consideraba, en el mejor de los casos, precarias y malogradas. Y en otros, malintencionadas e ilegales. Conceptos provenientes desde sus conocimientos, experiencias y honestidad.<\/p>\n<figure id=\"attachment_1148\" aria-describedby=\"caption-attachment-1148\" style=\"width: 431px\" class=\"wp-caption alignright\"><img loading=\"lazy\" decoding=\"async\" class=\" wp-image-1148\" src=\"https:\/\/www.nortesocial.com.ar\/wp-content\/uploads\/2025\/10\/Cordeyro23.png\" alt=\"\" width=\"431\" height=\"367\" srcset=\"https:\/\/www.nortesocial.com.ar\/wp-content\/uploads\/2025\/10\/Cordeyro23.png 505w, https:\/\/www.nortesocial.com.ar\/wp-content\/uploads\/2025\/10\/Cordeyro23-493x420.png 493w\" sizes=\"auto, (max-width: 431px) 100vw, 431px\" \/><figcaption id=\"caption-attachment-1148\" class=\"wp-caption-text\">PROCURADOR PEDRO GARC\u00cdA CASTIELLA<\/figcaption><\/figure>\n<p><strong>Valiente y honesto<\/strong><\/p>\n<p>El docente universitario aseguraba que exist\u00edan en Salta entre <em>\u201c6 y 7 organizaciones narcos\u201d<\/em>. Entre ellas, el clan Castedo, el clan Loza y el clan Ferreyra. Cordeyro se\u00f1al\u00f3 que funcionarios judiciales, legislativos y pol\u00edticos de Salta estuvieron y est\u00e1n vinculados directa o indirectamente con el narcotr\u00e1fico<\/p>\n<p>En este sentido, Cordeyro subrayaba: <em>\u201cEl verdadero problema (del negocio con la droga) est\u00e1 en la corrupci\u00f3n estructural en el Estado\u201d<\/em> Consider\u00f3 que en la masacre de <strong>Jimena Salas <\/strong>era escandalosamente rid\u00edcula la hip\u00f3tesis del femicidio tras un robo frustrado. Interpret\u00f3 que estaba relacionado con el lavado de dinero.<\/p>\n<p>Sus opiniones molestaban, irritaban, enojaban en \u00e1mbitos oficiales. Y las organizaciones delictivas <strong>lo ten\u00edan en la mira<\/strong>.<\/p>\n<p>Empero, Vicente era estimado por la sociedad como un hombre valiente y honesto.<\/p>\n<figure id=\"attachment_1137\" aria-describedby=\"caption-attachment-1137\" style=\"width: 1067px\" class=\"wp-caption alignleft\"><img loading=\"lazy\" decoding=\"async\" class=\"size-full wp-image-1137\" src=\"https:\/\/www.nortesocial.com.ar\/wp-content\/uploads\/2025\/10\/Cordeyro18.webp\" alt=\"\" width=\"1067\" height=\"600\" srcset=\"https:\/\/www.nortesocial.com.ar\/wp-content\/uploads\/2025\/10\/Cordeyro18.webp 1067w, https:\/\/www.nortesocial.com.ar\/wp-content\/uploads\/2025\/10\/Cordeyro18-768x432.webp 768w, https:\/\/www.nortesocial.com.ar\/wp-content\/uploads\/2025\/10\/Cordeyro18-696x391.webp 696w, https:\/\/www.nortesocial.com.ar\/wp-content\/uploads\/2025\/10\/Cordeyro18-747x420.webp 747w\" sizes=\"auto, (max-width: 1067px) 100vw, 1067px\" \/><figcaption id=\"caption-attachment-1137\" class=\"wp-caption-text\">BOMBEROS VOLUNTARIIOS LUCHAN CONTRA EL INCENDIO EN EL CERRO ELEFANTE<\/figcaption><\/figure>\n<p><strong>Reclamo social<\/strong><\/p>\n<p>Seguramente estas certidumbres animaron la convocatoria ciudadana del mi\u00e9rcoles 15 de octubre frente al Cabildo de Salta. Exigiendo a los fiscales una investigaci\u00f3n transparente. E informaci\u00f3n. Las marchas continuar\u00e1n.<\/p>\n<p>As\u00ed tambi\u00e9n la decepci\u00f3n period\u00edstica, tras la escueta y precaria conferencia de prensa &#8211; el s\u00e1bado 11 de octubre a la tarde- brindada por el equipo fiscal. Ni siquiera se inform\u00f3 <strong>d\u00f3nde o c\u00f3mo se encontr\u00f3 el cuerpo<\/strong>. Tampoco se inform\u00f3 del incendio forestal, el mismo jueves 9 de octubre.<\/p>\n<p>El cad\u00e1ver fue hallado dos d\u00edas despu\u00e9s de la desaparici\u00f3n de Cordeyro. La autopsia se practic\u00f3 casi 90 horas despu\u00e9s de la presunta muerte. Excesiva demora. Adem\u00e1s, nula <strong>informaci\u00f3n acerca de la mochila<\/strong> que \u00e9l portaba. Como tampoco del ascenso de Cordeyro al <strong>cerro Elefante<\/strong> y el <strong>incendio provocado<\/strong>. La misma ma\u00f1ana.<\/p>\n<p>&nbsp;<\/p>\n<p><strong>Justicia cuestionada<\/strong><\/p>\n<p>El 87 % de la poblaci\u00f3n desconf\u00eda de la justicia. As\u00ed revel\u00f3 el <strong>\u00cdndice de Confianza en la Justicia<\/strong> (ICJ), elaborado por la Escuela de Derecho de la Universidad Torcuato Di Tella.<\/p>\n<p>De acuerdo al estudio universitario, una de las razones es la \u201c<strong>Percepci\u00f3n de impunidad<\/strong>\u201d. La gente sospecha que los cr\u00edmenes organizados, lavados de dinero, personas con poder, quedan impunes.<\/p>\n<p>Tambi\u00e9n la falta de independencia de la justicia del poder pol\u00edtico y\/o econ\u00f3mico. La ausencia de transparencia y comunicaci\u00f3n, el ocultamiento de informaci\u00f3n. Las morosas y escasas investigaciones de casos de corrupci\u00f3n. El informe refiere que s\u00f3lo se castiga a quienes \u201cles soltaron la mano\u201d<\/p>\n<p>&nbsp;<\/p>\n<p><strong>Tiempo electoral<\/strong><\/p>\n<p>La sospechosa muerte de Vicente Cordeyro \u2013 en tiempo electoral \u2013 perjudicar\u00eda al gobierno de Salta y a un candidato exgobernador. <strong>Gustavo S\u00e1enz<\/strong>, r\u00e1pido de reflejos, manifest\u00f3: \u201c<em>Cordeyro hab\u00eda denunciado la realidad del crimen organizado en Salta\u201d<\/em><\/p>\n<figure id=\"attachment_1146\" aria-describedby=\"caption-attachment-1146\" style=\"width: 490px\" class=\"wp-caption alignright\"><img loading=\"lazy\" decoding=\"async\" class=\"size-full wp-image-1146\" src=\"https:\/\/www.nortesocial.com.ar\/wp-content\/uploads\/2025\/10\/Cordeyro24.png\" alt=\"\" width=\"490\" height=\"469\" srcset=\"https:\/\/www.nortesocial.com.ar\/wp-content\/uploads\/2025\/10\/Cordeyro24.png 490w, https:\/\/www.nortesocial.com.ar\/wp-content\/uploads\/2025\/10\/Cordeyro24-439x420.png 439w\" sizes=\"auto, (max-width: 490px) 100vw, 490px\" \/><figcaption id=\"caption-attachment-1146\" class=\"wp-caption-text\">GUSTAVO S\u00c1ENZ<\/figcaption><\/figure>\n<p>Y rememor\u00f3 el <strong>doble homicidio de las estudiantes francesas (<\/strong>2011) y las pol\u00e9micas muertes de las <strong>adolescentes de barrio San Carlos<\/strong> (2012).<\/p>\n<p><em>\u201cYa hemos visto lamentablemente casos resonantes en nuestra provincia que han quedado con un manto de duda muy grande. Se han cerrado r\u00e1pido con la hip\u00f3tesis del suicidio. El caso Luj\u00e1n y Yanina, el caso Piccolo casos cerrados demasiado r\u00e1pido, esto gener\u00f3 que haya gente que descrea\u201d,<\/em> destac\u00f3 el gobernador salte\u00f1o.<\/p>\n","protected":false},"excerpt":{"rendered":"<p>Vicente Cordeyro muri\u00f3 ahorcado, informaron los fiscales. Sin aclarar si el cuerpo pend\u00eda de un \u00e1rbol o se encontr\u00f3 una soga. La sociedad no cree que se haya matado. &nbsp; Trascendidos de la investigaci\u00f3n dicen que el cad\u00e1ver estaba desnudo, colgado, con una soga sin lazo sino envuelta en el cuello. Quemaduras en m\u00e1s de [&hellip;]<\/p>\n","protected":false},"author":2,"featured_media":1144,"comment_status":"open","ping_status":"closed","sticky":false,"template":"","format":"standard","meta":{"footnotes":""},"categories":[6,12],"tags":[29,18,17,32,246],"class_list":["post-1143","post","type-post","status-publish","format-standard","has-post-thumbnail","hentry","category-cronicas-criminales","category-sociedad-politica-economia","tag-cronicas-criminales","tag-dario-illanes","tag-norte-social","tag-saenz","tag-vicente-cordeyro"],"_links":{"self":[{"href":"https:\/\/www.nortesocial.com.ar\/index.php?rest_route=\/wp\/v2\/posts\/1143","targetHints":{"allow":["GET"]}}],"collection":[{"href":"https:\/\/www.nortesocial.com.ar\/index.php?rest_route=\/wp\/v2\/posts"}],"about":[{"href":"https:\/\/www.nortesocial.com.ar\/index.php?rest_route=\/wp\/v2\/types\/post"}],"author":[{"embeddable":true,"href":"https:\/\/www.nortesocial.com.ar\/index.php?rest_route=\/wp\/v2\/users\/2"}],"replies":[{"embeddable":true,"href":"https:\/\/www.nortesocial.com.ar\/index.php?rest_route=%2Fwp%2Fv2%2Fcomments&post=1143"}],"version-history":[{"count":5,"href":"https:\/\/www.nortesocial.com.ar\/index.php?rest_route=\/wp\/v2\/posts\/1143\/revisions"}],"predecessor-version":[{"id":1152,"href":"https:\/\/www.nortesocial.com.ar\/index.php?rest_route=\/wp\/v2\/posts\/1143\/revisions\/1152"}],"wp:featuredmedia":[{"embeddable":true,"href":"https:\/\/www.nortesocial.com.ar\/index.php?rest_route=\/wp\/v2\/media\/1144"}],"wp:attachment":[{"href":"https:\/\/www.nortesocial.com.ar\/index.php?rest_route=%2Fwp%2Fv2%2Fmedia&parent=1143"}],"wp:term":[{"taxonomy":"category","embeddable":true,"href":"https:\/\/www.nortesocial.com.ar\/index.php?rest_route=%2Fwp%2Fv2%2Fcategories&post=1143"},{"taxonomy":"post_tag","embeddable":true,"href":"https:\/\/www.nortesocial.com.ar\/index.php?rest_route=%2Fwp%2Fv2%2Ftags&post=1143"}],"curies":[{"name":"wp","href":"https:\/\/api.w.org\/{rel}","templated":true}]}}