{"id":1162,"date":"2025-10-18T17:42:35","date_gmt":"2025-10-18T20:42:35","guid":{"rendered":"https:\/\/www.nortesocial.com.ar\/?p=1162"},"modified":"2025-10-19T08:06:22","modified_gmt":"2025-10-19T11:06:22","slug":"una-candidata-distinta","status":"publish","type":"post","link":"https:\/\/www.nortesocial.com.ar\/?p=1162","title":{"rendered":"UNA CANDIDATA DISTINTA"},"content":{"rendered":"<h3><strong><em>Devaluaci\u00f3n y m\u00e1s pobreza; estallido social y represi\u00f3n; traici\u00f3n de gobernadores y dirigentes; subordinaci\u00f3n a los Estados Unidos. La candidata Violeta Gil asegura que hay alternativa.<\/em><\/strong><\/h3>\n<p>&nbsp;<\/p>\n<p>Periodista salte\u00f1a, trabajadora, sencilla, natural, desde <strong>Pol\u00edtica Obrera Violeta Gil<\/strong> es conocida en calle, medios y barrios por el apoyo a laburantes, vecinos, mujeres, jubilados, pobres, despojados.<\/p>\n<p>Indudablemente, es una candidata salte\u00f1a al Senado de la Naci\u00f3n distinta cerca de la gente y el pueblo. La siesta del viernes 17 de octubre, <strong>Norte Social<\/strong> la entrevist\u00f3 en la ciudad de Salta:<img loading=\"lazy\" decoding=\"async\" class=\" wp-image-1163 alignleft\" src=\"https:\/\/www.nortesocial.com.ar\/wp-content\/uploads\/2025\/10\/Violeta05.png\" alt=\"\" width=\"240\" height=\"223\" \/><\/p>\n<ul>\n<li><strong>\u00bfQu\u00e9 pasar\u00eda el lunes 27 de octubre?<\/strong><\/li>\n<li><em>En primer lugar, ser\u00e1 una derrota del gobierno de Javier Milei. La gente ser\u00e1 contundente expres\u00e1ndose en su contra. En casi toda la Argentina, la oposici\u00f3n ganar\u00e1.<\/em><\/li>\n<li><strong>Pero para las mayor\u00edas populares, en el d\u00eda a d\u00eda para vivir o sobrevivir, \u00bfc\u00f3mo estaremos?<\/strong><\/li>\n<li><em>El respaldo econ\u00f3mico del gobierno norteamericano anticipa un fuerte golpe al pueblo tras las elecciones. De acuerdo a los votos, se prepara una transici\u00f3n pol\u00edtica, incluso un gobierno de coalici\u00f3n, junto a los gobernadores de (el sector pol\u00edtico) \u201cProvincias Unidas\u201d. Pero lo que se viene es una nueva mega devaluaci\u00f3n, m\u00e1s destrucci\u00f3n salarial, reformas contra trabajadores y jubilados.<\/em><\/li>\n<\/ul>\n<p><em> <img loading=\"lazy\" decoding=\"async\" class=\"alignright wp-image-1166\" src=\"https:\/\/www.nortesocial.com.ar\/wp-content\/uploads\/2025\/10\/Violeta7.jpg\" alt=\"\" width=\"441\" height=\"293\" srcset=\"https:\/\/www.nortesocial.com.ar\/wp-content\/uploads\/2025\/10\/Violeta7.jpg 1302w, https:\/\/www.nortesocial.com.ar\/wp-content\/uploads\/2025\/10\/Violeta7-768x510.jpg 768w, https:\/\/www.nortesocial.com.ar\/wp-content\/uploads\/2025\/10\/Violeta7-696x462.jpg 696w, https:\/\/www.nortesocial.com.ar\/wp-content\/uploads\/2025\/10\/Violeta7-1068x710.jpg 1068w, https:\/\/www.nortesocial.com.ar\/wp-content\/uploads\/2025\/10\/Violeta7-632x420.jpg 632w\" sizes=\"auto, (max-width: 441px) 100vw, 441px\" \/><\/em><\/p>\n<p><strong>\u201cPrimero los salte\u00f1os\u201d<\/strong><\/p>\n<ul>\n<li><strong>El gobernador de Salta, Gustavo S\u00e1enz, asegur\u00e1 que sus candidatos son los \u00fanicos que no dependen de Buenos Aires\u2026<\/strong><\/li>\n<li><em>S\u00e1enz cumpli\u00f3 al pie de la letra con el ajuste nacional, Flavia Roy\u00f3n fue funcionaria de Milei, los legisladores salte\u00f1os en la Naci\u00f3n votaron las leyes mile\u00edstas; \u00bfpor qu\u00e9 ahora ser\u00e1 distinto? Todos est\u00e1n dispuestos a cogobernar con el presidente, como reclama Bessent, junto a Mauricio Macri y los gobernadores aliados, con S\u00e1enz.<\/em><\/li>\n<li><strong>Si el pueblo se opone a Milei, y la plata no alcanza, no habr\u00eda legitimidad para m\u00e1s ajustes. Algunos hablan de estallido social\u2026<\/strong><\/li>\n<li>La posibilidad est\u00e1 latente, y no es buena pues habr\u00eda represi\u00f3n. Por eso Pol\u00edtica Obrera aspira a organizaci\u00f3n, a lucha, sin violencia.<\/li>\n<\/ul>\n<p><strong>Protectorado <\/strong><\/p>\n<p>Violeta Gil lanz\u00f3 un in\u00e9dito vaticinio para la Argentina, por parte del gobierno de Javier Milei: <em>\u201cest\u00e1 construyendo un protectorado, entregando por completo la autonom\u00eda pol\u00edtica y econ\u00f3mica de la Argentina a Estados Unidos\u201d<\/em><\/p>\n<ul>\n<li><strong>\u00bfLa entrega de la soberan\u00eda nacional al gobierno norteamericano?<\/strong><\/li>\n<li><em>Esto significan los acuerdos de Milei, aliados, Donald Trump, Scott Bessent, el poder econ\u00f3mico desde la Casa Blanca. Por eso impulsamos la organizaci\u00f3n de una rebeli\u00f3n popular contra la destrucci\u00f3n de derechos y este programa de entrega.<\/em><\/li>\n<\/ul>\n<p><img loading=\"lazy\" decoding=\"async\" class=\" wp-image-1167 alignleft\" src=\"https:\/\/www.nortesocial.com.ar\/wp-content\/uploads\/2025\/10\/Violeta06.png\" alt=\"\" width=\"497\" height=\"280\" srcset=\"https:\/\/www.nortesocial.com.ar\/wp-content\/uploads\/2025\/10\/Violeta06.png 800w, https:\/\/www.nortesocial.com.ar\/wp-content\/uploads\/2025\/10\/Violeta06-768x432.png 768w, https:\/\/www.nortesocial.com.ar\/wp-content\/uploads\/2025\/10\/Violeta06-696x392.png 696w, https:\/\/www.nortesocial.com.ar\/wp-content\/uploads\/2025\/10\/Violeta06-747x420.png 747w\" sizes=\"auto, (max-width: 497px) 100vw, 497px\" \/><\/p>\n<p><strong>CONTROL EXTRANJERO<\/strong><\/p>\n<p>El <strong>\u201cprotectorado\u201d <\/strong>es una modalidad de administraci\u00f3n pol\u00edtica contemplada por el derecho internacional.<\/p>\n<p>B\u00e1sicamente consiste en que una naci\u00f3n extranjera controla pol\u00edtica exterior, econom\u00eda, moneda, recurso naturales seguridad interna, de otro pa\u00eds subordinado. Este continuar\u00eda con su bandera, territorio, autoridades de estado electas. Pero pueblo y patria, bajo sometimiento.<\/p>\n","protected":false},"excerpt":{"rendered":"<p>Devaluaci\u00f3n y m\u00e1s pobreza; estallido social y represi\u00f3n; traici\u00f3n de gobernadores y dirigentes; subordinaci\u00f3n a los Estados Unidos. La candidata Violeta Gil asegura que hay alternativa. &nbsp; Periodista salte\u00f1a, trabajadora, sencilla, natural, desde Pol\u00edtica Obrera Violeta Gil es conocida en calle, medios y barrios por el apoyo a laburantes, vecinos, mujeres, jubilados, pobres, despojados. Indudablemente, [&hellip;]<\/p>\n","protected":false},"author":2,"featured_media":1165,"comment_status":"open","ping_status":"closed","sticky":false,"template":"","format":"standard","meta":{"footnotes":""},"categories":[48,2,215,47,12],"tags":[18,257,43,17,258,23,229,256],"class_list":["post-1162","post","type-post","status-publish","format-standard","has-post-thumbnail","hentry","category-argentina","category-destacadas","category-elecciones-2025","category-salta","category-sociedad-politica-economia","tag-dario-illanes","tag-estados-unidos","tag-milei","tag-norte-social","tag-protectorado","tag-salta","tag-trump","tag-violeta-gil"],"_links":{"self":[{"href":"https:\/\/www.nortesocial.com.ar\/index.php?rest_route=\/wp\/v2\/posts\/1162","targetHints":{"allow":["GET"]}}],"collection":[{"href":"https:\/\/www.nortesocial.com.ar\/index.php?rest_route=\/wp\/v2\/posts"}],"about":[{"href":"https:\/\/www.nortesocial.com.ar\/index.php?rest_route=\/wp\/v2\/types\/post"}],"author":[{"embeddable":true,"href":"https:\/\/www.nortesocial.com.ar\/index.php?rest_route=\/wp\/v2\/users\/2"}],"replies":[{"embeddable":true,"href":"https:\/\/www.nortesocial.com.ar\/index.php?rest_route=%2Fwp%2Fv2%2Fcomments&post=1162"}],"version-history":[{"count":6,"href":"https:\/\/www.nortesocial.com.ar\/index.php?rest_route=\/wp\/v2\/posts\/1162\/revisions"}],"predecessor-version":[{"id":1173,"href":"https:\/\/www.nortesocial.com.ar\/index.php?rest_route=\/wp\/v2\/posts\/1162\/revisions\/1173"}],"wp:featuredmedia":[{"embeddable":true,"href":"https:\/\/www.nortesocial.com.ar\/index.php?rest_route=\/wp\/v2\/media\/1165"}],"wp:attachment":[{"href":"https:\/\/www.nortesocial.com.ar\/index.php?rest_route=%2Fwp%2Fv2%2Fmedia&parent=1162"}],"wp:term":[{"taxonomy":"category","embeddable":true,"href":"https:\/\/www.nortesocial.com.ar\/index.php?rest_route=%2Fwp%2Fv2%2Fcategories&post=1162"},{"taxonomy":"post_tag","embeddable":true,"href":"https:\/\/www.nortesocial.com.ar\/index.php?rest_route=%2Fwp%2Fv2%2Ftags&post=1162"}],"curies":[{"name":"wp","href":"https:\/\/api.w.org\/{rel}","templated":true}]}}