{"id":1174,"date":"2025-10-20T16:46:24","date_gmt":"2025-10-20T19:46:24","guid":{"rendered":"https:\/\/www.nortesocial.com.ar\/?p=1174"},"modified":"2025-10-20T16:46:24","modified_gmt":"2025-10-20T19:46:24","slug":"exjefe-de-policia-silisque-uno-se-siente-inseguro","status":"publish","type":"post","link":"https:\/\/www.nortesocial.com.ar\/?p=1174","title":{"rendered":"EXJEFE DE POLIC\u00cdA SILISQUE: \u201cUNO SE SIENTE INSEGURO\u201d"},"content":{"rendered":"<h3><strong><em>El comisario general (Re) Jorge Ren\u00e9 Silisque fue jefe de la Polic\u00eda de Salta, secretario de Seguridad y director del Cuerpo Especializado de Investigadores. Cuestiona la morosidad de fiscales.<\/em><\/strong><\/h3>\n<p><strong>\u00a0<\/strong><\/p>\n<p>El lunes 20 de octubre se cumplieron once d\u00edas de la desaparici\u00f3n de <strong>Vicente Cordeyro<\/strong>; nueve del hallazgo de su cad\u00e1ver; y ocho de la autopsia. El cuerpo contin\u00faa en la morgue del Ministerio P\u00fablico Fiscal.<\/p>\n<figure id=\"attachment_1176\" aria-describedby=\"caption-attachment-1176\" style=\"width: 543px\" class=\"wp-caption alignleft\"><img loading=\"lazy\" decoding=\"async\" class=\" wp-image-1176\" src=\"https:\/\/www.nortesocial.com.ar\/wp-content\/uploads\/2025\/10\/Foto-01-Cordeyro27.jpg\" alt=\"\" width=\"543\" height=\"306\" srcset=\"https:\/\/www.nortesocial.com.ar\/wp-content\/uploads\/2025\/10\/Foto-01-Cordeyro27.jpg 1600w, https:\/\/www.nortesocial.com.ar\/wp-content\/uploads\/2025\/10\/Foto-01-Cordeyro27-768x432.jpg 768w, https:\/\/www.nortesocial.com.ar\/wp-content\/uploads\/2025\/10\/Foto-01-Cordeyro27-1536x864.jpg 1536w, https:\/\/www.nortesocial.com.ar\/wp-content\/uploads\/2025\/10\/Foto-01-Cordeyro27-696x392.jpg 696w, https:\/\/www.nortesocial.com.ar\/wp-content\/uploads\/2025\/10\/Foto-01-Cordeyro27-1068x601.jpg 1068w, https:\/\/www.nortesocial.com.ar\/wp-content\/uploads\/2025\/10\/Foto-01-Cordeyro27-747x420.jpg 747w\" sizes=\"auto, (max-width: 543px) 100vw, 543px\" \/><figcaption id=\"caption-attachment-1176\" class=\"wp-caption-text\">CERRO ELEFANTE, SAN LORENZO<\/figcaption><\/figure>\n<p>La escueta informaci\u00f3n oficial dio cuenta de que muri\u00f3 ahorcado, en el <strong>cerro Elefante (Villa San Lorenzo)<\/strong>. Trascendi\u00f3 que pend\u00eda colgado; como el hallazgo de un encendedor, una botella, una etiqueta de bebida alcoh\u00f3lica, un tel\u00e9fono celular incendiado y restos calcinados de una mochila.<\/p>\n<p>Parad\u00f3jica, r\u00e1pidamente, los investigadores descartaron la <strong>hip\u00f3tesis de que la muerte estuviese relacionada a \u201cvenganza\u201d<\/strong>. Derivada de sus expresiones acerca del narcotr\u00e1fico y el crimen organizado. Destacaron que Cordeyro estaba retirado de la Polic\u00eda, y que no participaba en esclarecer actividades de bandas delictivas.<\/p>\n<p><strong>Impunidad<\/strong><\/p>\n<p><img loading=\"lazy\" decoding=\"async\" class=\"alignright  wp-image-1147\" src=\"https:\/\/www.nortesocial.com.ar\/wp-content\/uploads\/2025\/10\/Cordeyro22.png\" alt=\"\" width=\"345\" height=\"421\" srcset=\"https:\/\/www.nortesocial.com.ar\/wp-content\/uploads\/2025\/10\/Cordeyro22.png 432w, https:\/\/www.nortesocial.com.ar\/wp-content\/uploads\/2025\/10\/Cordeyro22-344x420.png 344w\" sizes=\"auto, (max-width: 345px) 100vw, 345px\" \/>Calmo, mesurado, el exjefe policial y docente universitario se\u00f1alaba que <strong>narcotr\u00e1fico y lavado de dinero corrompen a jueces, polic\u00edas, legisladores y gobernantes.<\/strong> Advirtiendo que detr\u00e1s de algunos cr\u00edmenes impunes o mal investigados y juzgados estaban relacionados con la droga, el dinero sucio y la corrupci\u00f3n.<\/p>\n<p>Tambi\u00e9n cr\u00edticas a investigaciones que consideraba, en el mejor de los casos, precarias y malogradas. Y en otros, malintencionadas e ilegales. Conceptos provenientes desde sus conocimientos, experiencias y honestidad.<\/p>\n<p>Familiero, deportista, con valores, amable y firme, precavido eran algunas de sus caracter\u00edsticas personales, distantes a las de un suicida. Tal vez sus flancos eran la valent\u00eda en apreciaciones y las indagaciones criminales que continuaba realizando. El comisario Mayor retirado dec\u00eda en voz alta lo que otros callaban.<\/p>\n<p><strong>Versiones<\/strong><\/p>\n<p>Versiones extraoficiales refieren que el cad\u00e1ver estaba desnudo, con una soga, sin lazo, sino envuelta en el cuello. Quemaduras en gran parte del cuerpo. Oficialmente no se inform\u00f3 si las lesiones por el fuego o el humo fueron antes o despu\u00e9s del fallecimiento.<\/p>\n<p><img loading=\"lazy\" decoding=\"async\" class=\"alignright  wp-image-1177\" src=\"https:\/\/www.nortesocial.com.ar\/wp-content\/uploads\/2025\/10\/Cordeyro26.jpg\" alt=\"\" width=\"439\" height=\"247\" srcset=\"https:\/\/www.nortesocial.com.ar\/wp-content\/uploads\/2025\/10\/Cordeyro26.jpg 1600w, https:\/\/www.nortesocial.com.ar\/wp-content\/uploads\/2025\/10\/Cordeyro26-768x432.jpg 768w, https:\/\/www.nortesocial.com.ar\/wp-content\/uploads\/2025\/10\/Cordeyro26-1536x864.jpg 1536w, https:\/\/www.nortesocial.com.ar\/wp-content\/uploads\/2025\/10\/Cordeyro26-696x392.jpg 696w, https:\/\/www.nortesocial.com.ar\/wp-content\/uploads\/2025\/10\/Cordeyro26-1068x601.jpg 1068w, https:\/\/www.nortesocial.com.ar\/wp-content\/uploads\/2025\/10\/Cordeyro26-747x420.jpg 747w\" sizes=\"auto, (max-width: 439px) 100vw, 439px\" \/>De acuerdo a los escasos datos fiscales, podr\u00eda inferirse que a media ma\u00f1ana del jueves 9 de octubre, Cordeyro lleg\u00f3 al cerro Elefante, se habr\u00eda despojado de sus ropas, revole\u00f3 mochila y celular, rode\u00f3 su garganta con una soga y se colg\u00f3. Incluso, podr\u00eda desprenderse la idea de que el incendio forestal pudo ser obra suya.<\/p>\n<p>La muerte por ahorcamiento mayoritariamente responde a suicidio. Sin embargo, tambi\u00e9n suele ser el m\u00e9todo para matar usado por mafias, y en c\u00e1rceles.<\/p>\n<p>La mayor\u00eda de la sociedad no cree que Vicente se haya quitado la vida.<\/p>\n<p><strong>Sentirnos todos protegidos <\/strong><\/p>\n<p><em>\u201cLa ciudadan\u00eda necesita imperiosamente creer en la justicia, creer en la seguridad, volver nuevamente a sentirnos todos protegidos\u201d<\/em>. As\u00ed manifest\u00f3 el exjefe de la Polic\u00eda de Salta, exsecretario de Seguridad y exdirector del Cuerpo Especializado de Investigadores, <strong>Ren\u00e9 Silisque<\/strong>. Lo hizo, en tono cr\u00edtico a la investigaci\u00f3n, ante el <strong>periodista Sebasti\u00e1n Cardozo<\/strong> (<a href=\"https:\/\/www.youtube.com\/watch?v=1SQbZ7OGKjs\">https:\/\/www.youtube.com\/watch?v=1SQbZ7OGKjs<\/a>)<\/p>\n<figure id=\"attachment_1178\" aria-describedby=\"caption-attachment-1178\" style=\"width: 418px\" class=\"wp-caption alignleft\"><img loading=\"lazy\" decoding=\"async\" class=\" wp-image-1178\" src=\"https:\/\/www.nortesocial.com.ar\/wp-content\/uploads\/2025\/10\/Cordeyro28.webp\" alt=\"\" width=\"418\" height=\"235\" srcset=\"https:\/\/www.nortesocial.com.ar\/wp-content\/uploads\/2025\/10\/Cordeyro28.webp 1280w, https:\/\/www.nortesocial.com.ar\/wp-content\/uploads\/2025\/10\/Cordeyro28-768x432.webp 768w, https:\/\/www.nortesocial.com.ar\/wp-content\/uploads\/2025\/10\/Cordeyro28-696x392.webp 696w, https:\/\/www.nortesocial.com.ar\/wp-content\/uploads\/2025\/10\/Cordeyro28-1068x601.webp 1068w, https:\/\/www.nortesocial.com.ar\/wp-content\/uploads\/2025\/10\/Cordeyro28-747x420.webp 747w\" sizes=\"auto, (max-width: 418px) 100vw, 418px\" \/><figcaption id=\"caption-attachment-1178\" class=\"wp-caption-text\">EXJEFE. REN\u00c9 SILISQUE<\/figcaption><\/figure>\n<p>Silisque convoc\u00f3 especialmente a Vicente Cordeyro para que trabaje bajo sus \u00f3rdenes. Lo describi\u00f3 como \u201c<em>una persona equilibrada, con principios, siempre humilde y muy bien centrado.\u201d.<\/em> Y remarc\u00f3: \u201ca m\u00ed me cuesta creer que haya podido tomar una decisi\u00f3n de quitarse la vida\u201d<\/p>\n<p>Agreg\u00f3 que <em>\u201ctodos los que pasamos por la fuerza policial lo hemos conocido a Vicente; no escuch\u00e9 jam\u00e1s alguien que ponga en tela de juicio alguna acci\u00f3n desmedida o desmesurada que haya tenido\u201d<\/em> Cuestionando los retaceos, tiempos y modos de la investigaci\u00f3n, el exjefe de la Polic\u00eda subray\u00f3: <em>\u201cas\u00ed como todo el mundo se pregunta lo que pas\u00f3, esta incertidumbre obviamente hace que uno se sienta inseguro, porque no sabe exactamente <strong>en d\u00f3nde est\u00e1 parado<\/strong>\u201d<\/em><\/p>\n<p>Silisque concluy\u00f3: <em>\u201cno estamos tomando conciencia, realmente como sociedad, de la gravedad institucional y social que representa la muerte de Vicente Cordeyro\u201d<\/em><\/p>\n<p><strong> <img loading=\"lazy\" decoding=\"async\" class=\" wp-image-1104 alignleft\" src=\"https:\/\/www.nortesocial.com.ar\/wp-content\/uploads\/2025\/10\/Cordeyro04.png\" alt=\"\" width=\"369\" height=\"260\" srcset=\"https:\/\/www.nortesocial.com.ar\/wp-content\/uploads\/2025\/10\/Cordeyro04.png 981w, https:\/\/www.nortesocial.com.ar\/wp-content\/uploads\/2025\/10\/Cordeyro04-768x541.png 768w, https:\/\/www.nortesocial.com.ar\/wp-content\/uploads\/2025\/10\/Cordeyro04-696x490.png 696w, https:\/\/www.nortesocial.com.ar\/wp-content\/uploads\/2025\/10\/Cordeyro04-596x420.png 596w, https:\/\/www.nortesocial.com.ar\/wp-content\/uploads\/2025\/10\/Cordeyro04-100x70.png 100w\" sizes=\"auto, (max-width: 369px) 100vw, 369px\" \/><\/strong><\/p>\n<p><strong>\u201cUN HOMBRE EXTRAORDINARIO\u201d<\/strong><\/p>\n<p>Silisque destac\u00f3 a Cordeyro como <em>\u201cun hombre extraordinario, un referente indiscutible dentro de la polic\u00eda, en la seguridad, para la sociedad salte\u00f1a\u201d<\/em><\/p>\n<p>&nbsp;<\/p>\n<p><strong>INVESTIGACI\u00d3N INDEPENDIENTE<\/strong><\/p>\n<p>En febrero de 2020, el <strong>gobernador Gustavo S\u00e1enz<\/strong> y el exprocurador <strong>Abel Cornejo<\/strong> inauguraron el <strong>Cuerpo Especializado de Investigadores<\/strong> (CEI). De modo aut\u00f3nomo, deb\u00eda asistir a los fiscales con teor\u00edas criminales propias. <strong>El primer director fue Ren\u00e9 Silisque. Se desconocen las razones de su olvido.<\/strong><\/p>\n<p>&nbsp;<\/p>\n","protected":false},"excerpt":{"rendered":"<p>El comisario general (Re) Jorge Ren\u00e9 Silisque fue jefe de la Polic\u00eda de Salta, secretario de Seguridad y director del Cuerpo Especializado de Investigadores. Cuestiona la morosidad de fiscales. \u00a0 El lunes 20 de octubre se cumplieron once d\u00edas de la desaparici\u00f3n de Vicente Cordeyro; nueve del hallazgo de su cad\u00e1ver; y ocho de la [&hellip;]<\/p>\n","protected":false},"author":2,"featured_media":1144,"comment_status":"open","ping_status":"closed","sticky":false,"template":"","format":"standard","meta":{"footnotes":""},"categories":[6,2,47,12],"tags":[29,18,17,259,23,250,246],"class_list":["post-1174","post","type-post","status-publish","format-standard","has-post-thumbnail","hentry","category-cronicas-criminales","category-destacadas","category-salta","category-sociedad-politica-economia","tag-cronicas-criminales","tag-dario-illanes","tag-norte-social","tag-rene-silisque","tag-salta","tag-san-lorenzo","tag-vicente-cordeyro"],"_links":{"self":[{"href":"https:\/\/www.nortesocial.com.ar\/index.php?rest_route=\/wp\/v2\/posts\/1174","targetHints":{"allow":["GET"]}}],"collection":[{"href":"https:\/\/www.nortesocial.com.ar\/index.php?rest_route=\/wp\/v2\/posts"}],"about":[{"href":"https:\/\/www.nortesocial.com.ar\/index.php?rest_route=\/wp\/v2\/types\/post"}],"author":[{"embeddable":true,"href":"https:\/\/www.nortesocial.com.ar\/index.php?rest_route=\/wp\/v2\/users\/2"}],"replies":[{"embeddable":true,"href":"https:\/\/www.nortesocial.com.ar\/index.php?rest_route=%2Fwp%2Fv2%2Fcomments&post=1174"}],"version-history":[{"count":3,"href":"https:\/\/www.nortesocial.com.ar\/index.php?rest_route=\/wp\/v2\/posts\/1174\/revisions"}],"predecessor-version":[{"id":1180,"href":"https:\/\/www.nortesocial.com.ar\/index.php?rest_route=\/wp\/v2\/posts\/1174\/revisions\/1180"}],"wp:featuredmedia":[{"embeddable":true,"href":"https:\/\/www.nortesocial.com.ar\/index.php?rest_route=\/wp\/v2\/media\/1144"}],"wp:attachment":[{"href":"https:\/\/www.nortesocial.com.ar\/index.php?rest_route=%2Fwp%2Fv2%2Fmedia&parent=1174"}],"wp:term":[{"taxonomy":"category","embeddable":true,"href":"https:\/\/www.nortesocial.com.ar\/index.php?rest_route=%2Fwp%2Fv2%2Fcategories&post=1174"},{"taxonomy":"post_tag","embeddable":true,"href":"https:\/\/www.nortesocial.com.ar\/index.php?rest_route=%2Fwp%2Fv2%2Ftags&post=1174"}],"curies":[{"name":"wp","href":"https:\/\/api.w.org\/{rel}","templated":true}]}}