{"id":1189,"date":"2025-10-21T15:47:49","date_gmt":"2025-10-21T18:47:49","guid":{"rendered":"https:\/\/www.nortesocial.com.ar\/?p=1189"},"modified":"2025-10-23T23:55:34","modified_gmt":"2025-10-24T02:55:34","slug":"el-gobierno-confia-en-el-voto-odio-antiperonista","status":"publish","type":"post","link":"https:\/\/www.nortesocial.com.ar\/?p=1189","title":{"rendered":"EL GOBIERNO CONF\u00cdA EN EL VOTO ODIO ANTIPERONISTA"},"content":{"rendered":"<h3><strong><em>La inc\u00f3gnita dej\u00f3 de ser si Milei pierde las elecciones. Ahora es que har\u00e1 el presidente ante la derrota. Y quien socorrer\u00e1 al pueblo.<\/em><\/strong><\/h3>\n<p>&nbsp;<\/p>\n<p>Al gobierno s\u00f3lo le queda esperar una ola votante visceralmente <strong>antiperonista y antiprogresista<\/strong>, junto a la voluble clase media urbana, que le permitan ara\u00f1ar el 40 % de apoyo electoral. Ya <strong>no por amor, sino s\u00f3lo por espanto<\/strong>.<\/p>\n<p>El voto odio se sumar\u00eda al in\u00e9dito apoyo de un presidente norteamericano a un mandatario argentino. \u201c<em>Si puedo ayudarlos a sobrevivir en un mundo libre&#8230;me cae bien el presidente de Argentina, creo que est\u00e1 tratando de hacer lo mejor que puede\u2026se est\u00e1n muriendo&#8221;,<\/em> sostuvo <strong>Donald Trump<\/strong>.<img loading=\"lazy\" decoding=\"async\" class=\"size-full wp-image-1192 alignleft\" src=\"https:\/\/www.nortesocial.com.ar\/wp-content\/uploads\/2025\/10\/milei-burning7.png\" alt=\"\" width=\"490\" height=\"473\" srcset=\"https:\/\/www.nortesocial.com.ar\/wp-content\/uploads\/2025\/10\/milei-burning7.png 490w, https:\/\/www.nortesocial.com.ar\/wp-content\/uploads\/2025\/10\/milei-burning7-435x420.png 435w\" sizes=\"auto, (max-width: 490px) 100vw, 490px\" \/><\/p>\n<p>Sin embargo, el d\u00f3lar oficial y blue contin\u00faa subiendo y super\u00f3 los $ 1.500. Para fin de a\u00f1o, el mercado proyecta que el d\u00f3lar valdr\u00e1 $1.605.<\/p>\n<p>Adem\u00e1s del endeudamiento, malos n\u00fameros econ\u00f3micos internos, los casos de corrupci\u00f3n y v\u00ednculos con el narcotr\u00e1fico, la deca\u00edda imagen pol\u00edtica se agrava con declaraciones de la postergada candidata <strong>Karen Reitchard<\/strong>. De modo insultante, discriminador, trat\u00f3 de &#8220;<strong><em>enfermos mentales&#8221;<\/em><\/strong> a quienes no voten al gobierno.<\/p>\n<p>&nbsp;<\/p>\n<p><strong>\u201cNo s\u00e9 si quiero seguir\u201d<\/strong><\/p>\n<p><em>&#8220;Est\u00e1 cansado y enojado&#8221;,<\/em> dicen en el entorno del presidente.<em> \u201cEst\u00e1 intratable&#8221;<\/em>, reconoci\u00f3 <strong>Karina Milei<\/strong>. (<a href=\"https:\/\/www.lapoliticaonline.com\/politica\/lpo-en-gps-karina-dice-que-javier-esta-intratable-361\/\">https:\/\/www.lapoliticaonline.com\/politica\/lpo-en-gps-karina-dice-que-javier-esta-intratable-361\/<\/a>) El presidente habr\u00eda deslizado su cansancio a funcionarios de confianza, seg\u00fan fuentes de Casa Rosada.<img loading=\"lazy\" decoding=\"async\" class=\"alignright  wp-image-1193\" src=\"https:\/\/www.nortesocial.com.ar\/wp-content\/uploads\/2025\/10\/Molei14.png\" alt=\"\" width=\"330\" height=\"463\" srcset=\"https:\/\/www.nortesocial.com.ar\/wp-content\/uploads\/2025\/10\/Molei14.png 390w, https:\/\/www.nortesocial.com.ar\/wp-content\/uploads\/2025\/10\/Molei14-299x420.png 299w\" sizes=\"auto, (max-width: 330px) 100vw, 330px\" \/><\/p>\n<p>Desde hace semanas, el c\u00edrculo \u00edntimo de Milei est\u00e1 alarmado. Su estado emocional se deterior\u00f3 a niveles cr\u00edticos. \u201c<strong><em>No s\u00e9 si quiero seguir\u201d, <\/em><\/strong>habr\u00eda dicho, seg\u00fan cont\u00f3 un operador financiero que lo visit\u00f3 d\u00edas atr\u00e1s.<\/p>\n<p>Pasa largas horas encerrado en la quinta de Olivos, con repentinos accesos de euforia seguidos de<strong> l\u00e1grimas<\/strong>. Fuentes cercanas aseguran que se niega a recibir ministros y solo conf\u00eda en su hermana Karina, quien se ha transformado en una suerte de tutora y guardiana del trono. Y en los <strong>mensajes de su perro Conan. <\/strong>Muerto.<\/p>\n<p>&nbsp;<\/p>\n","protected":false},"excerpt":{"rendered":"<p>La inc\u00f3gnita dej\u00f3 de ser si Milei pierde las elecciones. Ahora es que har\u00e1 el presidente ante la derrota. Y quien socorrer\u00e1 al pueblo. &nbsp; Al gobierno s\u00f3lo le queda esperar una ola votante visceralmente antiperonista y antiprogresista, junto a la voluble clase media urbana, que le permitan ara\u00f1ar el 40 % de apoyo electoral. [&hellip;]<\/p>\n","protected":false},"author":2,"featured_media":1190,"comment_status":"open","ping_status":"closed","sticky":false,"template":"","format":"standard","meta":{"footnotes":""},"categories":[48,215],"tags":[150,43,17,229],"class_list":["post-1189","post","type-post","status-publish","format-standard","has-post-thumbnail","hentry","category-argentina","category-elecciones-2025","tag-elecciones","tag-milei","tag-norte-social","tag-trump"],"_links":{"self":[{"href":"https:\/\/www.nortesocial.com.ar\/index.php?rest_route=\/wp\/v2\/posts\/1189","targetHints":{"allow":["GET"]}}],"collection":[{"href":"https:\/\/www.nortesocial.com.ar\/index.php?rest_route=\/wp\/v2\/posts"}],"about":[{"href":"https:\/\/www.nortesocial.com.ar\/index.php?rest_route=\/wp\/v2\/types\/post"}],"author":[{"embeddable":true,"href":"https:\/\/www.nortesocial.com.ar\/index.php?rest_route=\/wp\/v2\/users\/2"}],"replies":[{"embeddable":true,"href":"https:\/\/www.nortesocial.com.ar\/index.php?rest_route=%2Fwp%2Fv2%2Fcomments&post=1189"}],"version-history":[{"count":3,"href":"https:\/\/www.nortesocial.com.ar\/index.php?rest_route=\/wp\/v2\/posts\/1189\/revisions"}],"predecessor-version":[{"id":1195,"href":"https:\/\/www.nortesocial.com.ar\/index.php?rest_route=\/wp\/v2\/posts\/1189\/revisions\/1195"}],"wp:featuredmedia":[{"embeddable":true,"href":"https:\/\/www.nortesocial.com.ar\/index.php?rest_route=\/wp\/v2\/media\/1190"}],"wp:attachment":[{"href":"https:\/\/www.nortesocial.com.ar\/index.php?rest_route=%2Fwp%2Fv2%2Fmedia&parent=1189"}],"wp:term":[{"taxonomy":"category","embeddable":true,"href":"https:\/\/www.nortesocial.com.ar\/index.php?rest_route=%2Fwp%2Fv2%2Fcategories&post=1189"},{"taxonomy":"post_tag","embeddable":true,"href":"https:\/\/www.nortesocial.com.ar\/index.php?rest_route=%2Fwp%2Fv2%2Ftags&post=1189"}],"curies":[{"name":"wp","href":"https:\/\/api.w.org\/{rel}","templated":true}]}}