{"id":1196,"date":"2025-10-23T20:49:34","date_gmt":"2025-10-23T23:49:34","guid":{"rendered":"https:\/\/www.nortesocial.com.ar\/?p=1196"},"modified":"2025-10-27T00:49:52","modified_gmt":"2025-10-27T03:49:52","slug":"cada-voto-define-futuro","status":"publish","type":"post","link":"https:\/\/www.nortesocial.com.ar\/?p=1196","title":{"rendered":"CADA VOTO DEFINE FUTURO"},"content":{"rendered":"<h3><strong><em>En la Argentina, los ciudadanos se expresan electoralmente mediante:<\/em><\/strong><\/h3>\n<ol>\n<li>\n<h3><strong><em>Voto peronista<\/em><\/strong><\/h3>\n<\/li>\n<li>\n<h3><strong><em>Voto antiperonista<\/em><\/strong><\/h3>\n<\/li>\n<li>\n<h3><strong><em>Voto progresista<\/em><\/strong><\/h3>\n<\/li>\n<li>\n<h3><strong><em>Voto coyuntural\/ Voto \u00fatil<\/em><\/strong><\/h3>\n<\/li>\n<\/ol>\n<p>&nbsp;<\/p>\n<p>De estos, hay dos que son hist\u00f3ricamente y socialmente firmes: el <strong>voto peronista y el antiperonista.<\/strong> Ambos rondan el 20 por ciento. Sin embargo, el segundo, como en 2023, sumando incluso votos peronistas, alcanz\u00f3 el 54 %.<\/p>\n<p>En el voto progresista pueden aunarse desde las simpat\u00edas filo UCR, socialistas, a las de la izquierda. Junto a los sufragios coyunturales, pueden alcanzar el 30\/35 por ciento. De tal modo, esta mayor\u00eda dio la victoria tanto a<strong> Cristina Kirchner <\/strong>como a<strong> Javier Milei.<\/strong><\/p>\n<figure id=\"attachment_1199\" aria-describedby=\"caption-attachment-1199\" style=\"width: 445px\" class=\"wp-caption alignleft\"><img loading=\"lazy\" decoding=\"async\" class=\" wp-image-1199\" src=\"https:\/\/www.nortesocial.com.ar\/wp-content\/uploads\/2025\/10\/elec02.png\" alt=\"\" width=\"445\" height=\"307\" srcset=\"https:\/\/www.nortesocial.com.ar\/wp-content\/uploads\/2025\/10\/elec02.png 924w, https:\/\/www.nortesocial.com.ar\/wp-content\/uploads\/2025\/10\/elec02-768x529.png 768w, https:\/\/www.nortesocial.com.ar\/wp-content\/uploads\/2025\/10\/elec02-218x150.png 218w, https:\/\/www.nortesocial.com.ar\/wp-content\/uploads\/2025\/10\/elec02-696x480.png 696w, https:\/\/www.nortesocial.com.ar\/wp-content\/uploads\/2025\/10\/elec02-609x420.png 609w, https:\/\/www.nortesocial.com.ar\/wp-content\/uploads\/2025\/10\/elec02-100x70.png 100w\" sizes=\"auto, (max-width: 445px) 100vw, 445px\" \/><figcaption id=\"caption-attachment-1199\" class=\"wp-caption-text\">JUAN MANUEL URTUBEY<\/figcaption><\/figure>\n<p><strong>Amor y espanto<\/strong><\/p>\n<p>En 2023, con <strong>La Libertad Avanza<\/strong> se dio el fen\u00f3meno de que peronistas, antiperonistas, progres, mayor\u00edas coyunturales o inclinadas al voto \u00fatil, y minor\u00edas de derecha votasen a Javier Milei.<\/p>\n<figure id=\"attachment_1200\" aria-describedby=\"caption-attachment-1200\" style=\"width: 421px\" class=\"wp-caption alignright\"><img loading=\"lazy\" decoding=\"async\" class=\" wp-image-1200\" src=\"https:\/\/www.nortesocial.com.ar\/wp-content\/uploads\/2025\/10\/elec05.webp\" alt=\"\" width=\"421\" height=\"244\" srcset=\"https:\/\/www.nortesocial.com.ar\/wp-content\/uploads\/2025\/10\/elec05.webp 1200w, https:\/\/www.nortesocial.com.ar\/wp-content\/uploads\/2025\/10\/elec05-768x444.webp 768w, https:\/\/www.nortesocial.com.ar\/wp-content\/uploads\/2025\/10\/elec05-696x403.webp 696w, https:\/\/www.nortesocial.com.ar\/wp-content\/uploads\/2025\/10\/elec05-1068x618.webp 1068w, https:\/\/www.nortesocial.com.ar\/wp-content\/uploads\/2025\/10\/elec05-726x420.webp 726w\" sizes=\"auto, (max-width: 421px) 100vw, 421px\" \/><figcaption id=\"caption-attachment-1200\" class=\"wp-caption-text\">MAR\u00cdA EUGENIA OROZCO<\/figcaption><\/figure>\n<p>Para las <strong>elecciones nacionales legislativas del 26 de octubre<\/strong>, el gobierno espera repetir ese apoyo. Fundamentalmente convoca a una ola votante <strong>visceralmente antiperonista y antiprogresista<\/strong>. Y a la clase media urbana, que le permitan ara\u00f1ar el <strong>40 % de apoyo electoral.<\/strong> Pese a la malograda situaci\u00f3n econ\u00f3mica y pol\u00edtica.<\/p>\n<p>Aparentemente, <strong>ya no votos por amor<\/strong>. Sino s\u00f3lo por espanto.<\/p>\n<figure id=\"attachment_1201\" aria-describedby=\"caption-attachment-1201\" style=\"width: 497px\" class=\"wp-caption alignleft\"><img loading=\"lazy\" decoding=\"async\" class=\" wp-image-1201\" src=\"https:\/\/www.nortesocial.com.ar\/wp-content\/uploads\/2025\/10\/elec04.webp\" alt=\"\" width=\"497\" height=\"394\" srcset=\"https:\/\/www.nortesocial.com.ar\/wp-content\/uploads\/2025\/10\/elec04.webp 1066w, https:\/\/www.nortesocial.com.ar\/wp-content\/uploads\/2025\/10\/elec04-768x609.webp 768w, https:\/\/www.nortesocial.com.ar\/wp-content\/uploads\/2025\/10\/elec04-696x552.webp 696w, https:\/\/www.nortesocial.com.ar\/wp-content\/uploads\/2025\/10\/elec04-530x420.webp 530w\" sizes=\"auto, (max-width: 497px) 100vw, 497px\" \/><figcaption id=\"caption-attachment-1201\" class=\"wp-caption-text\">VIOLETA GIL<\/figcaption><\/figure>\n<p><strong>DE LA IZQUIERDA A MILEI<\/strong><\/p>\n<p>Hasta las \u00faltimas elecciones, en la ciudad de Salta, el voto Milei y antiperonista fue mayoritario. En 2013, cuando <strong>gan\u00f3 el Partido Obrero<\/strong> en la capital salte\u00f1a, signific\u00f3 el rechazo al entonces candidato peronista, para el senado provincial,<strong> Gustavo S\u00e1enz<\/strong>. Sin embargo, la ciudadan\u00eda salte\u00f1a vot\u00f3 tres veces al peronista Miguel Isa como intendente de la Capital.<\/p>\n<p>&nbsp;<\/p>\n<p><strong>POR UN VOTO<\/strong><\/p>\n<p>Llamadas elecciones de medio t\u00e9rmino, estos comicios nacionales determinar\u00e1n las mayor\u00edas y minor\u00edas en el Congreso de la Argentina. Para el gobierno de La Libertad Avanza significan apoyo o rechazo a su pol\u00edtica. Bajo la mirada de EE.UU.<\/p>\n<p>Milei aspira a cambiar leyes laborales y en jubilaciones. Sea en Diputados o Senado, <strong>un voto define.<\/strong><\/p>\n","protected":false},"excerpt":{"rendered":"<p>En la Argentina, los ciudadanos se expresan electoralmente mediante: Voto peronista Voto antiperonista Voto progresista Voto coyuntural\/ Voto \u00fatil &nbsp; De estos, hay dos que son hist\u00f3ricamente y socialmente firmes: el voto peronista y el antiperonista. Ambos rondan el 20 por ciento. Sin embargo, el segundo, como en 2023, sumando incluso votos peronistas, alcanz\u00f3 el [&hellip;]<\/p>\n","protected":false},"author":2,"featured_media":1197,"comment_status":"open","ping_status":"closed","sticky":false,"template":"","format":"standard","meta":{"footnotes":""},"categories":[48,215,12],"tags":[150,43,17,23,176,256],"class_list":["post-1196","post","type-post","status-publish","format-standard","has-post-thumbnail","hentry","category-argentina","category-elecciones-2025","category-sociedad-politica-economia","tag-elecciones","tag-milei","tag-norte-social","tag-salta","tag-urtubey","tag-violeta-gil"],"_links":{"self":[{"href":"https:\/\/www.nortesocial.com.ar\/index.php?rest_route=\/wp\/v2\/posts\/1196","targetHints":{"allow":["GET"]}}],"collection":[{"href":"https:\/\/www.nortesocial.com.ar\/index.php?rest_route=\/wp\/v2\/posts"}],"about":[{"href":"https:\/\/www.nortesocial.com.ar\/index.php?rest_route=\/wp\/v2\/types\/post"}],"author":[{"embeddable":true,"href":"https:\/\/www.nortesocial.com.ar\/index.php?rest_route=\/wp\/v2\/users\/2"}],"replies":[{"embeddable":true,"href":"https:\/\/www.nortesocial.com.ar\/index.php?rest_route=%2Fwp%2Fv2%2Fcomments&post=1196"}],"version-history":[{"count":2,"href":"https:\/\/www.nortesocial.com.ar\/index.php?rest_route=\/wp\/v2\/posts\/1196\/revisions"}],"predecessor-version":[{"id":1202,"href":"https:\/\/www.nortesocial.com.ar\/index.php?rest_route=\/wp\/v2\/posts\/1196\/revisions\/1202"}],"wp:featuredmedia":[{"embeddable":true,"href":"https:\/\/www.nortesocial.com.ar\/index.php?rest_route=\/wp\/v2\/media\/1197"}],"wp:attachment":[{"href":"https:\/\/www.nortesocial.com.ar\/index.php?rest_route=%2Fwp%2Fv2%2Fmedia&parent=1196"}],"wp:term":[{"taxonomy":"category","embeddable":true,"href":"https:\/\/www.nortesocial.com.ar\/index.php?rest_route=%2Fwp%2Fv2%2Fcategories&post=1196"},{"taxonomy":"post_tag","embeddable":true,"href":"https:\/\/www.nortesocial.com.ar\/index.php?rest_route=%2Fwp%2Fv2%2Ftags&post=1196"}],"curies":[{"name":"wp","href":"https:\/\/api.w.org\/{rel}","templated":true}]}}