{"id":1203,"date":"2025-10-24T10:12:52","date_gmt":"2025-10-24T13:12:52","guid":{"rendered":"https:\/\/www.nortesocial.com.ar\/?p=1203"},"modified":"2025-10-24T10:12:52","modified_gmt":"2025-10-24T13:12:52","slug":"cantando-ayuda-a-ninos-del-norte-argentino","status":"publish","type":"post","link":"https:\/\/www.nortesocial.com.ar\/?p=1203","title":{"rendered":"CANTANDO, AYUDA A NI\u00d1OS DEL NORTE ARGENTINO"},"content":{"rendered":"<h3><strong><em>Patricia Sosa, pionera de la mujer en el rock, logr\u00f3 reunir en un programa de tv m\u00e1s de $ 25 millones para ni\u00f1os pobres.<\/em><\/strong><\/h3>\n<p>&nbsp;<\/p>\n<p>El jueves 23 de octubre, en la emisi\u00f3n televisiva \u201cBuenas noches Familia\u201d, la cantante, compositora, actriz, mujer\u00f3n <strong>Patricia Sosa<\/strong> se subi\u00f3 al escenario para cantar. Y sumar para lo que le toca el coraz\u00f3n: ayudar a la fundaci\u00f3n <strong>Haciendo Camino<\/strong> (<a href=\"https:\/\/haciendocamino.org.ar\/\">https:\/\/haciendocamino.org.ar\/<\/a>) Llegando a <strong>ni\u00f1os, ni\u00f1as, familias olvidadas, en la miseria.<\/strong><\/p>\n<p><em> <img loading=\"lazy\" decoding=\"async\" class=\"alignright  wp-image-1207\" src=\"https:\/\/www.nortesocial.com.ar\/wp-content\/uploads\/2025\/10\/pa04.png\" alt=\"\" width=\"453\" height=\"255\" srcset=\"https:\/\/www.nortesocial.com.ar\/wp-content\/uploads\/2025\/10\/pa04.png 1200w, https:\/\/www.nortesocial.com.ar\/wp-content\/uploads\/2025\/10\/pa04-768x432.png 768w, https:\/\/www.nortesocial.com.ar\/wp-content\/uploads\/2025\/10\/pa04-696x392.png 696w, https:\/\/www.nortesocial.com.ar\/wp-content\/uploads\/2025\/10\/pa04-1068x601.png 1068w, https:\/\/www.nortesocial.com.ar\/wp-content\/uploads\/2025\/10\/pa04-747x420.png 747w\" sizes=\"auto, (max-width: 453px) 100vw, 453px\" \/>\u201cNadie puede saber lo que pasa ah\u00ed adentro, se te pone la piel de gallina. Yo entr\u00e9 diez a\u00f1os seguidos, cuatro veces por a\u00f1o, al Impenetrable chaque\u00f1o\u201d,<\/em> relat\u00f3 la artista, generando un profundo silencio en el estudio y dejando sorprendido a Guido Kaczka, conductor del ciclo.<\/p>\n<p>Ten\u00eda <strong>19 a\u00f1os<\/strong> cuando comenz\u00f3 a cantar rock, y la insultaban por mujer. Era 1975. Entre tantos premios recibidos, fue homenajeada como una de las <strong>cinco mejores cantantes<\/strong> de la historia del rock argentino.<\/p>\n<figure id=\"attachment_1208\" aria-describedby=\"caption-attachment-1208\" style=\"width: 417px\" class=\"wp-caption alignright\"><img loading=\"lazy\" decoding=\"async\" class=\" wp-image-1208\" src=\"https:\/\/www.nortesocial.com.ar\/wp-content\/uploads\/2025\/10\/pa02.jpg\" alt=\"\" width=\"417\" height=\"235\" srcset=\"https:\/\/www.nortesocial.com.ar\/wp-content\/uploads\/2025\/10\/pa02.jpg 1920w, https:\/\/www.nortesocial.com.ar\/wp-content\/uploads\/2025\/10\/pa02-768x432.jpg 768w, https:\/\/www.nortesocial.com.ar\/wp-content\/uploads\/2025\/10\/pa02-1536x864.jpg 1536w, https:\/\/www.nortesocial.com.ar\/wp-content\/uploads\/2025\/10\/pa02-696x392.jpg 696w, https:\/\/www.nortesocial.com.ar\/wp-content\/uploads\/2025\/10\/pa02-1068x601.jpg 1068w, https:\/\/www.nortesocial.com.ar\/wp-content\/uploads\/2025\/10\/pa02-747x420.jpg 747w\" sizes=\"auto, (max-width: 417px) 100vw, 417px\" \/><figcaption id=\"caption-attachment-1208\" class=\"wp-caption-text\">PATRICIA SOSA, EN LA TORRE<\/figcaption><\/figure>\n<p><a href=\"https:\/\/www.youtube.com\/watch?v=excbAWLiEa0&amp;list=RDexcbAWLiEa0&amp;start_radio=1\">https:\/\/www.youtube.com\/watch?v=excbAWLiEa0&amp;list=RDexcbAWLiEa0&amp;start_radio=1<\/a><\/p>\n<p><strong>Coraz\u00f3n<\/strong><\/p>\n<p>Potencia de mujer en mucho m\u00e1s que voz. En amor. Patricia Sosa cont\u00f3 de la gente del norte: <em>\u201cEllos est\u00e1n a la buena de Dios. Entonces, si no cae una fundaci\u00f3n como \u00e9sta, si no caemos nosotros, no s\u00e9\u2026 Todo es dif\u00edcil ah\u00ed\u201d. <\/em><\/p>\n<p><img loading=\"lazy\" decoding=\"async\" class=\" wp-image-1209 alignleft\" src=\"https:\/\/www.nortesocial.com.ar\/wp-content\/uploads\/2025\/10\/pa03.jpg\" alt=\"\" width=\"461\" height=\"219\" srcset=\"https:\/\/www.nortesocial.com.ar\/wp-content\/uploads\/2025\/10\/pa03.jpg 1024w, https:\/\/www.nortesocial.com.ar\/wp-content\/uploads\/2025\/10\/pa03-768x365.jpg 768w, https:\/\/www.nortesocial.com.ar\/wp-content\/uploads\/2025\/10\/pa03-696x330.jpg 696w, https:\/\/www.nortesocial.com.ar\/wp-content\/uploads\/2025\/10\/pa03-885x420.jpg 885w\" sizes=\"auto, (max-width: 461px) 100vw, 461px\" \/>El cierre del programa fue con ella cantando, con abrazos, y un anuncio que despert\u00f3 aplausos y l\u00e1grimas: el premio otorgado por el p\u00fablico ascendi\u00f3 a <strong>$25.791.575.<\/strong> Para ayudar en algo a los chicos del norte de la patria.<\/p>\n<p>&nbsp;<\/p>\n<p>&nbsp;<\/p>\n","protected":false},"excerpt":{"rendered":"<p>Patricia Sosa, pionera de la mujer en el rock, logr\u00f3 reunir en un programa de tv m\u00e1s de $ 25 millones para ni\u00f1os pobres. &nbsp; El jueves 23 de octubre, en la emisi\u00f3n televisiva \u201cBuenas noches Familia\u201d, la cantante, compositora, actriz, mujer\u00f3n Patricia Sosa se subi\u00f3 al escenario para cantar. Y sumar para lo que [&hellip;]<\/p>\n","protected":false},"author":2,"featured_media":1206,"comment_status":"open","ping_status":"closed","sticky":false,"template":"","format":"standard","meta":{"footnotes":""},"categories":[9,2,8,12],"tags":[18,17,261,158,262],"class_list":["post-1203","post","type-post","status-publish","format-standard","has-post-thumbnail","hentry","category-cultura-y-espectaculos","category-destacadas","category-inspiraciones-del-alma","category-sociedad-politica-economia","tag-dario-illanes","tag-norte-social","tag-patricia-sosa","tag-pobreza","tag-rock"],"_links":{"self":[{"href":"https:\/\/www.nortesocial.com.ar\/index.php?rest_route=\/wp\/v2\/posts\/1203","targetHints":{"allow":["GET"]}}],"collection":[{"href":"https:\/\/www.nortesocial.com.ar\/index.php?rest_route=\/wp\/v2\/posts"}],"about":[{"href":"https:\/\/www.nortesocial.com.ar\/index.php?rest_route=\/wp\/v2\/types\/post"}],"author":[{"embeddable":true,"href":"https:\/\/www.nortesocial.com.ar\/index.php?rest_route=\/wp\/v2\/users\/2"}],"replies":[{"embeddable":true,"href":"https:\/\/www.nortesocial.com.ar\/index.php?rest_route=%2Fwp%2Fv2%2Fcomments&post=1203"}],"version-history":[{"count":4,"href":"https:\/\/www.nortesocial.com.ar\/index.php?rest_route=\/wp\/v2\/posts\/1203\/revisions"}],"predecessor-version":[{"id":1212,"href":"https:\/\/www.nortesocial.com.ar\/index.php?rest_route=\/wp\/v2\/posts\/1203\/revisions\/1212"}],"wp:featuredmedia":[{"embeddable":true,"href":"https:\/\/www.nortesocial.com.ar\/index.php?rest_route=\/wp\/v2\/media\/1206"}],"wp:attachment":[{"href":"https:\/\/www.nortesocial.com.ar\/index.php?rest_route=%2Fwp%2Fv2%2Fmedia&parent=1203"}],"wp:term":[{"taxonomy":"category","embeddable":true,"href":"https:\/\/www.nortesocial.com.ar\/index.php?rest_route=%2Fwp%2Fv2%2Fcategories&post=1203"},{"taxonomy":"post_tag","embeddable":true,"href":"https:\/\/www.nortesocial.com.ar\/index.php?rest_route=%2Fwp%2Fv2%2Ftags&post=1203"}],"curies":[{"name":"wp","href":"https:\/\/api.w.org\/{rel}","templated":true}]}}