{"id":1214,"date":"2025-10-26T19:18:37","date_gmt":"2025-10-26T22:18:37","guid":{"rendered":"https:\/\/www.nortesocial.com.ar\/?p=1214"},"modified":"2025-10-27T17:09:11","modified_gmt":"2025-10-27T20:09:11","slug":"jamas-lo-hubiera-hecho","status":"publish","type":"post","link":"https:\/\/www.nortesocial.com.ar\/?p=1214","title":{"rendered":"\u201cJAM\u00c1S LO HUBIERA HECHO\u201d"},"content":{"rendered":"<h3><strong><em>De tal modo cont\u00f3 un familiar directo del exjefe policial y licenciado salte\u00f1o. El \u00faltimo informe del MPF deja entrever que Vicente Cordeyro se quit\u00f3 la vida. Las dudas de la investigaci\u00f3n.<\/em><\/strong><\/h3>\n<p><strong>\u00a0<\/strong><\/p>\n<p>El jueves 9 de octubre, a las 7.30, <strong>Vicente Cordeyro<\/strong> dej\u00f3 en el Colegio de Jes\u00fas, en la avenida Belgrano al 600, a su hija de 17 a\u00f1os. El reconocido investigador march\u00f3 luego hac\u00eda el norte de la ciudad de Salta, en donde viv\u00eda con su familia. Sin embargo, en lugar de llegar a su casa, continu\u00f3 rumbo hacia San Lorenzo.<\/p>\n<p>Supuestamente, la \u00faltima imagen de Cordeyro (c\u00e1mara de seguridad cerca de la parroquia San Lorenzo M\u00e1rtir en la Villa) indica las 8.22. \u201c<em>El no iba ah\u00ed, en sus caminatas, siempre sal\u00eda con su mujer\u201d,<\/em> cont\u00f3 la fuente reservada.<\/p>\n<figure id=\"attachment_1133\" aria-describedby=\"caption-attachment-1133\" style=\"width: 310px\" class=\"wp-caption alignright\"><img loading=\"lazy\" decoding=\"async\" class=\"size-full wp-image-1133\" src=\"https:\/\/www.nortesocial.com.ar\/wp-content\/uploads\/2025\/10\/Cordeyro15-1.png\" alt=\"\" width=\"310\" height=\"228\" srcset=\"https:\/\/www.nortesocial.com.ar\/wp-content\/uploads\/2025\/10\/Cordeyro15-1.png 310w, https:\/\/www.nortesocial.com.ar\/wp-content\/uploads\/2025\/10\/Cordeyro15-1-80x60.png 80w\" sizes=\"auto, (max-width: 310px) 100vw, 310px\" \/><figcaption id=\"caption-attachment-1133\" class=\"wp-caption-text\">LA C\u00c1MARA CAPTA A CORDEYRO CAMINANDO HACIA EL CERRO<\/figcaption><\/figure>\n<p>Otro dato significativo: siempre volv\u00eda a buscar a su hija, entre las 12.30 y 13. <strong>Aquel jueves no lo hizo<\/strong>. Por eso la denuncia de la familia.<\/p>\n<p>De acuerdo a la informaci\u00f3n del Ministerio P\u00fablico Fiscal (MPF), Vicente Cordeyro dej\u00f3 a su hija adolescente en el colegio de Jes\u00fas, y, tras comprar una bebida alcoh\u00f3lica fue a San Lorenzo, pudiendo inferirse que prendi\u00f3 fuego al cerro Elefante, tir\u00f3 mochila, celular, se desnud\u00f3 y colg\u00f3.<\/p>\n<p>O sea, contradiciendo sus 64 a\u00f1os, trayectorias profesionales, amores, el licenciado, seg\u00fan la informaci\u00f3n fiscal, habr\u00eda sufrido un fatal brote psic\u00f3tico. <em>\u201cJam\u00e1s lo hubiera hecho\u201d,<\/em> revel\u00f3 el familiar.<\/p>\n<figure id=\"attachment_1137\" aria-describedby=\"caption-attachment-1137\" style=\"width: 500px\" class=\"wp-caption alignright\"><img loading=\"lazy\" decoding=\"async\" class=\" wp-image-1137\" src=\"https:\/\/www.nortesocial.com.ar\/wp-content\/uploads\/2025\/10\/Cordeyro18.webp\" alt=\"\" width=\"500\" height=\"281\" srcset=\"https:\/\/www.nortesocial.com.ar\/wp-content\/uploads\/2025\/10\/Cordeyro18.webp 1067w, https:\/\/www.nortesocial.com.ar\/wp-content\/uploads\/2025\/10\/Cordeyro18-768x432.webp 768w, https:\/\/www.nortesocial.com.ar\/wp-content\/uploads\/2025\/10\/Cordeyro18-696x391.webp 696w, https:\/\/www.nortesocial.com.ar\/wp-content\/uploads\/2025\/10\/Cordeyro18-747x420.webp 747w\" sizes=\"auto, (max-width: 500px) 100vw, 500px\" \/><figcaption id=\"caption-attachment-1137\" class=\"wp-caption-text\">BOMBEROS VOLUNTARIIOS LUCHAN CONTRA EL INCENDIO EN EL CERRO ELEFANTE<\/figcaption><\/figure>\n<p><strong>Verdugos<\/strong><\/p>\n<p>La investigaci\u00f3n forense considera que, mayoritariamente, quienes mueren ahorcados responden a decisiones propias. Es cierto que en general asi sucede. Sin embargo, v\u00edctimas de este ag\u00f3nico modo abundan sospechosamente en las c\u00e1rceles. Y la emplean organizaciones criminales.<\/p>\n<p>Ahorcamientos homicidas sucedieron con las \u201cbrujas de Salem\u201d. tambi\u00e9n se reflejan con \u201cHannibal Lecter\u201d, rememorando asesinatos similares en la edad media. O cr\u00edmenes mafiosos como el del \u201cbanquero de Dios\u201d, Roberto Calvi.<\/p>\n<p>Teniendo el lazo rodeado el cuello, pendiendo de la rama de un \u00e1rbol o apoyo firme, el verdugo tiraba de la soga hasta que la v\u00edctima apenas pudiese apoyar la punta de sus pies. El estir\u00f3n final era hasta que el cuerpo pendiese, ahorcado.<\/p>\n<p><img loading=\"lazy\" decoding=\"async\" class=\" wp-image-1216 alignleft\" src=\"https:\/\/www.nortesocial.com.ar\/wp-content\/uploads\/2025\/10\/Cordeyro30.png\" alt=\"\" width=\"417\" height=\"235\" srcset=\"https:\/\/www.nortesocial.com.ar\/wp-content\/uploads\/2025\/10\/Cordeyro30.png 1600w, https:\/\/www.nortesocial.com.ar\/wp-content\/uploads\/2025\/10\/Cordeyro30-768x432.png 768w, https:\/\/www.nortesocial.com.ar\/wp-content\/uploads\/2025\/10\/Cordeyro30-1536x864.png 1536w, https:\/\/www.nortesocial.com.ar\/wp-content\/uploads\/2025\/10\/Cordeyro30-696x392.png 696w, https:\/\/www.nortesocial.com.ar\/wp-content\/uploads\/2025\/10\/Cordeyro30-1068x601.png 1068w, https:\/\/www.nortesocial.com.ar\/wp-content\/uploads\/2025\/10\/Cordeyro30-747x420.png 747w\" sizes=\"auto, (max-width: 417px) 100vw, 417px\" \/><\/p>\n<p><strong>Conocedor<\/strong><\/p>\n<p>Un hombre proveniente de la Polic\u00eda conoce cu\u00e1les son los medios letales m\u00e1s efectivos. El ahorcamiento es uno de los m\u00e1s penosos. Si se trata de quitarse la vida, el <strong>disparo de un arma de fuego produce la muerte inmediata.<\/strong><\/p>\n<p>De acuerdo a los investigadores, Cordeyro estaba colgado, de un \u00e1rbol en <strong>una ladera casi vertical, desnudo<\/strong>. Seg\u00fan se desprende de la informaci\u00f3n fiscal, el exjefe policial habr\u00eda tirado ropa, mochila, celular, bebida alcoh\u00f3lica, prendido fuego al cerro Elefante y luego se mat\u00f3.<\/p>\n<p>Acciones demenciales, aparentemente contradictorias con sus 64 a\u00f1os de vida. Y una trayectoria profesional y humana impecable. Como polic\u00eda, investigador, jefe, docente, esposo, padre, abuelo.<\/p>\n<figure id=\"attachment_1176\" aria-describedby=\"caption-attachment-1176\" style=\"width: 439px\" class=\"wp-caption alignleft\"><img loading=\"lazy\" decoding=\"async\" class=\" wp-image-1176\" src=\"https:\/\/www.nortesocial.com.ar\/wp-content\/uploads\/2025\/10\/Foto-01-Cordeyro27.jpg\" alt=\"\" width=\"439\" height=\"247\" srcset=\"https:\/\/www.nortesocial.com.ar\/wp-content\/uploads\/2025\/10\/Foto-01-Cordeyro27.jpg 1600w, https:\/\/www.nortesocial.com.ar\/wp-content\/uploads\/2025\/10\/Foto-01-Cordeyro27-768x432.jpg 768w, https:\/\/www.nortesocial.com.ar\/wp-content\/uploads\/2025\/10\/Foto-01-Cordeyro27-1536x864.jpg 1536w, https:\/\/www.nortesocial.com.ar\/wp-content\/uploads\/2025\/10\/Foto-01-Cordeyro27-696x392.jpg 696w, https:\/\/www.nortesocial.com.ar\/wp-content\/uploads\/2025\/10\/Foto-01-Cordeyro27-1068x601.jpg 1068w, https:\/\/www.nortesocial.com.ar\/wp-content\/uploads\/2025\/10\/Foto-01-Cordeyro27-747x420.jpg 747w\" sizes=\"auto, (max-width: 439px) 100vw, 439px\" \/><figcaption id=\"caption-attachment-1176\" class=\"wp-caption-text\">CERRO ELEFANTE, SAN LORENZO<\/figcaption><\/figure>\n<p><strong>Sab\u00edan que \u00e9l sab\u00eda <\/strong><\/p>\n<p>El MPF aclar\u00f3 d\u00edas atr\u00e1s que Vicente Cordeyro no realizaba investigaciones para la Polic\u00eda ni para fiscales. Formalmente, es cierto. Sin embargo, el licenciado investigaba. Atendiendo al <strong>narcotr\u00e1fico en Salta y Argentina<\/strong>, y las billonarias operaciones de <strong>lavado de dinero.<\/strong><\/p>\n<p>El exjefe contaba con fluidos contactos entre investigadores de la Gendarmer\u00eda, Polic\u00eda Federal, Polic\u00eda de Seguridad Aeroportuaria (PSA); funcionarios federales, agentes de Inteligencia. Dicho de otro modo: la l\u00facida cabeza de Cordeyro albergaba much\u00edsima, sensible informaci\u00f3n. Conociendo las identidades de sospechosos empresarios y personas de los poderes del Estado.<\/p>\n<p>Prudente, calmo, Vicente, period\u00edsticamente hablaba hasta los l\u00edmites legales. Pero los delincuentes y corruptos sab\u00edan que \u00e9l sab\u00eda.<\/p>\n<p>&nbsp;<\/p>\n<p><strong>AUTOPSIA PSICOL\u00d3GICA <\/strong><\/p>\n<p>Al menos hasta el momento, los investigadores no hablaron de haber realizado una autopsia psicol\u00f3gica. Esta es una t\u00e9cnica forense que reconstruye el estado mental y psicosocial de una persona fallecida para comprender las circunstancias de su muerte. Se realiza a trav\u00e9s de una investigaci\u00f3n indirecta que analiza informaci\u00f3n de fuentes como familiares, amigos, documentos y redes sociales, buscando determinar si la muerte fue suicidio u homicidio.<\/p>\n<figure id=\"attachment_1217\" aria-describedby=\"caption-attachment-1217\" style=\"width: 386px\" class=\"wp-caption alignright\"><img loading=\"lazy\" decoding=\"async\" class=\" wp-image-1217\" src=\"https:\/\/www.nortesocial.com.ar\/wp-content\/uploads\/2025\/10\/Cordeyro31.png\" alt=\"\" width=\"386\" height=\"287\" srcset=\"https:\/\/www.nortesocial.com.ar\/wp-content\/uploads\/2025\/10\/Cordeyro31.png 589w, https:\/\/www.nortesocial.com.ar\/wp-content\/uploads\/2025\/10\/Cordeyro31-565x420.png 565w, https:\/\/www.nortesocial.com.ar\/wp-content\/uploads\/2025\/10\/Cordeyro31-80x60.png 80w, https:\/\/www.nortesocial.com.ar\/wp-content\/uploads\/2025\/10\/Cordeyro31-265x198.png 265w\" sizes=\"auto, (max-width: 386px) 100vw, 386px\" \/><figcaption id=\"caption-attachment-1217\" class=\"wp-caption-text\">HALLAZGO DEL CELULAR CALCINADO<\/figcaption><\/figure>\n<p><strong>\u201cNO TOMABA ALCOHOL\u201d<\/strong><\/p>\n<p>La fuente familiar asegur\u00f3 a <strong>Norte Social<\/strong><em>\u201d (Cordeyro) no tomaba alcohol\u201d.<\/em> Jugador de rugby, f\u00fatbol, nadador premiado, el exjefe policial ten\u00eda fuera de sus preferencias deportivas subir cerros en San Lorenzo. <em>\u201cFuera de una dolencia en la rodilla, no sufr\u00eda ninguna enfermedad terminal\u201d,<\/em> subray\u00f3.<\/p>\n","protected":false},"excerpt":{"rendered":"<p>De tal modo cont\u00f3 un familiar directo del exjefe policial y licenciado salte\u00f1o. El \u00faltimo informe del MPF deja entrever que Vicente Cordeyro se quit\u00f3 la vida. Las dudas de la investigaci\u00f3n. \u00a0 El jueves 9 de octubre, a las 7.30, Vicente Cordeyro dej\u00f3 en el Colegio de Jes\u00fas, en la avenida Belgrano al 600, [&hellip;]<\/p>\n","protected":false},"author":2,"featured_media":1104,"comment_status":"open","ping_status":"closed","sticky":false,"template":"","format":"standard","meta":{"footnotes":""},"categories":[6,2,47],"tags":[29,18,17,23,246],"class_list":["post-1214","post","type-post","status-publish","format-standard","has-post-thumbnail","hentry","category-cronicas-criminales","category-destacadas","category-salta","tag-cronicas-criminales","tag-dario-illanes","tag-norte-social","tag-salta","tag-vicente-cordeyro"],"_links":{"self":[{"href":"https:\/\/www.nortesocial.com.ar\/index.php?rest_route=\/wp\/v2\/posts\/1214","targetHints":{"allow":["GET"]}}],"collection":[{"href":"https:\/\/www.nortesocial.com.ar\/index.php?rest_route=\/wp\/v2\/posts"}],"about":[{"href":"https:\/\/www.nortesocial.com.ar\/index.php?rest_route=\/wp\/v2\/types\/post"}],"author":[{"embeddable":true,"href":"https:\/\/www.nortesocial.com.ar\/index.php?rest_route=\/wp\/v2\/users\/2"}],"replies":[{"embeddable":true,"href":"https:\/\/www.nortesocial.com.ar\/index.php?rest_route=%2Fwp%2Fv2%2Fcomments&post=1214"}],"version-history":[{"count":4,"href":"https:\/\/www.nortesocial.com.ar\/index.php?rest_route=\/wp\/v2\/posts\/1214\/revisions"}],"predecessor-version":[{"id":1235,"href":"https:\/\/www.nortesocial.com.ar\/index.php?rest_route=\/wp\/v2\/posts\/1214\/revisions\/1235"}],"wp:featuredmedia":[{"embeddable":true,"href":"https:\/\/www.nortesocial.com.ar\/index.php?rest_route=\/wp\/v2\/media\/1104"}],"wp:attachment":[{"href":"https:\/\/www.nortesocial.com.ar\/index.php?rest_route=%2Fwp%2Fv2%2Fmedia&parent=1214"}],"wp:term":[{"taxonomy":"category","embeddable":true,"href":"https:\/\/www.nortesocial.com.ar\/index.php?rest_route=%2Fwp%2Fv2%2Fcategories&post=1214"},{"taxonomy":"post_tag","embeddable":true,"href":"https:\/\/www.nortesocial.com.ar\/index.php?rest_route=%2Fwp%2Fv2%2Ftags&post=1214"}],"curies":[{"name":"wp","href":"https:\/\/api.w.org\/{rel}","templated":true}]}}