{"id":1219,"date":"2025-10-27T03:42:19","date_gmt":"2025-10-27T06:42:19","guid":{"rendered":"https:\/\/www.nortesocial.com.ar\/?p=1219"},"modified":"2025-10-27T08:24:50","modified_gmt":"2025-10-27T11:24:50","slug":"gano-milei-el-miedo-no-es-tonto","status":"publish","type":"post","link":"https:\/\/www.nortesocial.com.ar\/?p=1219","title":{"rendered":"GAN\u00d3 MILEI. EL MIEDO NO ES TONTO"},"content":{"rendered":"<h3><strong><em>\u201cSi Milei pierde, de lo malo pasamos a lo peor\u201d, cont\u00f3 en la vereda un vecino, antes de votar. Sus miedos radicaban en que la derrota del gobierno nacional significase inflaci\u00f3n y devaluaci\u00f3n. <\/em><\/strong><\/h3>\n<p>&nbsp;<\/p>\n<p>Posiblemente la oposici\u00f3n frontal de <strong>Fuerza Patria<\/strong> y la m\u00e1s moderada de <strong>Provincias Unidas<\/strong> no lograron ofrecer, a los votantes, tranquilidad para <strong>el d\u00eda despu\u00e9s<\/strong>. El \u201cvoto billetera\u201d ser\u00eda un modo de expresi\u00f3n popular. Al cual se suma el voto antiperonista, y el apoyo norteamericano al proyecto de Milei.<\/p>\n<p><img loading=\"lazy\" decoding=\"async\" class=\" wp-image-1229 alignleft\" src=\"https:\/\/www.nortesocial.com.ar\/wp-content\/uploads\/2025\/10\/Milei-elecc-25-6A.jpeg\" alt=\"\" width=\"455\" height=\"676\" srcset=\"https:\/\/www.nortesocial.com.ar\/wp-content\/uploads\/2025\/10\/Milei-elecc-25-6A.jpeg 548w, https:\/\/www.nortesocial.com.ar\/wp-content\/uploads\/2025\/10\/Milei-elecc-25-6A-283x420.jpeg 283w\" sizes=\"auto, (max-width: 455px) 100vw, 455px\" \/>En Salta, el apoyo ciudadano permiti\u00f3 el triunfo de LLA. Como la apuesta pol\u00edtica del gobernador Gustavo S\u00e1enz con su propuesta provincial.<\/p>\n<p>El rotundo fracaso fue el de Fuerza Patria. <strong>Urtubey se qued\u00f3 sin Senado y Estrada sin Diputados. El Partido de la Victoria pr\u00e1cticamente desapareci\u00f3<\/strong>. Desde hace tiempo que, en la Capital, el peronismo en sus variantes dej\u00f3 de tener la confianza ciudadana.<\/p>\n<p>En estas elecciones, <strong>divididos<\/strong>, demostr\u00f3 nuevamente que sus dirigentes no le encuentran el agujero al mate.<\/p>\n<p><strong>Visi\u00f3n estrat\u00e9gica<\/strong><\/p>\n<p>Si la desuni\u00f3n local indicar\u00eda <strong>ausencia de visi\u00f3n estrat\u00e9gica<\/strong>, Estados Unidos, mediante Donald Trump, se\u00f1al\u00f3 lo contrario. La Argentina de Milei, el mayor aliado en Latinoam\u00e9rica se ahogaba. La superpotencia le dio una <strong>ayuda in\u00e9dita<\/strong>.<\/p>\n<figure id=\"attachment_1227\" aria-describedby=\"caption-attachment-1227\" style=\"width: 493px\" class=\"wp-caption alignright\"><img loading=\"lazy\" decoding=\"async\" class=\" wp-image-1227\" src=\"https:\/\/www.nortesocial.com.ar\/wp-content\/uploads\/2025\/10\/Milei-elecc25-4-1.png\" alt=\"\" width=\"493\" height=\"358\" srcset=\"https:\/\/www.nortesocial.com.ar\/wp-content\/uploads\/2025\/10\/Milei-elecc25-4-1.png 1307w, https:\/\/www.nortesocial.com.ar\/wp-content\/uploads\/2025\/10\/Milei-elecc25-4-1-768x558.png 768w, https:\/\/www.nortesocial.com.ar\/wp-content\/uploads\/2025\/10\/Milei-elecc25-4-1-696x505.png 696w, https:\/\/www.nortesocial.com.ar\/wp-content\/uploads\/2025\/10\/Milei-elecc25-4-1-1068x775.png 1068w, https:\/\/www.nortesocial.com.ar\/wp-content\/uploads\/2025\/10\/Milei-elecc25-4-1-578x420.png 578w, https:\/\/www.nortesocial.com.ar\/wp-content\/uploads\/2025\/10\/Milei-elecc25-4-1-324x235.png 324w\" sizes=\"auto, (max-width: 493px) 100vw, 493px\" \/><figcaption id=\"caption-attachment-1227\" class=\"wp-caption-text\">LEAVY\/URTUBEY<\/figcaption><\/figure>\n<p>Conteniendo el d\u00f3lar, controlando la inflaci\u00f3n, calmando el mercado. Como en una pel\u00edcula norteamericana, el golpeado personaje gana en el \u00faltimo round. En este caso no importa si es bueno o malo, rodeado de \u00e1ngeles o corruptos, sino lo que significa para <strong>Washington<\/strong>.<\/p>\n<p>Tal vez por estos lados, dirigentes declarados opositores, no advirtieron con quien se enfrentaban realmente. En cambio, para la gente que vota, <strong>sin propuestas superadoras, eligieron<\/strong>. Como dice la sabidur\u00eda popular: <em>\u201cel miedo no es tonto\u201d.<\/em><\/p>\n<p>En la Argentina de las crisis, cambios, imprevisibilidades e incertidumbres permanentes, el respaldo es tambi\u00e9n una intimaci\u00f3n.<\/p>\n<p>&nbsp;<\/p>\n<p><strong>ESPERANDO<\/strong><\/p>\n<p>Posiblemente el d\u00f3lar se mantenga medianamente estable. La inflaci\u00f3n, m\u00e1s o menos controlada. <strong>Las mayor\u00edas, mal, pero acostumbradas<\/strong>. Esperando\u2026<\/p>\n<p><img loading=\"lazy\" decoding=\"async\" class=\" wp-image-1223 alignleft\" src=\"https:\/\/www.nortesocial.com.ar\/wp-content\/uploads\/2025\/10\/Milei-elecc25-2.png\" alt=\"\" width=\"550\" height=\"310\" srcset=\"https:\/\/www.nortesocial.com.ar\/wp-content\/uploads\/2025\/10\/Milei-elecc25-2.png 1920w, https:\/\/www.nortesocial.com.ar\/wp-content\/uploads\/2025\/10\/Milei-elecc25-2-768x432.png 768w, https:\/\/www.nortesocial.com.ar\/wp-content\/uploads\/2025\/10\/Milei-elecc25-2-1536x864.png 1536w, https:\/\/www.nortesocial.com.ar\/wp-content\/uploads\/2025\/10\/Milei-elecc25-2-696x392.png 696w, https:\/\/www.nortesocial.com.ar\/wp-content\/uploads\/2025\/10\/Milei-elecc25-2-1068x601.png 1068w, https:\/\/www.nortesocial.com.ar\/wp-content\/uploads\/2025\/10\/Milei-elecc25-2-747x420.png 747w\" sizes=\"auto, (max-width: 550px) 100vw, 550px\" \/><\/p>\n<p><strong>TRUMP LO HIZO<\/strong><\/p>\n<p>Moderado tras el triunfo, el presidente argentino convoc\u00f3 a acuerdos a gobernadores y legisladores. A pedido del mandatario norteamericano. Trump puede imponer a la Argentina el control de la econom\u00eda, la pol\u00edtica exterior, la seguridad interior y la justicia.<\/p>\n<p>En tanto, el poder financiero internacional reclama (en grandes l\u00edneas):<\/p>\n<p>Reforma laboral: inmovilizar los salarios para registrados, con la promesa de que se generar\u00edan m\u00e1s puestos de trabajo y \u201cblanquear\u00edan\u201d a ilegales.<\/p>\n<p>Reforma impositiva: derogar, bajar y unificar impuestos. Significar\u00eda beneficioso para empresarios e inversores, algo para consumidores, y menos ingresos para provincias.<\/p>\n<p>Reforma jubilatoria: Ampliaci\u00f3n de la Prestaci\u00f3n Universal al Adulto Mayor (PUAM), actualmente fijada en el 80% de la jubilaci\u00f3n m\u00ednima.<\/p>\n<p>&nbsp;<\/p>\n","protected":false},"excerpt":{"rendered":"<p>\u201cSi Milei pierde, de lo malo pasamos a lo peor\u201d, cont\u00f3 en la vereda un vecino, antes de votar. Sus miedos radicaban en que la derrota del gobierno nacional significase inflaci\u00f3n y devaluaci\u00f3n. &nbsp; Posiblemente la oposici\u00f3n frontal de Fuerza Patria y la m\u00e1s moderada de Provincias Unidas no lograron ofrecer, a los votantes, tranquilidad [&hellip;]<\/p>\n","protected":false},"author":2,"featured_media":1220,"comment_status":"open","ping_status":"closed","sticky":false,"template":"","format":"standard","meta":{"footnotes":""},"categories":[48,2,215,47,12],"tags":[18,43,17,32,23,229,176],"class_list":["post-1219","post","type-post","status-publish","format-standard","has-post-thumbnail","hentry","category-argentina","category-destacadas","category-elecciones-2025","category-salta","category-sociedad-politica-economia","tag-dario-illanes","tag-milei","tag-norte-social","tag-saenz","tag-salta","tag-trump","tag-urtubey"],"_links":{"self":[{"href":"https:\/\/www.nortesocial.com.ar\/index.php?rest_route=\/wp\/v2\/posts\/1219","targetHints":{"allow":["GET"]}}],"collection":[{"href":"https:\/\/www.nortesocial.com.ar\/index.php?rest_route=\/wp\/v2\/posts"}],"about":[{"href":"https:\/\/www.nortesocial.com.ar\/index.php?rest_route=\/wp\/v2\/types\/post"}],"author":[{"embeddable":true,"href":"https:\/\/www.nortesocial.com.ar\/index.php?rest_route=\/wp\/v2\/users\/2"}],"replies":[{"embeddable":true,"href":"https:\/\/www.nortesocial.com.ar\/index.php?rest_route=%2Fwp%2Fv2%2Fcomments&post=1219"}],"version-history":[{"count":7,"href":"https:\/\/www.nortesocial.com.ar\/index.php?rest_route=\/wp\/v2\/posts\/1219\/revisions"}],"predecessor-version":[{"id":1233,"href":"https:\/\/www.nortesocial.com.ar\/index.php?rest_route=\/wp\/v2\/posts\/1219\/revisions\/1233"}],"wp:featuredmedia":[{"embeddable":true,"href":"https:\/\/www.nortesocial.com.ar\/index.php?rest_route=\/wp\/v2\/media\/1220"}],"wp:attachment":[{"href":"https:\/\/www.nortesocial.com.ar\/index.php?rest_route=%2Fwp%2Fv2%2Fmedia&parent=1219"}],"wp:term":[{"taxonomy":"category","embeddable":true,"href":"https:\/\/www.nortesocial.com.ar\/index.php?rest_route=%2Fwp%2Fv2%2Fcategories&post=1219"},{"taxonomy":"post_tag","embeddable":true,"href":"https:\/\/www.nortesocial.com.ar\/index.php?rest_route=%2Fwp%2Fv2%2Ftags&post=1219"}],"curies":[{"name":"wp","href":"https:\/\/api.w.org\/{rel}","templated":true}]}}