{"id":1257,"date":"2025-11-02T16:07:36","date_gmt":"2025-11-02T19:07:36","guid":{"rendered":"https:\/\/www.nortesocial.com.ar\/?p=1257"},"modified":"2025-11-02T16:07:36","modified_gmt":"2025-11-02T19:07:36","slug":"droga-sexo-y-trata-de-personas","status":"publish","type":"post","link":"https:\/\/www.nortesocial.com.ar\/?p=1257","title":{"rendered":"DROGA, SEXO Y TRATA DE PERSONAS"},"content":{"rendered":"<h3><strong><em>Sof\u00eda Ben\u00edtez, de 25 a\u00f1os, muri\u00f3 la madrugada del lunes 25 de septiembre, presuntamente por sobredosis de drogas. Tambi\u00e9n investigan a una banda que ofrec\u00eda relaciones con colegialas.<\/em><\/strong><\/h3>\n<p><strong>\u00a0<\/strong><\/p>\n<p>Si bien los casos no est\u00e1n relacionados directamente y se investigan judicialmente en distintos \u00e1mbitos, el com\u00fan denominador es el <strong>narcotr\u00e1fico y la oferta sexual<\/strong>.<\/p>\n<p>Con respecto a <strong>Sof\u00eda Ben\u00edtez<\/strong>, la investigaci\u00f3n del Ministerio P\u00fablico Fiscal de Salta apunta a que la muerte est\u00e1 vinculado a una red de narcocriminalidad. Ya son 10 los detenidos.<\/p>\n<figure id=\"attachment_1260\" aria-describedby=\"caption-attachment-1260\" style=\"width: 225px\" class=\"wp-caption alignleft\"><img loading=\"lazy\" decoding=\"async\" class=\"size-full wp-image-1260\" src=\"https:\/\/www.nortesocial.com.ar\/wp-content\/uploads\/2025\/11\/ad03.png\" alt=\"\" width=\"225\" height=\"225\" \/><figcaption id=\"caption-attachment-1260\" class=\"wp-caption-text\">SOF\u00cdA BEN\u00cdTEZ<\/figcaption><\/figure>\n<p>El viernes pasado se inform\u00f3 que est\u00e1n imputados tres hombres. Adem\u00e1s, detuvieron a otro sospechoso y se secuestr\u00f3 una camioneta, considerada de relevancia en la causa. La Unidad Fiscal integrada por la fiscal penal Mar\u00eda Luj\u00e1n Sodero Calvet y el fiscal penal Santiago L\u00f3pez Soto imput\u00f3 a tres hombres de 20, 35 y 49 a\u00f1os como autores del delito de comercializaci\u00f3n de estupefacientes agravada por la participaci\u00f3n de tres o m\u00e1s personas en forma organizada.<\/p>\n<p>La investigaci\u00f3n de la Unidad Fiscal se inici\u00f3 a partir del fallecimiento de Ben\u00edtez, el 29 de septiembre, luego de haber sido trasladada al Centro de Salud de Villa Primavera, Supuestamente, por personas con las que se encontraba reunida.<\/p>\n<p><img loading=\"lazy\" decoding=\"async\" class=\"alignright  wp-image-1261\" src=\"https:\/\/www.nortesocial.com.ar\/wp-content\/uploads\/2025\/11\/cc05.jpeg\" alt=\"\" width=\"498\" height=\"332\" srcset=\"https:\/\/www.nortesocial.com.ar\/wp-content\/uploads\/2025\/11\/cc05.jpeg 700w, https:\/\/www.nortesocial.com.ar\/wp-content\/uploads\/2025\/11\/cc05-696x464.jpeg 696w, https:\/\/www.nortesocial.com.ar\/wp-content\/uploads\/2025\/11\/cc05-630x420.jpeg 630w\" sizes=\"auto, (max-width: 498px) 100vw, 498px\" \/><\/p>\n<p><strong>Banda narco<\/strong><\/p>\n<p>Dos de los detenidos enfrentan cargos por <strong>homicidio culposo, facilitaci\u00f3n de estupefacientes en perjuicio de Sof\u00eda Ben\u00edtez y coacci\u00f3n<\/strong> contra el personal del Centro de Salud que la recibi\u00f3.<\/p>\n<p>Los allanamientos se realizaron en siete domicilios ubicados en los barrios San Silvestre, Villa Primavera y Alta Tensi\u00f3n, todos de la ciudad de Salta. Durante los operativos fueron detenidos seis hombres y secuestrados m\u00e1s de tres kilos de pasta base, marihuana, algo m\u00e1s de $ 5 millones, tel\u00e9fonos celulares, una m\u00e1quina contadora de billetes y elementos de corte y fraccionamiento.<\/p>\n<p>La fiscal\u00eda reuni\u00f3 elementos que orientaron la investigaci\u00f3n hacia una banda dedicada a la comercializaci\u00f3n de drogas, que a su vez tendr\u00edan v\u00ednculos con otras personas que la joven frecuentaba y con quienes <strong>habr\u00eda compartido las \u00faltimas horas<\/strong> antes de ser hospitalizada.<\/p>\n<p>&nbsp;<\/p>\n<p><strong>Colegialas<\/strong><\/p>\n<p><img loading=\"lazy\" decoding=\"async\" class=\"size-full wp-image-1263 alignleft\" src=\"https:\/\/www.nortesocial.com.ar\/wp-content\/uploads\/2025\/11\/ad04-1.jpeg\" alt=\"\" width=\"260\" height=\"325\" \/>Por otra parte, el juez federal de Garant\u00edas N\u00b01 de Salta, Julio Bavio, hizo lugar al requerimiento del fiscal general Eduardo Villalba por <strong>trata de personas<\/strong> contra un remisero y otros tres hombres acusados de captar alumnas de un colegio secundario del sur de la ciudad capital para explotarlas sexualmente.<\/p>\n<p>Los acusados quedaron imputados como coautores de <strong>trata de personas con fines de captaci\u00f3n, promoci\u00f3n, facilitaci\u00f3n y explotaci\u00f3n sexual, agravada por la vulnerabilidad, minoridad y cantidad de v\u00edctimas, la participaci\u00f3n de m\u00e1s de tres personas y por haberse consumado la explotaci\u00f3n. <\/strong><\/p>\n<p>En tanto, en el caso hay un quinto investigado que es un adolescente de 16 a\u00f1os quien qued\u00f3 imputado de manera provisoria por el mismo delito, pero en car\u00e1cter de part\u00edcipe secundario, y que continuar\u00e1 sometido a proceso con un r\u00e9gimen especial.<\/p>\n<p>Seg\u00fan la hip\u00f3tesis fiscal, el conductor cumpl\u00eda un rol central en la captaci\u00f3n de las adolescentes y en la organizaci\u00f3n de los encuentros sexuales, que se realizaban con los otros tres imputados principalmente en moteles ubicados sobre la ruta 26 o en la casa de uno de los explotadores.<\/p>\n<figure id=\"attachment_1264\" aria-describedby=\"caption-attachment-1264\" style=\"width: 259px\" class=\"wp-caption alignright\"><img loading=\"lazy\" decoding=\"async\" class=\"size-full wp-image-1264\" src=\"https:\/\/www.nortesocial.com.ar\/wp-content\/uploads\/2025\/11\/cc0.jpeg\" alt=\"\" width=\"259\" height=\"194\" srcset=\"https:\/\/www.nortesocial.com.ar\/wp-content\/uploads\/2025\/11\/cc0.jpeg 259w, https:\/\/www.nortesocial.com.ar\/wp-content\/uploads\/2025\/11\/cc0-80x60.jpeg 80w\" sizes=\"auto, (max-width: 259px) 100vw, 259px\" \/><figcaption id=\"caption-attachment-1264\" class=\"wp-caption-text\">ALLANAMIENTOS<\/figcaption><\/figure>\n<p><strong>EL DEPARTAMENTO<\/strong><\/p>\n<p>De acuerdo a Marcial Ben\u00edtez, padre de Sof\u00eda, el \u00faltimo mensaje de la joven fue a las 5.58 del lunes 29 de septiembre. Asimismo, la v\u00edctima se habr\u00eda encontrado en un departamento en la avenida Belgrano 678. Parad\u00f3jicamente, fue dejada, semidesnuda, en el Centro de Salud de Villa Primavera.<\/p>\n<p>&nbsp;<\/p>\n<p><strong>UN CELULAR CARO<\/strong><\/p>\n<p>La primera denuncia del caso federal fue el 26 de junio del a\u00f1o pasado. La mam\u00e1 de una de las v\u00edctimas se mostr\u00f3 sorprendida por el celular de alta gama que ten\u00eda su hija adolescente. Al revisarlo, vio mensajes de \u00edndole sexual, entre ellos uno enviado por el remisero, a trav\u00e9s del cual hac\u00eda alusi\u00f3n a su otra hija de 12 a\u00f1os.<\/p>\n","protected":false},"excerpt":{"rendered":"<p>Sof\u00eda Ben\u00edtez, de 25 a\u00f1os, muri\u00f3 la madrugada del lunes 25 de septiembre, presuntamente por sobredosis de drogas. Tambi\u00e9n investigan a una banda que ofrec\u00eda relaciones con colegialas. \u00a0 Si bien los casos no est\u00e1n relacionados directamente y se investigan judicialmente en distintos \u00e1mbitos, el com\u00fan denominador es el narcotr\u00e1fico y la oferta sexual. Con [&hellip;]<\/p>\n","protected":false},"author":2,"featured_media":1258,"comment_status":"open","ping_status":"closed","sticky":false,"template":"","format":"standard","meta":{"footnotes":""},"categories":[6,2,47],"tags":[29,18,247,237,17,23,266,267],"class_list":["post-1257","post","type-post","status-publish","format-standard","has-post-thumbnail","hentry","category-cronicas-criminales","category-destacadas","category-salta","tag-cronicas-criminales","tag-dario-illanes","tag-droga","tag-narco","tag-norte-social","tag-salta","tag-sexo","tag-trata"],"_links":{"self":[{"href":"https:\/\/www.nortesocial.com.ar\/index.php?rest_route=\/wp\/v2\/posts\/1257","targetHints":{"allow":["GET"]}}],"collection":[{"href":"https:\/\/www.nortesocial.com.ar\/index.php?rest_route=\/wp\/v2\/posts"}],"about":[{"href":"https:\/\/www.nortesocial.com.ar\/index.php?rest_route=\/wp\/v2\/types\/post"}],"author":[{"embeddable":true,"href":"https:\/\/www.nortesocial.com.ar\/index.php?rest_route=\/wp\/v2\/users\/2"}],"replies":[{"embeddable":true,"href":"https:\/\/www.nortesocial.com.ar\/index.php?rest_route=%2Fwp%2Fv2%2Fcomments&post=1257"}],"version-history":[{"count":3,"href":"https:\/\/www.nortesocial.com.ar\/index.php?rest_route=\/wp\/v2\/posts\/1257\/revisions"}],"predecessor-version":[{"id":1266,"href":"https:\/\/www.nortesocial.com.ar\/index.php?rest_route=\/wp\/v2\/posts\/1257\/revisions\/1266"}],"wp:featuredmedia":[{"embeddable":true,"href":"https:\/\/www.nortesocial.com.ar\/index.php?rest_route=\/wp\/v2\/media\/1258"}],"wp:attachment":[{"href":"https:\/\/www.nortesocial.com.ar\/index.php?rest_route=%2Fwp%2Fv2%2Fmedia&parent=1257"}],"wp:term":[{"taxonomy":"category","embeddable":true,"href":"https:\/\/www.nortesocial.com.ar\/index.php?rest_route=%2Fwp%2Fv2%2Fcategories&post=1257"},{"taxonomy":"post_tag","embeddable":true,"href":"https:\/\/www.nortesocial.com.ar\/index.php?rest_route=%2Fwp%2Fv2%2Ftags&post=1257"}],"curies":[{"name":"wp","href":"https:\/\/api.w.org\/{rel}","templated":true}]}}