{"id":1283,"date":"2025-11-07T23:22:06","date_gmt":"2025-11-08T02:22:06","guid":{"rendered":"https:\/\/www.nortesocial.com.ar\/?p=1283"},"modified":"2025-11-07T23:22:06","modified_gmt":"2025-11-08T02:22:06","slug":"jimena-salas-asesinato-impune","status":"publish","type":"post","link":"https:\/\/www.nortesocial.com.ar\/?p=1283","title":{"rendered":"JIMENA SALAS: ASESINATO IMPUNE"},"content":{"rendered":"<h3><strong><em>Desde el viernes 27 de enero de 2017, han transcurrido tres distintas investigaciones distintas; dos juicios y cuatro acusados absueltos. Fracasos e impunidades.<\/em><\/strong><\/h3>\n<p>&nbsp;<\/p>\n<p><em>\u201cEl \u00fanico problema es que vamos a seguir sin saber qui\u00e9n mat\u00f3 a Jimena. Siempre volvemos al principio\u201d,<\/em> sostuvo <strong>Cristina Garc\u00eda<\/strong>, madre de <strong>Jimena Salas<\/strong>. En su declaraci\u00f3n como testigo a fin de septiembre de 2025.<\/p>\n<figure id=\"attachment_1285\" aria-describedby=\"caption-attachment-1285\" style=\"width: 441px\" class=\"wp-caption alignleft\"><img loading=\"lazy\" decoding=\"async\" class=\"wp-image-1285\" src=\"https:\/\/www.nortesocial.com.ar\/wp-content\/uploads\/2025\/11\/jime2.png\" alt=\"\" width=\"441\" height=\"750\" srcset=\"https:\/\/www.nortesocial.com.ar\/wp-content\/uploads\/2025\/11\/jime2.png 560w, https:\/\/www.nortesocial.com.ar\/wp-content\/uploads\/2025\/11\/jime2-247x420.png 247w\" sizes=\"auto, (max-width: 441px) 100vw, 441px\" \/><figcaption id=\"caption-attachment-1285\" class=\"wp-caption-text\">CRISTINA GARC\u00cdA, MADRE DE JIMENA<\/figcaption><\/figure>\n<p>Los jueces Jos\u00e9 Luis Riera, M\u00f3nica Faber y Maximiliano Troyano dictaron el viernes 7 de noviembre la absoluci\u00f3n de los hermanos <strong>Adri\u00e1n Guillermo <\/strong>y <strong>Carlos Dami\u00e1n Saavedra<\/strong>. En aplicaci\u00f3n del beneficio de la duda (in dubio pro-reo), ordenando la inmediata libertad de ambos.<\/p>\n<p>En tanto, el tribunal asegur\u00f3<em><strong> \u201cla certeza\u201d<\/strong><\/em> de que uno de los asesinos fue <strong>Javier Nicol\u00e1s Saavedra<\/strong>, alias &#8220;Chino&#8221;. Sin embargo, debido al principio que impide la acci\u00f3n penal contra un fallecido, se dispuso su sobreseimiento por extinci\u00f3n de la acci\u00f3n penal, a causa de su muerte.<\/p>\n<p>El fallo encomend\u00f3 al Ministerio P\u00fablico Fiscal continuar con la investigaci\u00f3n para identificar y detener a &#8220;Hombre 2&#8221;, el segundo femicida. Seg\u00fan las muestras gen\u00e9ticas, particip\u00f3 del ataque.<\/p>\n<p>&nbsp;<\/p>\n<p><strong>Masacrada<\/strong><\/p>\n<p>Odio demencial, desmesura psic\u00f3pata, brote psic\u00f3tico, venganza narco son las principales razones para asesinar con sa\u00f1a y alevos\u00eda.<\/p>\n<p>Jimena, el mediod\u00eda del 27 de enero de 2017, preparaba el almuerzo para sus nenas y esposo. Con dos cuchillos, recibi\u00f3 los siguientes puntazos y cortes: dos en la cara; ocho en cuello; uno en hombro; dos en nuca; cuatro en el pecho; diecis\u00e9is en la espalda; diez en el abdomen; once en las piernas. Descomunal ataque contra una mujer peque\u00f1a e indefensa.<\/p>\n<p>Parad\u00f3jicamente, los atacantes tuvieron la \u201cdelicadeza\u201d de encerrar a las mellizas de tres a\u00f1os en el ba\u00f1o. Y si la intenci\u00f3n era robar, resulta inexplicable que dejasen sobre la cama las joyas. Nada se llevaron. Seg\u00fan el viudo.<\/p>\n<figure id=\"attachment_1288\" aria-describedby=\"caption-attachment-1288\" style=\"width: 320px\" class=\"wp-caption alignleft\"><img loading=\"lazy\" decoding=\"async\" class=\" wp-image-1288\" src=\"https:\/\/www.nortesocial.com.ar\/wp-content\/uploads\/2025\/11\/Saavedra01-V07Nov25.png\" alt=\"\" width=\"320\" height=\"297\" \/><figcaption id=\"caption-attachment-1288\" class=\"wp-caption-text\">ABSUELTOS<\/figcaption><\/figure>\n<p><strong>Tres investigaciones<\/strong><\/p>\n<p>Al comienzo, durante la procuraci\u00f3n de Pablo L\u00f3pez Vi\u00f1als, los fiscales Pablo Paz y Rodrigo Gonz\u00e1lez Miralpeix sostuvieron la hip\u00f3tesis de homicidio tras robo frustrado. El asalto se habr\u00eda concretado mediante el ardid de pedirle a Jimena ayuda para un extraviado caniche toy.<\/p>\n<p>Durante la gesti\u00f3n en el Ministerio Fiscal de Abel Cornejo, la investigaci\u00f3n cambio a crimen por encargo. Fueron acusados Nicol\u00e1s Federico Cajal Gauffin, viudo de la v\u00edctima, y Sergio Vargas, un vendedor ambulante. Ambos llegaron a juicio, pero fueron beneficiados por el principio \u201cin dubio pro reo\u201d (las dudas favorecen al acusado)<\/p>\n<p>Al asumir el procurador Pedro Garc\u00eda Castiella, se retom\u00f3 la hip\u00f3tesis del robo. Denuncias an\u00f3nimas se\u00f1alaron a los tres hermanos. Y una pericia gen\u00e9tica apunt\u00f3 a Javier, el \u201cChino\u201d<\/p>\n<p>Para los fiscales penales M\u00f3nica Poma, Leandro Flores y Gabriel Gonz\u00e1lez, los hermanos mataron a Salas para robarle. Aunque no robaron. Con la fiscal\u00eda coincidi\u00f3 el viudo y su abogado<\/p>\n<p><img loading=\"lazy\" decoding=\"async\" class=\" wp-image-965 alignleft\" src=\"https:\/\/www.nortesocial.com.ar\/wp-content\/uploads\/2025\/09\/Saavedra02.jpg\" alt=\"\" width=\"521\" height=\"456\" srcset=\"https:\/\/www.nortesocial.com.ar\/wp-content\/uploads\/2025\/09\/Saavedra02.jpg 720w, https:\/\/www.nortesocial.com.ar\/wp-content\/uploads\/2025\/09\/Saavedra02-696x609.jpg 696w, https:\/\/www.nortesocial.com.ar\/wp-content\/uploads\/2025\/09\/Saavedra02-480x420.jpg 480w\" sizes=\"auto, (max-width: 521px) 100vw, 521px\" \/><\/p>\n<p><strong>Persecuci\u00f3n<\/strong><\/p>\n<p>Horas despu\u00e9s de la sentencia, <strong>Marcelo Arancibia<\/strong>, abogado defensor de los hermanos Saavedra, aseguro a <strong>Norte Social <\/strong>que <em>\u201chab\u00eda una manifiesta predisposici\u00f3n para condenarlos\u201d<\/em><\/p>\n<p><em>\u201cConsiderando la persecuci\u00f3n que hubo contra los hermanos Saavedra, estamos satisfechos con el fallo. Adri\u00e1n y Carlos llegaban acusados para perpetua; luego a les redujeron la imputaci\u00f3n a \u201cparticipes secundarios\u201d, pidiendo doce a\u00f1os. Y finalmente fueron absueltos por la duda\u201d,<\/em> destac\u00f3.<\/p>\n<figure id=\"attachment_1286\" aria-describedby=\"caption-attachment-1286\" style=\"width: 340px\" class=\"wp-caption alignright\"><img loading=\"lazy\" decoding=\"async\" class=\" wp-image-1286\" src=\"https:\/\/www.nortesocial.com.ar\/wp-content\/uploads\/2025\/11\/Jime03.jpg\" alt=\"\" width=\"340\" height=\"378\" srcset=\"https:\/\/www.nortesocial.com.ar\/wp-content\/uploads\/2025\/11\/Jime03.jpg 648w, https:\/\/www.nortesocial.com.ar\/wp-content\/uploads\/2025\/11\/Jime03-378x420.jpg 378w\" sizes=\"auto, (max-width: 340px) 100vw, 340px\" \/><figcaption id=\"caption-attachment-1286\" class=\"wp-caption-text\">MARCELO ARANCIBIA<\/figcaption><\/figure>\n<p>Consultado respecto a la manifestaci\u00f3n del tribunal de la <strong><em>\u201ccerteza\u201d<\/em><\/strong> de la participaci\u00f3n homicida de <strong>Javier Saavedra<\/strong>, Arancibia se\u00f1al\u00f3: <em>\u201ca Javier, es b\u00e1sico, le cabe la inocencia, pues (debido a su fallecimiento) no tuvo el m\u00e1s m\u00ednimo derecho y posibilidad de defensa en juicio. Decir lo contrario es inconstitucional\u201d<\/em><\/p>\n<p>Y concluy\u00f3: <em>\u201cvamos a continuar trabajando para demostrar que Javier no tuvo absolutamente nada que ver\u201d<\/em><\/p>\n<p>&nbsp;<\/p>\n","protected":false},"excerpt":{"rendered":"<p>Desde el viernes 27 de enero de 2017, han transcurrido tres distintas investigaciones distintas; dos juicios y cuatro acusados absueltos. Fracasos e impunidades. &nbsp; \u201cEl \u00fanico problema es que vamos a seguir sin saber qui\u00e9n mat\u00f3 a Jimena. Siempre volvemos al principio\u201d, sostuvo Cristina Garc\u00eda, madre de Jimena Salas. En su declaraci\u00f3n como testigo a [&hellip;]<\/p>\n","protected":false},"author":2,"featured_media":1022,"comment_status":"open","ping_status":"closed","sticky":false,"template":"","format":"standard","meta":{"footnotes":""},"categories":[6,2,47,12],"tags":[29,207,212,269,213,17],"class_list":["post-1283","post","type-post","status-publish","format-standard","has-post-thumbnail","hentry","category-cronicas-criminales","category-destacadas","category-salta","category-sociedad-politica-economia","tag-cronicas-criminales","tag-impunidad","tag-javier-saavedra","tag-jimena","tag-marcelo-arancibia","tag-norte-social"],"_links":{"self":[{"href":"https:\/\/www.nortesocial.com.ar\/index.php?rest_route=\/wp\/v2\/posts\/1283","targetHints":{"allow":["GET"]}}],"collection":[{"href":"https:\/\/www.nortesocial.com.ar\/index.php?rest_route=\/wp\/v2\/posts"}],"about":[{"href":"https:\/\/www.nortesocial.com.ar\/index.php?rest_route=\/wp\/v2\/types\/post"}],"author":[{"embeddable":true,"href":"https:\/\/www.nortesocial.com.ar\/index.php?rest_route=\/wp\/v2\/users\/2"}],"replies":[{"embeddable":true,"href":"https:\/\/www.nortesocial.com.ar\/index.php?rest_route=%2Fwp%2Fv2%2Fcomments&post=1283"}],"version-history":[{"count":4,"href":"https:\/\/www.nortesocial.com.ar\/index.php?rest_route=\/wp\/v2\/posts\/1283\/revisions"}],"predecessor-version":[{"id":1290,"href":"https:\/\/www.nortesocial.com.ar\/index.php?rest_route=\/wp\/v2\/posts\/1283\/revisions\/1290"}],"wp:featuredmedia":[{"embeddable":true,"href":"https:\/\/www.nortesocial.com.ar\/index.php?rest_route=\/wp\/v2\/media\/1022"}],"wp:attachment":[{"href":"https:\/\/www.nortesocial.com.ar\/index.php?rest_route=%2Fwp%2Fv2%2Fmedia&parent=1283"}],"wp:term":[{"taxonomy":"category","embeddable":true,"href":"https:\/\/www.nortesocial.com.ar\/index.php?rest_route=%2Fwp%2Fv2%2Fcategories&post=1283"},{"taxonomy":"post_tag","embeddable":true,"href":"https:\/\/www.nortesocial.com.ar\/index.php?rest_route=%2Fwp%2Fv2%2Ftags&post=1283"}],"curies":[{"name":"wp","href":"https:\/\/api.w.org\/{rel}","templated":true}]}}