{"id":1292,"date":"2025-11-14T07:42:54","date_gmt":"2025-11-14T10:42:54","guid":{"rendered":"https:\/\/www.nortesocial.com.ar\/?p=1292"},"modified":"2025-11-14T07:42:54","modified_gmt":"2025-11-14T10:42:54","slug":"la-buena-gente-siempre","status":"publish","type":"post","link":"https:\/\/www.nortesocial.com.ar\/?p=1292","title":{"rendered":"LA BUENA GENTE, SIEMPRE"},"content":{"rendered":"<h3><strong><em>\u201cTodo lo que hicieron por alguien que necesita, lo hicieron por m\u00ed\u201d, dijo Jes\u00fas. Gauchadas, desintereses, solidaridades efectivas, empat\u00edas, compasiones. Amor.<\/em><\/strong><\/h3>\n<p>&nbsp;<\/p>\n<p>Valores y virtudes expresadas por bellas almas, mayoritariamente laburantes, que viven con lo justo, d\u00eda a d\u00eda. Del pueblo.<\/p>\n<p>En tiempos dif\u00edciles se demuestra y pone a prueba de que est\u00e1 hecho cada uno. Es parad\u00f3jico: generalmente los poderosos ayudan cuando median beneficios o les sobra. En cambio, la gente com\u00fan da una mano desinteresadamente, sin esperar nada a cambio, entregando lo que tienen.<\/p>\n<p>La frase entrecomillada del principio pertenece al libro de San Mateo (25: 40), continuidad de las palabras en el Talmud, ideas presentes en el budismo y los sabios chinos; desarrollada por el pensamiento humanista occidental.<\/p>\n<p>Por ejemplo: <em>\u201cLlevadera es la labor cuando muchos comparten la fatiga\u201d<\/em> (Homero, poeta griego, siglo VIII a. C.) O <em>\u201cNo hay bien alguno que nos deleite si no lo compartimos\u201d.<\/em> (S\u00e9neca, fil\u00f3sofo romano, 4 a. C.-65 d. C.)<\/p>\n<p>Y en Argentina, en Salta, expresada por los gauchos.<\/p>\n<p><img loading=\"lazy\" decoding=\"async\" class=\" wp-image-1295 alignleft\" src=\"https:\/\/www.nortesocial.com.ar\/wp-content\/uploads\/2025\/11\/buena04.jpg\" alt=\"\" width=\"441\" height=\"359\" srcset=\"https:\/\/www.nortesocial.com.ar\/wp-content\/uploads\/2025\/11\/buena04.jpg 573w, https:\/\/www.nortesocial.com.ar\/wp-content\/uploads\/2025\/11\/buena04-516x420.jpg 516w\" sizes=\"auto, (max-width: 441px) 100vw, 441px\" \/><\/p>\n<p><strong>Noblezas<\/strong><\/p>\n<p>La ma\u00f1ana del viernes 31 de octubre me robaron la bicicleta. Estaba con linga (cadena y candado), en la vereda de la peque\u00f1a panader\u00eda del barrio. En la calle Ituzaing\u00f3 al 1100, en el macrocentro de la ciudad de Salta. In\u00fatil fue la denuncia. La c\u00e1mara de seguridad del 911 no funciona.<\/p>\n<p>Con el humilde transporte trabajaba y controlaba mi salud. Tal vez, haya quienes el robo de una bicicleta les parezca intrascendente, poca cosa. Laburantes, convalecientes y ni\u00f1os comprenden de que se trata. Como se sufre.<\/p>\n<p><em>\u201cVen\u00ed, llevate la m\u00eda\u201d,<\/em> me dijo <strong>N\u00e9stor Nieva<\/strong>. Una bicicleta impecable. Sin que le pida, <strong>Natalia Otero <\/strong>transfiri\u00f3 unos pesos. <strong>Teresita Fr\u00edas<\/strong> divulg\u00f3; <strong>Stephanie Tiemersma <\/strong>y<strong> Patricio Poma <\/strong>ofrecieron sus veh\u00edculos para buscar la bicicleta cedida.<\/p>\n<p>\u201cPato\u201d, quien finalmente me prest\u00f3 auxilio para el traslado, <strong>se neg\u00f3 a recibir dinero<\/strong> por el combustible. Ruego que los mencionados me disculpen por hacer p\u00fablicas sus nobles acciones.<\/p>\n<p>Aclaro: con la mayor\u00eda no nos une amistad ni cercan\u00eda. Lo cual enaltece m\u00e1s sus gestos. Razones que me motivan a superar anonimatos.<\/p>\n<p><img loading=\"lazy\" decoding=\"async\" class=\"alignright  wp-image-1296\" src=\"https:\/\/www.nortesocial.com.ar\/wp-content\/uploads\/2025\/11\/buena02.jpg\" alt=\"\" width=\"479\" height=\"419\" srcset=\"https:\/\/www.nortesocial.com.ar\/wp-content\/uploads\/2025\/11\/buena02.jpg 731w, https:\/\/www.nortesocial.com.ar\/wp-content\/uploads\/2025\/11\/buena02-696x609.jpg 696w, https:\/\/www.nortesocial.com.ar\/wp-content\/uploads\/2025\/11\/buena02-480x420.jpg 480w\" sizes=\"auto, (max-width: 479px) 100vw, 479px\" \/><\/p>\n<p><strong>Virtudes y valores<\/strong><\/p>\n<p>\u201cGauchada\u201d es la virtud y valor criollo ejercida por mujeres y hombres. Que re\u00fanen decencia, ternura, empat\u00eda, solidaridad, compasi\u00f3n, gentileza, comprensi\u00f3n, altruismo, generosidad, desinter\u00e9s.<\/p>\n<p>Bellas personas.<\/p>\n<p>Las cuales no se justifican en excusas como \u201ctodos tenemos problemas\u201d, \u201ccada uno debe cargar su cruz\u201d, \u201cno es mi problema\u201d, o la m\u00e1s brutal de \u201cque se cague\u201d.<\/p>\n<p>Poseen -espiritualmente- la certeza de que se tienen menos necesidades cuanto m\u00e1s se sienten las ajenas.<\/p>\n<p><img loading=\"lazy\" decoding=\"async\" class=\"size-full wp-image-1297 alignleft\" src=\"https:\/\/www.nortesocial.com.ar\/wp-content\/uploads\/2025\/11\/buena03.png\" alt=\"\" width=\"400\" height=\"527\" srcset=\"https:\/\/www.nortesocial.com.ar\/wp-content\/uploads\/2025\/11\/buena03.png 400w, https:\/\/www.nortesocial.com.ar\/wp-content\/uploads\/2025\/11\/buena03-319x420.png 319w\" sizes=\"auto, (max-width: 400px) 100vw, 400px\" \/>Superan la deshumanizaci\u00f3n de la sociedad. Pragmatismo, utilitarismo, encanto superficial, individualismo y manipulaci\u00f3n. Caracter\u00edsticas que definen la personalidad psicop\u00e1tica.<\/p>\n<p>Por el contrario, a estas otras imprescindibles personas, desde sus pupilas, acciones y palabras, se les ve el alma. Paradas en la realidad, sin perder de vista el cielo.<\/p>\n<p><strong>A estas luminosas humanidades, \u00e1ngeles carnales, admiro, respeto, agradezco y quiero<\/strong>.<\/p>\n","protected":false},"excerpt":{"rendered":"<p>\u201cTodo lo que hicieron por alguien que necesita, lo hicieron por m\u00ed\u201d, dijo Jes\u00fas. Gauchadas, desintereses, solidaridades efectivas, empat\u00edas, compasiones. Amor. &nbsp; Valores y virtudes expresadas por bellas almas, mayoritariamente laburantes, que viven con lo justo, d\u00eda a d\u00eda. Del pueblo. En tiempos dif\u00edciles se demuestra y pone a prueba de que est\u00e1 hecho cada [&hellip;]<\/p>\n","protected":false},"author":2,"featured_media":1293,"comment_status":"open","ping_status":"closed","sticky":false,"template":"","format":"standard","meta":{"footnotes":""},"categories":[13,2,47],"tags":[113,271,272,18,270,17],"class_list":["post-1292","post","type-post","status-publish","format-standard","has-post-thumbnail","hentry","category-alma-eterna","category-destacadas","category-salta","tag-amor","tag-bicicleta","tag-buena-gente","tag-dario-illanes","tag-nestor-nieva","tag-norte-social"],"_links":{"self":[{"href":"https:\/\/www.nortesocial.com.ar\/index.php?rest_route=\/wp\/v2\/posts\/1292","targetHints":{"allow":["GET"]}}],"collection":[{"href":"https:\/\/www.nortesocial.com.ar\/index.php?rest_route=\/wp\/v2\/posts"}],"about":[{"href":"https:\/\/www.nortesocial.com.ar\/index.php?rest_route=\/wp\/v2\/types\/post"}],"author":[{"embeddable":true,"href":"https:\/\/www.nortesocial.com.ar\/index.php?rest_route=\/wp\/v2\/users\/2"}],"replies":[{"embeddable":true,"href":"https:\/\/www.nortesocial.com.ar\/index.php?rest_route=%2Fwp%2Fv2%2Fcomments&post=1292"}],"version-history":[{"count":3,"href":"https:\/\/www.nortesocial.com.ar\/index.php?rest_route=\/wp\/v2\/posts\/1292\/revisions"}],"predecessor-version":[{"id":1299,"href":"https:\/\/www.nortesocial.com.ar\/index.php?rest_route=\/wp\/v2\/posts\/1292\/revisions\/1299"}],"wp:featuredmedia":[{"embeddable":true,"href":"https:\/\/www.nortesocial.com.ar\/index.php?rest_route=\/wp\/v2\/media\/1293"}],"wp:attachment":[{"href":"https:\/\/www.nortesocial.com.ar\/index.php?rest_route=%2Fwp%2Fv2%2Fmedia&parent=1292"}],"wp:term":[{"taxonomy":"category","embeddable":true,"href":"https:\/\/www.nortesocial.com.ar\/index.php?rest_route=%2Fwp%2Fv2%2Fcategories&post=1292"},{"taxonomy":"post_tag","embeddable":true,"href":"https:\/\/www.nortesocial.com.ar\/index.php?rest_route=%2Fwp%2Fv2%2Ftags&post=1292"}],"curies":[{"name":"wp","href":"https:\/\/api.w.org\/{rel}","templated":true}]}}