{"id":1300,"date":"2025-11-20T21:00:49","date_gmt":"2025-11-21T00:00:49","guid":{"rendered":"https:\/\/www.nortesocial.com.ar\/?p=1300"},"modified":"2025-11-21T02:03:17","modified_gmt":"2025-11-21T05:03:17","slug":"junto-a-un-amigo-habria-matado-a-padre-y-tio","status":"publish","type":"post","link":"https:\/\/www.nortesocial.com.ar\/?p=1300","title":{"rendered":"JUNTO A UN AMIGO MAT\u00d3 A PADRE Y T\u00cdO"},"content":{"rendered":"<h3><strong><em>Los hermanos Roberto y N\u00e9stor Su\u00e1rez, de 70 y 73 a\u00f1os, fueron masacrados la tarde del viernes 16 de febrero de 2024, en Coronel Moldes. <\/em><\/strong><\/h3>\n<p>&nbsp;<\/p>\n<p><iframe loading=\"lazy\" title=\"Dar\u00edo Illanes | Cr\u00f3nicas criminales: H0m1cidi0 de los hermanos Su\u00e1rez: 2 condenas a prisi\u00f3n\u00a0perpetua\" width=\"696\" height=\"392\" src=\"https:\/\/www.youtube.com\/embed\/90sv9gPJR5k?feature=oembed\" frameborder=\"0\" allow=\"accelerometer; autoplay; clipboard-write; encrypted-media; gyroscope; picture-in-picture; web-share\" referrerpolicy=\"strict-origin-when-cross-origin\" allowfullscreen><\/iframe><\/p>\n<p>El juez Eduardo Ra\u00fal S\u00e1ngari conden\u00f3 a pena de prisi\u00f3n perpetua a los dos hombres acusados por el doble homicidio de los hermanos Roberto y N\u00e9stor Su\u00e1rez, ocurrido el 16 de febrero de 2024 en la finca La Uni\u00f3n (<strong>Coronel Moldes, Salta<\/strong>).<\/p>\n<p>A <strong>Michel Jes\u00fas Su\u00e1rez<\/strong> (27) lo consider\u00f3 coautor de homicidio agravado por el v\u00ednculo, criminis causa y por alevos\u00eda en perjuicio de su padre, en concurso real con homicidio criminis causa y por alevos\u00eda en perjuicio de su t\u00edo.<\/p>\n<p><strong>Jos\u00e9 Mar\u00eda Enrique Ch\u00e1vez Herrera<\/strong> (24), en tanto, result\u00f3 condenado como coautor de\u00a0\u00a0 homicidio agravado por alevos\u00eda y criminis causa<\/p>\n<figure id=\"attachment_1303\" aria-describedby=\"caption-attachment-1303\" style=\"width: 509px\" class=\"wp-caption alignleft\"><img loading=\"lazy\" decoding=\"async\" class=\" wp-image-1303\" src=\"https:\/\/www.nortesocial.com.ar\/wp-content\/uploads\/2025\/11\/Foto-02-Suarez-acusados.png\" alt=\"\" width=\"509\" height=\"297\" srcset=\"https:\/\/www.nortesocial.com.ar\/wp-content\/uploads\/2025\/11\/Foto-02-Suarez-acusados.png 1024w, https:\/\/www.nortesocial.com.ar\/wp-content\/uploads\/2025\/11\/Foto-02-Suarez-acusados-768x449.png 768w, https:\/\/www.nortesocial.com.ar\/wp-content\/uploads\/2025\/11\/Foto-02-Suarez-acusados-696x406.png 696w, https:\/\/www.nortesocial.com.ar\/wp-content\/uploads\/2025\/11\/Foto-02-Suarez-acusados-719x420.png 719w\" sizes=\"auto, (max-width: 509px) 100vw, 509px\" \/><figcaption id=\"caption-attachment-1303\" class=\"wp-caption-text\">ACUSADOS. MICHEL JES\u00daS SU\u00c1REZ Y JOS\u00c9 MAR\u00cdA ENRIQUE CH\u00c1VEZ HERRERA<\/figcaption><\/figure>\n<p>Durante sus alegatos, el fiscal penal 2 de la Unidad de Graves Atentados contra las Personas, Gabriel Gonz\u00e1lez, hab\u00eda mantenido la acusaci\u00f3n inicial, solicitando pena de prisi\u00f3n perpetua para ambos coimputados.<\/p>\n<p>Luego de mucho tiempo, el hijo llam\u00f3 a su padre Roberto para anunciarle que ir\u00eda a compartir un almuerzo. El finquero acept\u00f3 contento. \u201cPirulo\u201d y \u201cEl Negro\u201d recibieron gustosos al muchacho, pese a llegar acompa\u00f1ado de otro joven.<\/p>\n<p><strong>Tras comer juntos, se desat\u00f3 el horror.<\/strong><\/p>\n<p>Seg\u00fan el relato de Michel (el hijo y sobrino) junto a Jos\u00e9 llegaron en colectivo a la finca La Uni\u00f3n, tres kil\u00f3metros al norte del centro de Coronel Moldes. Los hermanos, adem\u00e1s de sus avanzadas edades, padec\u00edan dificultades para caminar y visi\u00f3n limitada.<\/p>\n<p><strong>\u201cArrastrado\u201d<\/strong><\/p>\n<p>El familiar de las v\u00edctimas culp\u00f3 al amigo. Cont\u00f3 que estaba en el ba\u00f1o cuando el otro acusado, Ch\u00e1vez Herrera.\u00a0 termin\u00f3 con la vida de su t\u00edo. Asegur\u00f3 que cuando Jos\u00e9 atac\u00f3 a su padre, \u00e9l estaba afuera de la casa porque hab\u00eda salido a ver por qu\u00e9 ladraban los perros. Se\u00f1al\u00f3 que fue un \u201cexceso\u201d de su compinche, quien lo amenaz\u00f3 con matarlo si lo culpaba.<\/p>\n<p>Relat\u00f3 que fue \u201carrastrado\u201d a un delito que \u00e9l no cometi\u00f3. Dijo que despu\u00e9s de ver los cuerpos de su padre y de su t\u00edo buscaron las llaves de la caja fuerte. La hallaron, se hicieron de algunos d\u00f3lares, los cuales se repartieron. Sostuvo que opt\u00f3 por guardar silencio hasta ayer porque se sent\u00eda amenazado y porque hab\u00eda dado su palabra.<\/p>\n<p>Michel Jes\u00fas Su\u00e1rez reconoci\u00f3 que fue robar, junto a su amigo Jos\u00e9 Mar\u00eda Enrique Ch\u00e1vez Herrera, a la finca de su padre. Estaba endeudado jugando p\u00f3ker.<\/p>\n<figure id=\"attachment_1305\" aria-describedby=\"caption-attachment-1305\" style=\"width: 532px\" class=\"wp-caption alignright\"><img loading=\"lazy\" decoding=\"async\" class=\" wp-image-1305\" src=\"https:\/\/www.nortesocial.com.ar\/wp-content\/uploads\/2025\/11\/suarez04.png\" alt=\"\" width=\"532\" height=\"325\" srcset=\"https:\/\/www.nortesocial.com.ar\/wp-content\/uploads\/2025\/11\/suarez04.png 992w, https:\/\/www.nortesocial.com.ar\/wp-content\/uploads\/2025\/11\/suarez04-768x469.png 768w, https:\/\/www.nortesocial.com.ar\/wp-content\/uploads\/2025\/11\/suarez04-696x425.png 696w, https:\/\/www.nortesocial.com.ar\/wp-content\/uploads\/2025\/11\/suarez04-688x420.png 688w\" sizes=\"auto, (max-width: 532px) 100vw, 532px\" \/><figcaption id=\"caption-attachment-1305\" class=\"wp-caption-text\">CORONEL MOLDES<\/figcaption><\/figure>\n<p><strong>Perpetua<\/strong><\/p>\n<p>El lunes 17 de noviembre, el fiscal penal Gabriel Gonz\u00e1lez brind\u00f3 su alegato, asegurando que ambos j\u00f3venes asesinaron con alevos\u00eda, para robarles, a los hermanos Su\u00e1rez. Solicit\u00f3 al tribunal prisi\u00f3n perpetua.<\/p>\n<p>Luego fue el turno del abogado defensor de Ch\u00e1vez Herrera, quien solicit\u00f3 que sea condenado a la pena de 10 a\u00f1os de prisi\u00f3n efectiva como autor del delito de homicidio en ocasi\u00f3n de robo y en forma subsidiaria, como part\u00edcipe secundario del delito por el que lleg\u00f3 acusado, a la pena de 10 a\u00f1os de prisi\u00f3n efectiva.<\/p>\n<p>El mi\u00e9rcoles 19 a la ma\u00f1ana reliz\u00f3 \u00a0sus alegatos la defensa de Michel Su\u00e1rez. Poco\u00a0 despues se dio la sentencia con la m\u00e1xima pena.<\/p>\n<figure id=\"attachment_1304\" aria-describedby=\"caption-attachment-1304\" style=\"width: 481px\" class=\"wp-caption alignright\"><img loading=\"lazy\" decoding=\"async\" class=\" wp-image-1304\" src=\"https:\/\/www.nortesocial.com.ar\/wp-content\/uploads\/2025\/11\/suarez03.png\" alt=\"\" width=\"481\" height=\"394\" srcset=\"https:\/\/www.nortesocial.com.ar\/wp-content\/uploads\/2025\/11\/suarez03.png 992w, https:\/\/www.nortesocial.com.ar\/wp-content\/uploads\/2025\/11\/suarez03-768x629.png 768w, https:\/\/www.nortesocial.com.ar\/wp-content\/uploads\/2025\/11\/suarez03-696x570.png 696w, https:\/\/www.nortesocial.com.ar\/wp-content\/uploads\/2025\/11\/suarez03-512x420.png 512w\" sizes=\"auto, (max-width: 481px) 100vw, 481px\" \/><figcaption id=\"caption-attachment-1304\" class=\"wp-caption-text\">EL AUTO ABANDONADO<\/figcaption><\/figure>\n<p><strong>BOT\u00cdN<\/strong><\/p>\n<p>La codicia de dos j\u00f3venes marginales, carentes de moral y compasi\u00f3n, condujo a las aberraciones homicidas. El hijo y sobrino Michel Jes\u00fas Su\u00e1rez, y su compinche delincuente Jos\u00e9 Mar\u00eda Enrique Ch\u00e1vez Herrera, mataron para llevarse <strong>dos mil d\u00f3lares<\/strong>.<\/p>\n<p>&nbsp;<\/p>\n<p><strong>VIDA TRANQUILA <\/strong><\/p>\n<p>Uno de los testigos clave, sobrino nieto de las v\u00edctimas, relat\u00f3 que los hermanos Su\u00e1rez llevaban una vida tranquila, sin conflictos conocidos, viviendo de sus jubilaciones y del arriendo de la finca. Ambos ten\u00edan problemas de salud, uno se movilizaba en silla de ruedas y el otro padec\u00eda ceguera.<\/p>\n<p>&nbsp;<\/p>\n<p><strong>MASACRADOS<\/strong><\/p>\n<p>El sobrino nieto cont\u00f3 que se enter\u00f3 del doble homicidio cuando la Polic\u00eda encontr\u00f3 abandonado el auto de su t\u00edo N\u00e9stor en El Carril, el domingo 18 de febrero de 2024. Al llegar a la finca, junto a los uniformados, encontraron las tranqueras abiertas y la vivienda a oscuras. Tras ingresar por una puerta lateral, hallaron el cuerpo de Roberto ensangrentado en el comedor y, m\u00e1s tarde, el de N\u00e9stor en el lavadero.<\/p>\n<p>&nbsp;<\/p>\n<p><strong>\u00a0<\/strong><\/p>\n","protected":false},"excerpt":{"rendered":"<p>Los hermanos Roberto y N\u00e9stor Su\u00e1rez, de 70 y 73 a\u00f1os, fueron masacrados la tarde del viernes 16 de febrero de 2024, en Coronel Moldes. &nbsp; El juez Eduardo Ra\u00fal S\u00e1ngari conden\u00f3 a pena de prisi\u00f3n perpetua a los dos hombres acusados por el doble homicidio de los hermanos Roberto y N\u00e9stor Su\u00e1rez, ocurrido el [&hellip;]<\/p>\n","protected":false},"author":2,"featured_media":1301,"comment_status":"open","ping_status":"closed","sticky":false,"template":"","format":"standard","meta":{"footnotes":""},"categories":[6,2,47],"tags":[274,29,18,17,273,275],"class_list":["post-1300","post","type-post","status-publish","format-standard","has-post-thumbnail","hentry","category-cronicas-criminales","category-destacadas","category-salta","tag-coronel-moldes","tag-cronicas-criminales","tag-dario-illanes","tag-norte-social","tag-parricidio","tag-suarez"],"_links":{"self":[{"href":"https:\/\/www.nortesocial.com.ar\/index.php?rest_route=\/wp\/v2\/posts\/1300","targetHints":{"allow":["GET"]}}],"collection":[{"href":"https:\/\/www.nortesocial.com.ar\/index.php?rest_route=\/wp\/v2\/posts"}],"about":[{"href":"https:\/\/www.nortesocial.com.ar\/index.php?rest_route=\/wp\/v2\/types\/post"}],"author":[{"embeddable":true,"href":"https:\/\/www.nortesocial.com.ar\/index.php?rest_route=\/wp\/v2\/users\/2"}],"replies":[{"embeddable":true,"href":"https:\/\/www.nortesocial.com.ar\/index.php?rest_route=%2Fwp%2Fv2%2Fcomments&post=1300"}],"version-history":[{"count":8,"href":"https:\/\/www.nortesocial.com.ar\/index.php?rest_route=\/wp\/v2\/posts\/1300\/revisions"}],"predecessor-version":[{"id":1325,"href":"https:\/\/www.nortesocial.com.ar\/index.php?rest_route=\/wp\/v2\/posts\/1300\/revisions\/1325"}],"wp:featuredmedia":[{"embeddable":true,"href":"https:\/\/www.nortesocial.com.ar\/index.php?rest_route=\/wp\/v2\/media\/1301"}],"wp:attachment":[{"href":"https:\/\/www.nortesocial.com.ar\/index.php?rest_route=%2Fwp%2Fv2%2Fmedia&parent=1300"}],"wp:term":[{"taxonomy":"category","embeddable":true,"href":"https:\/\/www.nortesocial.com.ar\/index.php?rest_route=%2Fwp%2Fv2%2Fcategories&post=1300"},{"taxonomy":"post_tag","embeddable":true,"href":"https:\/\/www.nortesocial.com.ar\/index.php?rest_route=%2Fwp%2Fv2%2Ftags&post=1300"}],"curies":[{"name":"wp","href":"https:\/\/api.w.org\/{rel}","templated":true}]}}