{"id":1311,"date":"2025-11-20T21:07:18","date_gmt":"2025-11-21T00:07:18","guid":{"rendered":"https:\/\/www.nortesocial.com.ar\/?p=1311"},"modified":"2025-11-21T06:56:47","modified_gmt":"2025-11-21T09:56:47","slug":"la-muerte-de-vicente-cordeyro-es-imposible-un-suicidio","status":"publish","type":"post","link":"https:\/\/www.nortesocial.com.ar\/?p=1311","title":{"rendered":"LA MUERTE DE VICENTE CORDEYRO: \u201cES IMPOSIBLE UN SUICIDIO\u201d"},"content":{"rendered":"<h3><strong><em>Amabilidad, confianza y calidez del matrimonio de Nicol\u00e1s e Isabel para recibirnos en su casa.\u00a0 Junto al profundo dolor, cautelas, desconfianzas hacia arriba. Y temores. <\/em><\/strong><\/h3>\n<p>&nbsp;<\/p>\n<p>La preciosa nietita de un a\u00f1o toma con sus dos manitos la foto del abuelo y pronuncia, varias veces, con precoz claridad, <strong><em>\u201ctata\u201d. <\/em><\/strong>Los ojos de mami y papi nuevamente se humedecen. Al rigor period\u00edstico le ganan empat\u00eda y compasi\u00f3n. Con ellos nos conmovemos.<\/p>\n<figure id=\"attachment_1314\" aria-describedby=\"caption-attachment-1314\" style=\"width: 463px\" class=\"wp-caption alignleft\"><img loading=\"lazy\" decoding=\"async\" class=\" wp-image-1314\" src=\"https:\/\/www.nortesocial.com.ar\/wp-content\/uploads\/2025\/11\/Nico-S12Nov25-07.jpg\" alt=\"\" width=\"463\" height=\"548\" srcset=\"https:\/\/www.nortesocial.com.ar\/wp-content\/uploads\/2025\/11\/Nico-S12Nov25-07.jpg 1084w, https:\/\/www.nortesocial.com.ar\/wp-content\/uploads\/2025\/11\/Nico-S12Nov25-07-768x910.jpg 768w, https:\/\/www.nortesocial.com.ar\/wp-content\/uploads\/2025\/11\/Nico-S12Nov25-07-696x824.jpg 696w, https:\/\/www.nortesocial.com.ar\/wp-content\/uploads\/2025\/11\/Nico-S12Nov25-07-1068x1265.jpg 1068w, https:\/\/www.nortesocial.com.ar\/wp-content\/uploads\/2025\/11\/Nico-S12Nov25-07-355x420.jpg 355w\" sizes=\"auto, (max-width: 463px) 100vw, 463px\" \/><figcaption id=\"caption-attachment-1314\" class=\"wp-caption-text\">HIJO. NICOL\u00c1S CORDEYRO<\/figcaption><\/figure>\n<p>Casi tres horas de entrevista, cotejando datos. La mayor parte de estos -respetando el pedido de reserva familiar y del abogado <strong>Marcelo Arancibia<\/strong>&#8211; quedan para posteriores informes period\u00edsticos. Empero, abruma y estremece esta primera entrega.<\/p>\n<ul>\n<li><strong>\u00bfUstedes admiten la posibilidad de que Vicente Cordeyro se haya quitado la vida?<\/strong><\/li>\n<li>\u00a1Es imposible que mi pap\u00e1 haya tomado la decisi\u00f3n de suicidarse! Jam\u00e1s se le hubiera ocurrido abandonar a su familia, a mi mam\u00e1, a sus hijos, a sus cinco nietos Tampoco nos dejar\u00eda en la incertidumbre, con miedos\u2026<\/li>\n<\/ul>\n<p>Isabel, midiendo sus emociones, sostuvo:<\/p>\n<ul>\n<li>Vicente es, era, una persona excelente, un hombre brillante, coraz\u00f3n inmenso, un abuelo ejemplar, abuelo de mi hija; la amaba; ella no lo va a tener\u2026 &#8211; E inconteniblemente lagrimea.<\/li>\n<li><strong>\u00bfPor qu\u00e9 el silencio de tu mam\u00e1 (Trinidad Ch\u00e1vez)?<\/strong><\/li>\n<li>Mam\u00e1 est\u00e1 totalmente destrozada. Perdi\u00f3 al amor de su vida, tiene el coraz\u00f3n roto. Desde ese jueves est\u00e1 sin comprender nada, como todos, estamos como suspendidos, porque no sabemos que paso ese jueves (9 de octubre)<\/li>\n<\/ul>\n<p><strong>Trinidad y Vicente<\/strong> se conocieron, en 1983, en la Escuela de Cadetes de la Polic\u00eda de Salta. Contrajeron matrimonio en 1986, \u00e9l con 25 a\u00f1os; ella, 21. Como en todo lo que realizaban, juntos se perfeccionaron y estudiaron licenciaturas.<\/p>\n<p>El primer hijo fue Nicol\u00e1s, en 1986. Luego, Victoria; Agust\u00edn; y en 2008, Luciana.<\/p>\n<p><img loading=\"lazy\" decoding=\"async\" class=\"alignright wp-image-1315\" src=\"https:\/\/www.nortesocial.com.ar\/wp-content\/uploads\/2025\/11\/casamiento.jpeg\" alt=\"MATRIMONIO. LOS OFICIALES VICENTE CORDEYRO Y TRINIDAD CH\u00c1VEZ SE CASARON EN 1986\" width=\"495\" height=\"617\" srcset=\"https:\/\/www.nortesocial.com.ar\/wp-content\/uploads\/2025\/11\/casamiento.jpeg 868w, https:\/\/www.nortesocial.com.ar\/wp-content\/uploads\/2025\/11\/casamiento-768x957.jpeg 768w, https:\/\/www.nortesocial.com.ar\/wp-content\/uploads\/2025\/11\/casamiento-696x868.jpeg 696w, https:\/\/www.nortesocial.com.ar\/wp-content\/uploads\/2025\/11\/casamiento-337x420.jpeg 337w\" sizes=\"auto, (max-width: 495px) 100vw, 495px\" \/><\/p>\n<p><strong>No cierra<\/strong><\/p>\n<p>Vicente Cordeyro nunca tomaba alcohol, pero oficialmente dicen que compr\u00f3 una bebida alcoh\u00f3lica. Tampoco usaba encendedor, y el informe fiscal refiri\u00f3 la presencia de uno, apuntando al origen del incendio provocado en el cerro Elefante (San Lorenzo, Salta). Para sus actividades deportivas utilizaba un bolso de mano; no ten\u00eda ni usaba mochila. Debido a rodilla doliente, no sub\u00eda cerros ni los frecuentaba en soledad.<\/p>\n<figure id=\"attachment_1316\" aria-describedby=\"caption-attachment-1316\" style=\"width: 527px\" class=\"wp-caption alignright\"><img loading=\"lazy\" decoding=\"async\" class=\" wp-image-1316\" src=\"https:\/\/www.nortesocial.com.ar\/wp-content\/uploads\/2025\/11\/Suran.jpeg\" alt=\"\" width=\"527\" height=\"297\" srcset=\"https:\/\/www.nortesocial.com.ar\/wp-content\/uploads\/2025\/11\/Suran.jpeg 1280w, https:\/\/www.nortesocial.com.ar\/wp-content\/uploads\/2025\/11\/Suran-768x433.jpeg 768w, https:\/\/www.nortesocial.com.ar\/wp-content\/uploads\/2025\/11\/Suran-696x392.jpeg 696w, https:\/\/www.nortesocial.com.ar\/wp-content\/uploads\/2025\/11\/Suran-1068x602.jpeg 1068w, https:\/\/www.nortesocial.com.ar\/wp-content\/uploads\/2025\/11\/Suran-746x420.jpeg 746w\" sizes=\"auto, (max-width: 527px) 100vw, 527px\" \/><figcaption id=\"caption-attachment-1316\" class=\"wp-caption-text\">LA SUR\u00c1N DEL INVESTIGADOR<\/figcaption><\/figure>\n<p>De acuerdo a un vecino de San Lorenzo, hasta las 19.30 del jueves 9 de octubre, el autom\u00f3vil Volkswagen Sur\u00e1n <strong>no estaba estacionado en la calle G\u00fcemes<\/strong>. Y perros entrenados siguieron el rastro de Cordeyro hasta el <strong>interior de un hostal<\/strong>, cercano a la subcomisaria del pueblo.<\/p>\n<p><em>\u201cEl expediente judicial no est\u00e1 caratulado (calificaci\u00f3n legal provisoria). Pero los fiscales tienen s\u00f3lo una l\u00ednea de investigaci\u00f3n, la de suicidio. Instalaron socialmente esta idea, difundida con sa\u00f1a por alguna prensa y periodistas\u201d,<\/em> describi\u00f3 Isabel.<\/p>\n<p>Y agreg\u00f3: <em>\u201cadem\u00e1s de la familia y amistades, la sociedad no cree lo que dicen. Es el descreimiento en la pol\u00edtica y la justicia\u201d<\/em><\/p>\n<p><em> <img loading=\"lazy\" decoding=\"async\" class=\" wp-image-1317 alignleft\" src=\"https:\/\/www.nortesocial.com.ar\/wp-content\/uploads\/2025\/11\/Nico-S12Nov25-03.jpg\" alt=\"\" width=\"512\" height=\"242\" srcset=\"https:\/\/www.nortesocial.com.ar\/wp-content\/uploads\/2025\/11\/Nico-S12Nov25-03.jpg 1934w, https:\/\/www.nortesocial.com.ar\/wp-content\/uploads\/2025\/11\/Nico-S12Nov25-03-768x363.jpg 768w, https:\/\/www.nortesocial.com.ar\/wp-content\/uploads\/2025\/11\/Nico-S12Nov25-03-1536x726.jpg 1536w, https:\/\/www.nortesocial.com.ar\/wp-content\/uploads\/2025\/11\/Nico-S12Nov25-03-696x329.jpg 696w, https:\/\/www.nortesocial.com.ar\/wp-content\/uploads\/2025\/11\/Nico-S12Nov25-03-1068x505.jpg 1068w, https:\/\/www.nortesocial.com.ar\/wp-content\/uploads\/2025\/11\/Nico-S12Nov25-03-889x420.jpg 889w\" sizes=\"auto, (max-width: 512px) 100vw, 512px\" \/><\/em><\/p>\n<p><strong>\u201cTodo estaba bien\u201d<\/strong><\/p>\n<p>Luciana llora todos los d\u00edas. Hasta hace poco era una alegre adolescente, expectante de la cena, fiesta de egresados y el viaje con las chicas. Felicidad colmada, junto a papi, pues la nena, jugando en la primera del club Universitario, hab\u00eda sido convocada a la selecci\u00f3n de hockey.<\/p>\n<p>Vicente se levant\u00f3 a eso de las 6 del jueves 9 de octubre para prepararle el desayuno a su hijita. Las cotidianidades, consideradas generalmente comunes, de todos los d\u00edas. Sin embargo, cada momento como alientos y latidos, es \u00fanico.<\/p>\n<p><em>\u201cPara mi hermana, todo estaba bien\u201d,<\/em> cont\u00f3 Nicol\u00e1s. Cordeyro estacion\u00f3 en la Mitre, antes de la Belgrano, y fueron caminando hacia el Colegio de Jes\u00fas.<\/p>\n<p>Como siempre, Luciana lo esperar\u00eda a la salida. <em>\u201cElla fue la \u00faltima de nosotros que lo vio\u201d, <\/em>describi\u00f3 el joven.<\/p>\n<p>Tras despedirse con besos, alrededor de las 7.30 comienza el fatal misterio.<\/p>\n<figure id=\"attachment_1318\" aria-describedby=\"caption-attachment-1318\" style=\"width: 451px\" class=\"wp-caption alignright\"><img loading=\"lazy\" decoding=\"async\" class=\" wp-image-1318\" src=\"https:\/\/www.nortesocial.com.ar\/wp-content\/uploads\/2025\/11\/Desfile.jpeg\" alt=\"\" width=\"451\" height=\"725\" srcset=\"https:\/\/www.nortesocial.com.ar\/wp-content\/uploads\/2025\/11\/Desfile.jpeg 566w, https:\/\/www.nortesocial.com.ar\/wp-content\/uploads\/2025\/11\/Desfile-262x420.jpeg 262w\" sizes=\"auto, (max-width: 451px) 100vw, 451px\" \/><figcaption id=\"caption-attachment-1318\" class=\"wp-caption-text\">TRINIDAD Y VICENTE<\/figcaption><\/figure>\n<p><strong>Ins\u00f3lito<\/strong><\/p>\n<p>El exjefe policial condujo su auto hacia el norte de la ciudad, en donde se encuentra la vivienda familiar. Empero, inexplicablemente, antes de las 8, se detuvo en un negocio y compr\u00f3 una bebida alcoh\u00f3lica. Seg\u00fan el informe oficial.<\/p>\n<p>Habr\u00eda continuado conduciendo, pero en lugar de ingresar al barrio sigui\u00f3 para tomar la ruta provincial 28, hacia San Lorenzo.\u00a0 Y estacionado en la calle G\u00fcemes, cerca de la parroquia San Lorenzo M\u00e1rtir. Desde all\u00ed, supuestamente enfil\u00f3 hacia el oeste, rumbo al cerro Elefante.<\/p>\n<p>Esto de acuerdo a las im\u00e1genes de c\u00e1maras de seguridad domiciliarias, certificadas como evidencias por fiscal\u00eda. <em>\u201cEse no es mi pap\u00e1\u201d,<\/em> asegur\u00f3 Nicol\u00e1s.<\/p>\n<p>El cerro en absoluto se trata de un lugar inaccesible y desolado. Por el contrario, con cuatro accesos principales, es popular, visitado constantemente por turistas, deportistas, pobladores. Aquel d\u00eda hubo 30 personas recorri\u00e9ndolo. Incluso hab\u00eda gente cuando comenz\u00f3 un incendio.<\/p>\n<figure id=\"attachment_1319\" aria-describedby=\"caption-attachment-1319\" style=\"width: 534px\" class=\"wp-caption alignleft\"><img loading=\"lazy\" decoding=\"async\" class=\" wp-image-1319\" src=\"https:\/\/www.nortesocial.com.ar\/wp-content\/uploads\/2025\/11\/cerro01.jpeg\" alt=\"\" width=\"534\" height=\"359\" \/><figcaption id=\"caption-attachment-1319\" class=\"wp-caption-text\">INCENDIO. CERRO ELEFANTE, SAN LORENZCO<\/figcaption><\/figure>\n<p><strong>Familiero<\/strong><\/p>\n<p><em>\u201cPap\u00e1 estaba constantemente con nosotros; su felicidad era la familia, esposa, Luciana, la hija m\u00e1s chica, los hijos m\u00e1s grandes, sus cinco nietos\u201d,<\/em> asegur\u00f3 Nicol\u00e1s.<\/p>\n<p><em>\u201cLos investigadores parecen no tener en cuenta quien era, todo esto, y se\u00f1alan \u00fanicamente que de pronto decidi\u00f3 suicidarse. O sea, de repente tuvo un brote psic\u00f3tico\u201d,<\/em> se\u00f1al\u00f3 con cierta iron\u00eda.<\/p>\n<p>Jefe policial retirado, brillante investigador y analista, licenciado, docente universitario, Vicente Cordeyro encarnaba una impecable carrera profesional, nobles valores y amorosa vida familiar. Sin embargo, el informe oficial <strong>da a entender que la ma\u00f1ana del 9 de octubre el hombre enloqueci\u00f3. <\/strong><\/p>\n<p>Contradiciendo sus 64 a\u00f1os de trayectoria y amores.<\/p>\n<p>Siendo abstemio compr\u00f3 una bebida alcoh\u00f3lica. Subi\u00f3 el cerro, le prendi\u00f3 fuego, se desnud\u00f3, tir\u00f3 mochila, revole\u00f3 celular, fue a una ladera casi vertical, arm\u00f3 un lazo y se colg\u00f3.<\/p>\n<p>Para la familia, amistades, colegas, sociedad, <strong>imposible.<\/strong><\/p>\n<figure id=\"attachment_1326\" aria-describedby=\"caption-attachment-1326\" style=\"width: 521px\" class=\"wp-caption alignleft\"><img loading=\"lazy\" decoding=\"async\" class=\" wp-image-1326\" src=\"https:\/\/www.nortesocial.com.ar\/wp-content\/uploads\/2025\/11\/Olimpiadas.jpeg\" alt=\"\" width=\"521\" height=\"615\" srcset=\"https:\/\/www.nortesocial.com.ar\/wp-content\/uploads\/2025\/11\/Olimpiadas.jpeg 1200w, https:\/\/www.nortesocial.com.ar\/wp-content\/uploads\/2025\/11\/Olimpiadas-768x906.jpeg 768w, https:\/\/www.nortesocial.com.ar\/wp-content\/uploads\/2025\/11\/Olimpiadas-696x821.jpeg 696w, https:\/\/www.nortesocial.com.ar\/wp-content\/uploads\/2025\/11\/Olimpiadas-1068x1259.jpeg 1068w, https:\/\/www.nortesocial.com.ar\/wp-content\/uploads\/2025\/11\/Olimpiadas-356x420.jpeg 356w\" sizes=\"auto, (max-width: 521px) 100vw, 521px\" \/><figcaption id=\"caption-attachment-1326\" class=\"wp-caption-text\">JUNTOS EN LAS OLIMP\u00cdADAS POLICIALES<\/figcaption><\/figure>\n<p><strong>MISAS<\/strong><\/p>\n<p><em>\u201cPap\u00e1 era cristiano, contrario a la idea de quitarse la vida, por eso los sacerdotes del Colegio de Jes\u00fas se ofrecieron para dar misas por \u00e9l\u201d<\/em><\/p>\n<p>&nbsp;<\/p>\n<p><strong>SE\u00d1ALES<\/strong><\/p>\n<p>Por su profunda espiritualidad cristiana, cre\u00eda en los \u00e1ngeles, en los mensajes y se\u00f1ales. Junto a su formaci\u00f3n acad\u00e9mica, criterio cient\u00edfico de investigaci\u00f3n criminal, consideraba aunar todo con el imprescindible \u201colfato\u201d <em>Hace unos d\u00edas mi hija Josefina (ocho a\u00f1os) empez\u00f3 a jugar hockey. Cuando llegamos a la cancha apareci\u00f3 un arco iris. Entonces ella, espont\u00e1neamente, dijo: \u00b4ah\u00ed est\u00e1 mi tata, vino a saludarme y acompa\u00f1arme\u00b4\u201d<\/em><\/p>\n<figure id=\"attachment_1148\" aria-describedby=\"caption-attachment-1148\" style=\"width: 445px\" class=\"wp-caption alignright\"><img loading=\"lazy\" decoding=\"async\" class=\" wp-image-1148\" src=\"https:\/\/www.nortesocial.com.ar\/wp-content\/uploads\/2025\/10\/Cordeyro23.png\" alt=\"\" width=\"445\" height=\"379\" srcset=\"https:\/\/www.nortesocial.com.ar\/wp-content\/uploads\/2025\/10\/Cordeyro23.png 505w, https:\/\/www.nortesocial.com.ar\/wp-content\/uploads\/2025\/10\/Cordeyro23-493x420.png 493w\" sizes=\"auto, (max-width: 445px) 100vw, 445px\" \/><figcaption id=\"caption-attachment-1148\" class=\"wp-caption-text\">PROCURADOR PEDRO GARC\u00cdA CASTIELLA<\/figcaption><\/figure>\n<p><strong>VOZ OFICIAL<\/strong><\/p>\n<p>El Procurador General de Salta, <strong>Pedro Garc\u00eda Castiella<\/strong>, dijo que la muerte del comisario ser\u00eda por suicidio. Al peri\u00f3dico El Expreso asegur\u00f3 que <em>\u201cla muerte del polic\u00eda fue un suicidio por ahorcamiento\u201d<\/em> (<a href=\"https:\/\/elexpresodesalta.com.ar\/amp\/56055\/garcia-castiella-afirmo-que-por-ahora-nada-vincula-la-muerte-de-cordeyro-con-el-\">https:\/\/elexpresodesalta.com.ar\/amp\/56055\/garcia-castiella-afirmo-que-por-ahora-nada-vincula-la-muerte-de-cordeyro-con-el-<\/a>)<\/p>\n<p><em>&#8220;Hay que ser respetuosos, primero del dolor de la familia, pero tambi\u00e9n hay que ser respetuosos de la verdad y no generar o abrir especulaciones perniciosas, obscenas y en alg\u00fan caso ya absolutamente desmedidas, que claramente tienen una intencionalidad destructiva o un ataque inexplicable o injustificado que pretende generar una desconfianza en las mismas instituciones, cosa que no est\u00e1 bien y no se va a permitir&#8221;.<\/em><\/p>\n","protected":false},"excerpt":{"rendered":"<p>Amabilidad, confianza y calidez del matrimonio de Nicol\u00e1s e Isabel para recibirnos en su casa.\u00a0 Junto al profundo dolor, cautelas, desconfianzas hacia arriba. Y temores. &nbsp; La preciosa nietita de un a\u00f1o toma con sus dos manitos la foto del abuelo y pronuncia, varias veces, con precoz claridad, \u201ctata\u201d. Los ojos de mami y papi [&hellip;]<\/p>\n","protected":false},"author":2,"featured_media":1312,"comment_status":"open","ping_status":"closed","sticky":false,"template":"","format":"standard","meta":{"footnotes":""},"categories":[6,2,47],"tags":[276,29,93,17,250,246],"class_list":["post-1311","post","type-post","status-publish","format-standard","has-post-thumbnail","hentry","category-cronicas-criminales","category-destacadas","category-salta","tag-asesinato","tag-cronicas-criminales","tag-dario-llanes","tag-norte-social","tag-san-lorenzo","tag-vicente-cordeyro"],"_links":{"self":[{"href":"https:\/\/www.nortesocial.com.ar\/index.php?rest_route=\/wp\/v2\/posts\/1311","targetHints":{"allow":["GET"]}}],"collection":[{"href":"https:\/\/www.nortesocial.com.ar\/index.php?rest_route=\/wp\/v2\/posts"}],"about":[{"href":"https:\/\/www.nortesocial.com.ar\/index.php?rest_route=\/wp\/v2\/types\/post"}],"author":[{"embeddable":true,"href":"https:\/\/www.nortesocial.com.ar\/index.php?rest_route=\/wp\/v2\/users\/2"}],"replies":[{"embeddable":true,"href":"https:\/\/www.nortesocial.com.ar\/index.php?rest_route=%2Fwp%2Fv2%2Fcomments&post=1311"}],"version-history":[{"count":6,"href":"https:\/\/www.nortesocial.com.ar\/index.php?rest_route=\/wp\/v2\/posts\/1311\/revisions"}],"predecessor-version":[{"id":1328,"href":"https:\/\/www.nortesocial.com.ar\/index.php?rest_route=\/wp\/v2\/posts\/1311\/revisions\/1328"}],"wp:featuredmedia":[{"embeddable":true,"href":"https:\/\/www.nortesocial.com.ar\/index.php?rest_route=\/wp\/v2\/media\/1312"}],"wp:attachment":[{"href":"https:\/\/www.nortesocial.com.ar\/index.php?rest_route=%2Fwp%2Fv2%2Fmedia&parent=1311"}],"wp:term":[{"taxonomy":"category","embeddable":true,"href":"https:\/\/www.nortesocial.com.ar\/index.php?rest_route=%2Fwp%2Fv2%2Fcategories&post=1311"},{"taxonomy":"post_tag","embeddable":true,"href":"https:\/\/www.nortesocial.com.ar\/index.php?rest_route=%2Fwp%2Fv2%2Ftags&post=1311"}],"curies":[{"name":"wp","href":"https:\/\/api.w.org\/{rel}","templated":true}]}}