{"id":1329,"date":"2025-11-22T21:27:48","date_gmt":"2025-11-23T00:27:48","guid":{"rendered":"https:\/\/www.nortesocial.com.ar\/?p=1329"},"modified":"2025-11-22T21:27:48","modified_gmt":"2025-11-23T00:27:48","slug":"comunicar-con-empatia-construyendo-culturas","status":"publish","type":"post","link":"https:\/\/www.nortesocial.com.ar\/?p=1329","title":{"rendered":"COMUNICAR CON EMPAT\u00cdA, CONSTRUYENDO CULTURAS"},"content":{"rendered":"<h3><strong><em>\u201cHorizontes Convergentes\u201d se llam\u00f3 el exitoso Primer Congreso de Recursos Humanos y Comunicaci\u00f3n Estrat\u00e9gica<\/em><\/strong><strong><em>, en la ciudad de Salta. M\u00e1s de 300 participantes.<\/em><\/strong><\/h3>\n<p>&nbsp;<\/p>\n<p><em>\u201cHoy las organizaciones atraviesan un cambio profundo: ya no alcanza con procesar informaci\u00f3n o ejecutar tareas. Las empresas necesitan l\u00edderes capaces de construir cultura, comunicar con claridad y gestionar personas con humanidad y estrategia<\/em>\u201d, defini\u00f3 <strong>Nayra Illanes<\/strong>.<\/p>\n<p>La joven es licenciada en Relaciones P\u00fablicas e Institucionales, consultora de Comunicaci\u00f3n y gerenta de la agencia <strong>Onyx Comunica<\/strong>. Junto a su colega y socio, <strong>Lautaro Tobares<\/strong>, organizaron \u201c<strong>Horizontes Convergentes\u201d,<\/strong> el <strong>Primer Congreso de Recursos Humanos y Comunicaci\u00f3n Estrat\u00e9gica.<\/strong><\/p>\n<figure id=\"attachment_1332\" aria-describedby=\"caption-attachment-1332\" style=\"width: 432px\" class=\"wp-caption alignleft\"><img loading=\"lazy\" decoding=\"async\" class=\" wp-image-1332\" src=\"https:\/\/www.nortesocial.com.ar\/wp-content\/uploads\/2025\/11\/Nayra-Horizontes-01.png\" alt=\"\" width=\"432\" height=\"371\" srcset=\"https:\/\/www.nortesocial.com.ar\/wp-content\/uploads\/2025\/11\/Nayra-Horizontes-01.png 900w, https:\/\/www.nortesocial.com.ar\/wp-content\/uploads\/2025\/11\/Nayra-Horizontes-01-768x660.png 768w, https:\/\/www.nortesocial.com.ar\/wp-content\/uploads\/2025\/11\/Nayra-Horizontes-01-696x598.png 696w, https:\/\/www.nortesocial.com.ar\/wp-content\/uploads\/2025\/11\/Nayra-Horizontes-01-489x420.png 489w\" sizes=\"auto, (max-width: 432px) 100vw, 432px\" \/><figcaption id=\"caption-attachment-1332\" class=\"wp-caption-text\">DISERTANTES: (De izq. a der.) ROMINA SETTI; NAYRA ILLANES; SANTIAGO BEN\u00cdTEZ; LAUTARO TOBARES; MAR\u00cdA CACHAGUA<\/figcaption><\/figure>\n<p>El masivo evento tuvo lugar en la Casa de la Cultura de la ciudad de Salta, el jueves 20 de noviembre.<\/p>\n<p>Los disertantes (speakers) fueron:<\/p>\n<ul>\n<li>Mar\u00eda Cachagua (Consultora Cil): Liderazgo<\/li>\n<li>Santiago Ben\u00edtez: Comunicaci\u00f3n Interna Estrat\u00e9gica<\/li>\n<li>Lautaro Tobares: Cultura Organizacional<\/li>\n<li>Nayra Illanes: Vocer\u00eda Institucional<\/li>\n<li>Romina Setti (Perfom): Gamificaci\u00f3n Organizacional<\/li>\n<\/ul>\n<figure id=\"attachment_1333\" aria-describedby=\"caption-attachment-1333\" style=\"width: 346px\" class=\"wp-caption alignleft\"><img loading=\"lazy\" decoding=\"async\" class=\" wp-image-1333\" src=\"https:\/\/www.nortesocial.com.ar\/wp-content\/uploads\/2025\/11\/Nayra-Horizontes-03.jpeg\" alt=\"\" width=\"346\" height=\"300\" srcset=\"https:\/\/www.nortesocial.com.ar\/wp-content\/uploads\/2025\/11\/Nayra-Horizontes-03.jpeg 1300w, https:\/\/www.nortesocial.com.ar\/wp-content\/uploads\/2025\/11\/Nayra-Horizontes-03-768x665.jpeg 768w, https:\/\/www.nortesocial.com.ar\/wp-content\/uploads\/2025\/11\/Nayra-Horizontes-03-696x603.jpeg 696w, https:\/\/www.nortesocial.com.ar\/wp-content\/uploads\/2025\/11\/Nayra-Horizontes-03-1068x925.jpeg 1068w, https:\/\/www.nortesocial.com.ar\/wp-content\/uploads\/2025\/11\/Nayra-Horizontes-03-485x420.jpeg 485w, https:\/\/www.nortesocial.com.ar\/wp-content\/uploads\/2025\/11\/Nayra-Horizontes-03-534x462.jpeg 534w\" sizes=\"auto, (max-width: 346px) 100vw, 346px\" \/><figcaption id=\"caption-attachment-1333\" class=\"wp-caption-text\">NAYRA ILLANES<\/figcaption><\/figure>\n<p><strong>Comprender y comunicar<\/strong><\/p>\n<p><strong><em>\u201cHorizontes Convergentes<\/em>\u201d<\/strong> expuso las nuevas tendencias en <strong>Recursos Humanos <\/strong>y <strong>Comunicaci\u00f3n Estrat\u00e9gica<\/strong>. Proponiendo repensar el trabajo desde una mirada humana, promoviendo la articulaci\u00f3n para fortalecer el liderazgo, la cultura organizacional y la vocer\u00eda institucional.<\/p>\n<p>El prop\u00f3sito: capacitar profesionales capaces de conectar personas, prop\u00f3sito y resultados, construyendo organizaciones m\u00e1s conscientes, coherentes y sostenibles.<\/p>\n<p>De acuerdo a los organizadores y expositores, <em>\u201cLas organizaciones viven una transformaci\u00f3n silenciosa. Las estructuras, los liderazgos y las formas de trabajar est\u00e1n cambiando. Ya no basta con cumplir procesos o dominar herramientas: el verdadero desaf\u00edo est\u00e1 en comprender a las personas, comunicar con sentido y construir culturas que inspiren\u201d<\/em><\/p>\n<p>Y resaltaron: \u201c<em>Los equipos demandan l\u00edderes emp\u00e1ticos, comunicadores humanos y profesionales capaces de unir prop\u00f3sito y resultados dentro de entornos cada vez m\u00e1s complejos\u201d<\/em><\/p>\n<p><img loading=\"lazy\" decoding=\"async\" class=\"alignright size-full wp-image-1334\" src=\"https:\/\/www.nortesocial.com.ar\/wp-content\/uploads\/2025\/11\/Nayra-Horizontes-02.jpeg\" alt=\"\" width=\"500\" height=\"448\" srcset=\"https:\/\/www.nortesocial.com.ar\/wp-content\/uploads\/2025\/11\/Nayra-Horizontes-02.jpeg 500w, https:\/\/www.nortesocial.com.ar\/wp-content\/uploads\/2025\/11\/Nayra-Horizontes-02-469x420.jpeg 469w\" sizes=\"auto, (max-width: 500px) 100vw, 500px\" \/><\/p>\n<p><strong>\u00c9XITO<\/strong><\/p>\n<p>Los objetivos de <em>\u201cHorizontes Convergentes\u201d<\/em> eran consolidar un encuentro provincial que conecte el \u00e1mbito acad\u00e9mico con el profesional, \u201c<em>impulsando el intercambio de experiencias y el desarrollo de proyectos que integren comunicaci\u00f3n y gesti\u00f3n humana, inspirando una cultura organizacional m\u00e1s emp\u00e1tica, colaborativa y sostenible\u201d<\/em><\/p>\n<p>Por la masividad y calidad del debate, <strong>misi\u00f3n cumplida.<\/strong><\/p>\n<p><strong>\u00a0<\/strong><\/p>\n","protected":false},"excerpt":{"rendered":"<p>\u201cHorizontes Convergentes\u201d se llam\u00f3 el exitoso Primer Congreso de Recursos Humanos y Comunicaci\u00f3n Estrat\u00e9gica, en la ciudad de Salta. M\u00e1s de 300 participantes. &nbsp; \u201cHoy las organizaciones atraviesan un cambio profundo: ya no alcanza con procesar informaci\u00f3n o ejecutar tareas. Las empresas necesitan l\u00edderes capaces de construir cultura, comunicar con claridad y gestionar personas con [&hellip;]<\/p>\n","protected":false},"author":2,"featured_media":1330,"comment_status":"open","ping_status":"closed","sticky":false,"template":"","format":"standard","meta":{"footnotes":""},"categories":[2,15,47,12],"tags":[280,277,17,278,279,23],"class_list":["post-1329","post","type-post","status-publish","format-standard","has-post-thumbnail","hentry","category-destacadas","category-educacion-salud-y-ciencia","category-salta","category-sociedad-politica-economia","tag-comunicacion","tag-nayra-illanes","tag-norte-social","tag-onix-comunica","tag-relaciones-publicas","tag-salta"],"_links":{"self":[{"href":"https:\/\/www.nortesocial.com.ar\/index.php?rest_route=\/wp\/v2\/posts\/1329","targetHints":{"allow":["GET"]}}],"collection":[{"href":"https:\/\/www.nortesocial.com.ar\/index.php?rest_route=\/wp\/v2\/posts"}],"about":[{"href":"https:\/\/www.nortesocial.com.ar\/index.php?rest_route=\/wp\/v2\/types\/post"}],"author":[{"embeddable":true,"href":"https:\/\/www.nortesocial.com.ar\/index.php?rest_route=\/wp\/v2\/users\/2"}],"replies":[{"embeddable":true,"href":"https:\/\/www.nortesocial.com.ar\/index.php?rest_route=%2Fwp%2Fv2%2Fcomments&post=1329"}],"version-history":[{"count":3,"href":"https:\/\/www.nortesocial.com.ar\/index.php?rest_route=\/wp\/v2\/posts\/1329\/revisions"}],"predecessor-version":[{"id":1336,"href":"https:\/\/www.nortesocial.com.ar\/index.php?rest_route=\/wp\/v2\/posts\/1329\/revisions\/1336"}],"wp:featuredmedia":[{"embeddable":true,"href":"https:\/\/www.nortesocial.com.ar\/index.php?rest_route=\/wp\/v2\/media\/1330"}],"wp:attachment":[{"href":"https:\/\/www.nortesocial.com.ar\/index.php?rest_route=%2Fwp%2Fv2%2Fmedia&parent=1329"}],"wp:term":[{"taxonomy":"category","embeddable":true,"href":"https:\/\/www.nortesocial.com.ar\/index.php?rest_route=%2Fwp%2Fv2%2Fcategories&post=1329"},{"taxonomy":"post_tag","embeddable":true,"href":"https:\/\/www.nortesocial.com.ar\/index.php?rest_route=%2Fwp%2Fv2%2Ftags&post=1329"}],"curies":[{"name":"wp","href":"https:\/\/api.w.org\/{rel}","templated":true}]}}