{"id":1337,"date":"2025-11-23T06:13:28","date_gmt":"2025-11-23T09:13:28","guid":{"rendered":"https:\/\/www.nortesocial.com.ar\/?p=1337"},"modified":"2025-11-23T06:16:04","modified_gmt":"2025-11-23T09:16:04","slug":"las-declaraciones-del-procurador-me-parecieron-algo-apresuradas","status":"publish","type":"post","link":"https:\/\/www.nortesocial.com.ar\/?p=1337","title":{"rendered":"\u201cLAS DECLARACIONES DEL PROCURADOR  ME PARECIERON ALGO APRESURADAS\u201d"},"content":{"rendered":"<h3><strong><em>Sostuvo el abogado Marcelo Arancibia, respecto a la opini\u00f3n de Pedro Garc\u00eda Castiella, para quien la muerte del exjefe policial es \u201cuna situaci\u00f3n absolutamente esclarecida\u201d<\/em><\/strong><\/h3>\n<p><strong>\u00a0<\/strong><\/p>\n<p>Durante el fin de semana extralargo, en su domicilio de la ciudad de Salta, el renombrado penalista mantuvo una entrevista exclusiva con <strong>Norte Social<\/strong>. <em>\u201cUsted es el primer periodista con quien acept\u00e9 este di\u00e1logo respecto al jefe policial retirado Vicente Cordeyro, en consideraci\u00f3n a que reconozco su trayectoria seria y objetiva\u201d<\/em><\/p>\n<p><strong>Marcelo Arancibia<\/strong> asumi\u00f3 haber mantenido varias reuniones con la comisaria general(RE) <strong>Trinidad Ch\u00e1vez<\/strong> -esposa del fallecido \u2013 como con sus hijos. Empero, subray\u00f3 que a\u00fan no se ha constituido como querellante de la familia.<\/p>\n<figure id=\"attachment_1340\" aria-describedby=\"caption-attachment-1340\" style=\"width: 460px\" class=\"wp-caption alignleft\"><img loading=\"lazy\" decoding=\"async\" class=\" wp-image-1340\" src=\"https:\/\/www.nortesocial.com.ar\/wp-content\/uploads\/2025\/11\/M.Arancicia01.png\" alt=\"\" width=\"460\" height=\"522\" srcset=\"https:\/\/www.nortesocial.com.ar\/wp-content\/uploads\/2025\/11\/M.Arancicia01.png 886w, https:\/\/www.nortesocial.com.ar\/wp-content\/uploads\/2025\/11\/M.Arancicia01-768x872.png 768w, https:\/\/www.nortesocial.com.ar\/wp-content\/uploads\/2025\/11\/M.Arancicia01-696x790.png 696w, https:\/\/www.nortesocial.com.ar\/wp-content\/uploads\/2025\/11\/M.Arancicia01-370x420.png 370w\" sizes=\"auto, (max-width: 460px) 100vw, 460px\" \/><figcaption id=\"caption-attachment-1340\" class=\"wp-caption-text\">MARCELO ARANCIBIA<\/figcaption><\/figure>\n<ul>\n<li><strong>De acuerdo a la informaci\u00f3n oficial del Ministerio P\u00fablico Fiscal, Vicente Cordeyro se habr\u00eda suicidado, y el procurador asegur\u00f3 que el suicidio est\u00e1 esclarecido \u00bfUsted que piensa?<\/strong><\/li>\n<li>El doctor Garc\u00eda Castiella posee una extensa trayectoria como abogado penalista, tanto como defensor y querellante. Lo respeto, pero sus declaraciones, afirmando que fue suicidio, las considero algo apresuradas.<\/li>\n<li><strong>Desde el 9 de octubre, cuando desapareci\u00f3 Vicente Cordeyro, han transcurrido m\u00e1s de 45 d\u00edas. \u00bf\u00bfQu\u00e9 falta para mayores certezas?<\/strong><\/li>\n<li>El martes 25 me reunir\u00e9 con el perito m\u00e9dico legal de la familia, el doctor <strong>Juan Jos\u00e9 Albornoz<\/strong>; y a\u00fan no lleg\u00f3 el informe y conclusiones de las pericias de la Polic\u00eda Federal Argentina, desde Buenos Aires.<\/li>\n<li><strong>Entonces, \u00bfusted duda de suicidio, sospecha de homicidio?<\/strong><\/li>\n<li>Con 46 a\u00f1os como abogado estoy lejos del sensacionalismo; no me apartar\u00e9 de la objetividad y el conocimiento cient\u00edfico. Luego de sacarnos dudas t\u00e9cnicas el panorama ser\u00eda m\u00e1s claro, debo ser prudente.<\/li>\n<\/ul>\n<figure id=\"attachment_1319\" aria-describedby=\"caption-attachment-1319\" style=\"width: 489px\" class=\"wp-caption alignright\"><img loading=\"lazy\" decoding=\"async\" class=\" wp-image-1319\" src=\"https:\/\/www.nortesocial.com.ar\/wp-content\/uploads\/2025\/11\/cerro01.jpeg\" alt=\"\" width=\"489\" height=\"329\" \/><figcaption id=\"caption-attachment-1319\" class=\"wp-caption-text\">INCENDIO. CERRO ELEFANTE, SAN LORENZCO<\/figcaption><\/figure>\n<p><strong>SIN LAZO<\/strong><\/p>\n<p>Arancibia revel\u00f3 que el informe oficial dio cuenta de que el cad\u00e1ver de Cordeyro se encontraba pendiendo de un \u00e1rbol, en la ladera oeste del cerro Elefante (San Lorenzo), la cual tiene una <strong>pendiente de 80 grados<\/strong>.<\/p>\n<p><em>\u201cLa soga daba cinco vueltas alrededor del cuello, aparentemente sin lazo\u201d,<\/em> describi\u00f3.<\/p>\n<figure id=\"attachment_1341\" aria-describedby=\"caption-attachment-1341\" style=\"width: 435px\" class=\"wp-caption alignleft\"><img loading=\"lazy\" decoding=\"async\" class=\" wp-image-1341\" src=\"https:\/\/www.nortesocial.com.ar\/wp-content\/uploads\/2025\/11\/Castiella.png\" alt=\"\" width=\"435\" height=\"263\" srcset=\"https:\/\/www.nortesocial.com.ar\/wp-content\/uploads\/2025\/11\/Castiella.png 724w, https:\/\/www.nortesocial.com.ar\/wp-content\/uploads\/2025\/11\/Castiella-696x421.png 696w, https:\/\/www.nortesocial.com.ar\/wp-content\/uploads\/2025\/11\/Castiella-694x420.png 694w\" sizes=\"auto, (max-width: 435px) 100vw, 435px\" \/><figcaption id=\"caption-attachment-1341\" class=\"wp-caption-text\">PROCURADOR. PEDRO GARC\u00cdA CASTIELLA<\/figcaption><\/figure>\n<p><strong>IRRECONOCIBLE <\/strong><\/p>\n<p>La comisaria general (retirada) Trinidad Ch\u00e1vez, esposa de Vicente Cordeyro; y el hijo mayor, Nicol\u00e1s, fueron quienes concurrieron a la morgue del CIF para la identificaci\u00f3n del cad\u00e1ver.<\/p>\n<p>El joven asegur\u00f3: <em>\u201cestaba irreconocible, la cara toda quemada, negra\u201d<\/em><\/p>\n<p><strong>\u00a0<\/strong><\/p>\n<p><strong>AUTOPSIA PSICOL\u00d3GICA<\/strong><\/p>\n<p>Este procedimiento judicial no fue realizado por el CIF y hasta el momento no hubo pedido por parte de la familia. <em>\u201cDespu\u00e9s de los informes que re\u00fana, en caso de constituirnos como querella, esta pr\u00e1ctica forense ser\u00e1 necesaria\u201d,<\/em> sostuvo Arancibia.<\/p>\n<p>Una autopsia psicol\u00f3gica <strong>reconstruye la vida de una persona fallecida<\/strong> para comprender los factores que influyeron en su muerte. Indagando si se trat\u00f3 de suicidio u homicidio.<\/p>\n<p>Se trata de una reconstrucci\u00f3n del perfil psicol\u00f3gico, el estado mental y los comportamientos de la persona antes de fallecer.<\/p>\n<figure id=\"attachment_1342\" aria-describedby=\"caption-attachment-1342\" style=\"width: 542px\" class=\"wp-caption alignleft\"><img loading=\"lazy\" decoding=\"async\" class=\" wp-image-1342\" src=\"https:\/\/www.nortesocial.com.ar\/wp-content\/uploads\/2025\/11\/Nico-S12Nov25-03-1.jpg\" alt=\"\" width=\"542\" height=\"256\" srcset=\"https:\/\/www.nortesocial.com.ar\/wp-content\/uploads\/2025\/11\/Nico-S12Nov25-03-1.jpg 1934w, https:\/\/www.nortesocial.com.ar\/wp-content\/uploads\/2025\/11\/Nico-S12Nov25-03-1-768x363.jpg 768w, https:\/\/www.nortesocial.com.ar\/wp-content\/uploads\/2025\/11\/Nico-S12Nov25-03-1-1536x726.jpg 1536w, https:\/\/www.nortesocial.com.ar\/wp-content\/uploads\/2025\/11\/Nico-S12Nov25-03-1-696x329.jpg 696w, https:\/\/www.nortesocial.com.ar\/wp-content\/uploads\/2025\/11\/Nico-S12Nov25-03-1-1068x505.jpg 1068w, https:\/\/www.nortesocial.com.ar\/wp-content\/uploads\/2025\/11\/Nico-S12Nov25-03-1-889x420.jpg 889w\" sizes=\"auto, (max-width: 542px) 100vw, 542px\" \/><figcaption id=\"caption-attachment-1342\" class=\"wp-caption-text\">HIJO. NICOL\u00c1S CORDEYRO<\/figcaption><\/figure>\n<p><strong>QUERELLA<\/strong><\/p>\n<p>El abogado Marcelo Arancibia decidir\u00e1 \u2013 tras reunirse con el m\u00e9dico forense <strong>Juan Jos\u00e9 Albornoz,<\/strong> sus pares del CIF y las pericias de la Polic\u00eda Federal &#8211; si acepta ser <strong>querellante de la familia Cordeyro.<\/strong><\/p>\n","protected":false},"excerpt":{"rendered":"<p>Sostuvo el abogado Marcelo Arancibia, respecto a la opini\u00f3n de Pedro Garc\u00eda Castiella, para quien la muerte del exjefe policial es \u201cuna situaci\u00f3n absolutamente esclarecida\u201d \u00a0 Durante el fin de semana extralargo, en su domicilio de la ciudad de Salta, el renombrado penalista mantuvo una entrevista exclusiva con Norte Social. \u201cUsted es el primer periodista [&hellip;]<\/p>\n","protected":false},"author":2,"featured_media":1338,"comment_status":"open","ping_status":"closed","sticky":false,"template":"","format":"standard","meta":{"footnotes":""},"categories":[6,2,12],"tags":[29,18,281,213,17,246],"class_list":["post-1337","post","type-post","status-publish","format-standard","has-post-thumbnail","hentry","category-cronicas-criminales","category-destacadas","category-sociedad-politica-economia","tag-cronicas-criminales","tag-dario-illanes","tag-garcia-castiella","tag-marcelo-arancibia","tag-norte-social","tag-vicente-cordeyro"],"_links":{"self":[{"href":"https:\/\/www.nortesocial.com.ar\/index.php?rest_route=\/wp\/v2\/posts\/1337","targetHints":{"allow":["GET"]}}],"collection":[{"href":"https:\/\/www.nortesocial.com.ar\/index.php?rest_route=\/wp\/v2\/posts"}],"about":[{"href":"https:\/\/www.nortesocial.com.ar\/index.php?rest_route=\/wp\/v2\/types\/post"}],"author":[{"embeddable":true,"href":"https:\/\/www.nortesocial.com.ar\/index.php?rest_route=\/wp\/v2\/users\/2"}],"replies":[{"embeddable":true,"href":"https:\/\/www.nortesocial.com.ar\/index.php?rest_route=%2Fwp%2Fv2%2Fcomments&post=1337"}],"version-history":[{"count":2,"href":"https:\/\/www.nortesocial.com.ar\/index.php?rest_route=\/wp\/v2\/posts\/1337\/revisions"}],"predecessor-version":[{"id":1343,"href":"https:\/\/www.nortesocial.com.ar\/index.php?rest_route=\/wp\/v2\/posts\/1337\/revisions\/1343"}],"wp:featuredmedia":[{"embeddable":true,"href":"https:\/\/www.nortesocial.com.ar\/index.php?rest_route=\/wp\/v2\/media\/1338"}],"wp:attachment":[{"href":"https:\/\/www.nortesocial.com.ar\/index.php?rest_route=%2Fwp%2Fv2%2Fmedia&parent=1337"}],"wp:term":[{"taxonomy":"category","embeddable":true,"href":"https:\/\/www.nortesocial.com.ar\/index.php?rest_route=%2Fwp%2Fv2%2Fcategories&post=1337"},{"taxonomy":"post_tag","embeddable":true,"href":"https:\/\/www.nortesocial.com.ar\/index.php?rest_route=%2Fwp%2Fv2%2Ftags&post=1337"}],"curies":[{"name":"wp","href":"https:\/\/api.w.org\/{rel}","templated":true}]}}