{"id":1344,"date":"2025-11-23T13:25:54","date_gmt":"2025-11-23T16:25:54","guid":{"rendered":"https:\/\/www.nortesocial.com.ar\/?p=1344"},"modified":"2025-11-23T13:25:54","modified_gmt":"2025-11-23T16:25:54","slug":"mano-a-mano","status":"publish","type":"post","link":"https:\/\/www.nortesocial.com.ar\/?p=1344","title":{"rendered":"MANO A MANO"},"content":{"rendered":"<h3><strong><em>Hay situaciones y momentos en las cuales se acaban las palabras, antecedentes, billeteras, imponencias, jerarqu\u00edas.<\/em><\/strong><\/h3>\n<p>&nbsp;<\/p>\n<p>Es cuando estamos frente a frente, mano a mano. Donde sea. Demostrando, bien o mal, de que est\u00e1 hecho cada uno.<\/p>\n<p><strong>Como en el potrero, o la cancha<\/strong>.<\/p>\n<figure id=\"attachment_1350\" aria-describedby=\"caption-attachment-1350\" style=\"width: 426px\" class=\"wp-caption alignright\"><img loading=\"lazy\" decoding=\"async\" class=\" wp-image-1350\" src=\"https:\/\/www.nortesocial.com.ar\/wp-content\/uploads\/2025\/11\/Lanus03.jpeg\" alt=\"\" width=\"426\" height=\"608\" srcset=\"https:\/\/www.nortesocial.com.ar\/wp-content\/uploads\/2025\/11\/Lanus03.jpeg 1139w, https:\/\/www.nortesocial.com.ar\/wp-content\/uploads\/2025\/11\/Lanus03-768x1096.jpeg 768w, https:\/\/www.nortesocial.com.ar\/wp-content\/uploads\/2025\/11\/Lanus03-1076x1536.jpeg 1076w, https:\/\/www.nortesocial.com.ar\/wp-content\/uploads\/2025\/11\/Lanus03-696x994.jpeg 696w, https:\/\/www.nortesocial.com.ar\/wp-content\/uploads\/2025\/11\/Lanus03-1068x1525.jpeg 1068w, https:\/\/www.nortesocial.com.ar\/wp-content\/uploads\/2025\/11\/Lanus03-294x420.jpeg 294w\" sizes=\"auto, (max-width: 426px) 100vw, 426px\" \/><figcaption id=\"caption-attachment-1350\" class=\"wp-caption-text\">MAURICIO PELLEGRINO<\/figcaption><\/figure>\n<p><strong>Lan\u00fas <\/strong>es un equipo de f\u00fatbol, de la localidad del mismo nombre, suburbio de la provincia de Buenos Aires. <strong>Atl\u00e9tico Mineiro <\/strong>es su par de Belo Horizonte, Brasil. El primero notoriamente humilde en poder\u00edo econ\u00f3mico y plantel futbol\u00edstico, frente al club brasile\u00f1o.<\/p>\n<p><strong>Mauricio Pellegrino<\/strong>, entrenador de Lan\u00fas, record\u00f3 una frase de <strong>Carlos Bianchi <\/strong>para explicar la victoria que lo consagr\u00f3 <strong>campe\u00f3n de la Copa Sudamericana<\/strong>. Pese a la diferencia de jerarqu\u00eda.<\/p>\n<p>Al \u201cVirrey\u201d, en la previa a la Copa Intercontinental 2003 que <strong>Boca le gan\u00f3 al Milan<\/strong>, le preguntaron si ten\u00eda chances. <em>\u201cSi hablamos de millones y de calidad no; pero <strong>dentro de la cancha, son once contra once<\/strong>&#8220;,<\/em> describi\u00f3.<\/p>\n<figure id=\"attachment_1348\" aria-describedby=\"caption-attachment-1348\" style=\"width: 307px\" class=\"wp-caption alignright\"><img loading=\"lazy\" decoding=\"async\" class=\" wp-image-1348\" src=\"https:\/\/www.nortesocial.com.ar\/wp-content\/uploads\/2025\/11\/Lanus04.jpg\" alt=\"\" width=\"307\" height=\"275\" srcset=\"https:\/\/www.nortesocial.com.ar\/wp-content\/uploads\/2025\/11\/Lanus04.jpg 1356w, https:\/\/www.nortesocial.com.ar\/wp-content\/uploads\/2025\/11\/Lanus04-768x689.jpg 768w, https:\/\/www.nortesocial.com.ar\/wp-content\/uploads\/2025\/11\/Lanus04-696x624.jpg 696w, https:\/\/www.nortesocial.com.ar\/wp-content\/uploads\/2025\/11\/Lanus04-1068x958.jpg 1068w, https:\/\/www.nortesocial.com.ar\/wp-content\/uploads\/2025\/11\/Lanus04-468x420.jpg 468w\" sizes=\"auto, (max-width: 307px) 100vw, 307px\" \/><figcaption id=\"caption-attachment-1348\" class=\"wp-caption-text\">CARLOS BIANCHI<\/figcaption><\/figure>\n<p>Pellegrino dijo tras el \u00e9pico triunfo<em>: \u201cel momento m\u00e1s democr\u00e1tico es cuando pita el \u00e1rbitro. Ah\u00ed, <strong>las posibilidades son las mismas<\/strong>\u201d.<\/em><\/p>\n<p>Mano a mano, Lan\u00fas logr\u00f3 una nueva Copa para el <strong>futbol argentino<\/strong>.<\/p>\n","protected":false},"excerpt":{"rendered":"<p>Hay situaciones y momentos en las cuales se acaban las palabras, antecedentes, billeteras, imponencias, jerarqu\u00edas. &nbsp; Es cuando estamos frente a frente, mano a mano. Donde sea. Demostrando, bien o mal, de que est\u00e1 hecho cada uno. Como en el potrero, o la cancha. Lan\u00fas es un equipo de f\u00fatbol, de la localidad del mismo [&hellip;]<\/p>\n","protected":false},"author":2,"featured_media":1345,"comment_status":"open","ping_status":"closed","sticky":false,"template":"","format":"standard","meta":{"footnotes":""},"categories":[48,14,2],"tags":[93,82,282,17],"class_list":["post-1344","post","type-post","status-publish","format-standard","has-post-thumbnail","hentry","category-argentina","category-deportes","category-destacadas","tag-dario-llanes","tag-futbol","tag-lanus","tag-norte-social"],"_links":{"self":[{"href":"https:\/\/www.nortesocial.com.ar\/index.php?rest_route=\/wp\/v2\/posts\/1344","targetHints":{"allow":["GET"]}}],"collection":[{"href":"https:\/\/www.nortesocial.com.ar\/index.php?rest_route=\/wp\/v2\/posts"}],"about":[{"href":"https:\/\/www.nortesocial.com.ar\/index.php?rest_route=\/wp\/v2\/types\/post"}],"author":[{"embeddable":true,"href":"https:\/\/www.nortesocial.com.ar\/index.php?rest_route=\/wp\/v2\/users\/2"}],"replies":[{"embeddable":true,"href":"https:\/\/www.nortesocial.com.ar\/index.php?rest_route=%2Fwp%2Fv2%2Fcomments&post=1344"}],"version-history":[{"count":7,"href":"https:\/\/www.nortesocial.com.ar\/index.php?rest_route=\/wp\/v2\/posts\/1344\/revisions"}],"predecessor-version":[{"id":1355,"href":"https:\/\/www.nortesocial.com.ar\/index.php?rest_route=\/wp\/v2\/posts\/1344\/revisions\/1355"}],"wp:featuredmedia":[{"embeddable":true,"href":"https:\/\/www.nortesocial.com.ar\/index.php?rest_route=\/wp\/v2\/media\/1345"}],"wp:attachment":[{"href":"https:\/\/www.nortesocial.com.ar\/index.php?rest_route=%2Fwp%2Fv2%2Fmedia&parent=1344"}],"wp:term":[{"taxonomy":"category","embeddable":true,"href":"https:\/\/www.nortesocial.com.ar\/index.php?rest_route=%2Fwp%2Fv2%2Fcategories&post=1344"},{"taxonomy":"post_tag","embeddable":true,"href":"https:\/\/www.nortesocial.com.ar\/index.php?rest_route=%2Fwp%2Fv2%2Ftags&post=1344"}],"curies":[{"name":"wp","href":"https:\/\/api.w.org\/{rel}","templated":true}]}}