{"id":1364,"date":"2025-11-28T00:15:37","date_gmt":"2025-11-28T03:15:37","guid":{"rendered":"https:\/\/www.nortesocial.com.ar\/?p=1364"},"modified":"2025-11-28T00:15:37","modified_gmt":"2025-11-28T03:15:37","slug":"las-noticias-son-un-cuento","status":"publish","type":"post","link":"https:\/\/www.nortesocial.com.ar\/?p=1364","title":{"rendered":"\u201cLAS NOTICIAS SON UN CUENTO\u201d"},"content":{"rendered":"<h3><strong><em>Hay veces que el periodismo cuenta historias. Informando, entreteniendo, formando. De esto trata el Taller de Periodismo Narrativo organizado por la Asociaci\u00f3n de Periodistas de Salta.<\/em><\/strong><\/h3>\n<p>&nbsp;<\/p>\n<p>El particular evento se desarrollar\u00e1 el viernes 5 de diciembre, entre las 17.15 a 20, en <strong>Colegio San Alfonso<\/strong> (25 de Mayo 580). Los expositores ser\u00e1n <strong>Elena Corval\u00e1n<\/strong> -editora de Salta12 \u2013 y <strong>Andr\u00e9s Gauffin<\/strong> -redactor y editor de ensayos.<\/p>\n<p>De acuerdo a la Antropolog\u00eda, desde hace 30 mil los seres humanos hemos contado historias. Tambi\u00e9n se afirma que las narraciones orales pueden haber significado beneficios evolutivos, tanto a nivel individual como de grupo.<\/p>\n<p>El taller <strong><em>\u201cLas noticias son un cuento\u201d<\/em><\/strong> pareciera un ox\u00edmoron (combinaci\u00f3n de expresiones opuestas que originan un nuevo sentido) Un significado a menudo m\u00e1s profundo o po\u00e9tico.<\/p>\n<p>Consultamos a la periodista Elena Corval\u00e1n:<\/p>\n<p><strong>&#8211; \u00bfPor qu\u00e9 el llamativo t\u00edtulo del taller de la APES?<\/strong><\/p>\n<p>&#8211; El t\u00edtulo no es de mi autor\u00eda, pero entiendo que se debe al hecho de que el periodismo narrativo busca contar la realidad de un modo m\u00e1s literario. Le pone tanto inter\u00e9s a la historia como a la forma en que ser\u00e1 contada. No pone el eje en las grandes noticias, en los grandes personajes de la vida p\u00fablica, sino en las historias, incluso en las peque\u00f1as historias, que pueden explicar grandes acontecimientos.<\/p>\n<p><strong><img loading=\"lazy\" decoding=\"async\" class=\"alignright  wp-image-1368\" src=\"https:\/\/www.nortesocial.com.ar\/wp-content\/uploads\/2025\/11\/app03.png\" alt=\"\" width=\"337\" height=\"337\" \/>&#8211; \u00bfQu\u00e9 es periodismo narrativo?<\/strong><\/p>\n<p>-Creo que en parte se respondi\u00f3 con la anterior pregunta, pero se podr\u00eda a\u00f1adir que en el periodismo narrativo importa el narrador o narradora y yo dir\u00eda que tienen una importancia destacada los otros\/las otras. Hay un esfuerzo especial en tratar de entender a las personas o hechos cuya historia se va a contar. Por eso mismo el periodismo narrativo es m\u00e1s lento, aunque en las provincias muchas veces debamos resolver una nota en el d\u00eda. En condiciones ideales (que a veces deben inventarse) demanda mucho tiempo. Leila Guerrero identifica cuatro etapas: la b\u00fasqueda de datos y documentaci\u00f3n, el reporteo, la selecci\u00f3n del material y la escritura.<\/p>\n<p><strong>&#8211; \u00bfExiste alguna vinculaci\u00f3n con las transmisiones orales desde el comienzo de la humanidad?<\/strong><\/p>\n<p>-Yo entiendo que s\u00ed, que el periodismo narrativo tiene sus or\u00edgenes en los relatos antiguos. Pero tal como se lo conoce ahora en Am\u00e9rica se remonta a 1957, con \u201cOperaci\u00f3n Masacre\u201d, de Rodolfo Walsh, y luego, ya en 1965, \u201cA sangre fr\u00eda\u201d, de Truman Capote.<\/p>\n<p><strong>&#8211; \u00bfEl periodismo narrativo tiene relaci\u00f3n con la \u201cnon fiction\u201d?<\/strong><\/p>\n<p>-Est\u00e1n muy relacionados, en cuanto a que ambos cuentan la realidad con t\u00e9cnicas narrativas literarias.<\/p>\n<p><strong>&#8211; \u00bfCu\u00e1l es tu trayectoria?<\/strong><\/p>\n<p>&#8211; Ahora soy redactora y editora en la secci\u00f3n Salta del diario P\u00e1gina12. Trabaj\u00e9 en radios, televisi\u00f3n y diarios. Me especialic\u00e9 en la cobertura de temas judiciales. Tambi\u00e9n hago coberturas de cuestiones vinculadas a los derechos humanos y a los pueblos ind\u00edgenas.<\/p>\n<p>&nbsp;<\/p>\n<p><strong>CONVOCATORIA<\/strong><\/p>\n<p>El taller <em>\u201cLas noticias son un cuento\u201d <\/em>no tiene costo. Est\u00e1 dirigido a: estudiantes, periodistas e interesados.<\/p>\n<p>Informes e inscripciones: <strong>WhatsApp 3875343956<\/strong>.<\/p>\n<figure id=\"attachment_1367\" aria-describedby=\"caption-attachment-1367\" style=\"width: 461px\" class=\"wp-caption alignleft\"><img loading=\"lazy\" decoding=\"async\" class=\" wp-image-1367\" src=\"https:\/\/www.nortesocial.com.ar\/wp-content\/uploads\/2025\/11\/app02.png\" alt=\"\" width=\"461\" height=\"688\" srcset=\"https:\/\/www.nortesocial.com.ar\/wp-content\/uploads\/2025\/11\/app02.png 1072w, https:\/\/www.nortesocial.com.ar\/wp-content\/uploads\/2025\/11\/app02-768x1146.png 768w, https:\/\/www.nortesocial.com.ar\/wp-content\/uploads\/2025\/11\/app02-1029x1536.png 1029w, https:\/\/www.nortesocial.com.ar\/wp-content\/uploads\/2025\/11\/app02-696x1039.png 696w, https:\/\/www.nortesocial.com.ar\/wp-content\/uploads\/2025\/11\/app02-1068x1594.png 1068w, https:\/\/www.nortesocial.com.ar\/wp-content\/uploads\/2025\/11\/app02-281x420.png 281w\" sizes=\"auto, (max-width: 461px) 100vw, 461px\" \/><figcaption id=\"caption-attachment-1367\" class=\"wp-caption-text\">ELENA CORVAL\u00c1N<\/figcaption><\/figure>\n<p><strong>CONCEPTOS<\/strong><\/p>\n<ul>\n<li><em>\u201cEstamos en un momento un poco cr\u00edtico. Hemos entrado en un terreno movedizo en el que la credibilidad del periodismo est\u00e1 de capa ca\u00edda\u201d<\/em><\/li>\n<li><em>\u201cHa habido mucha mala pr\u00e1ctica period\u00edstica. Siempre la ha habido pero el surgimiento de redes sociales ha posibilitado que haya un crecimiento exponencial de falsas noticias y de espectacularizaci\u00f3n de la informaci\u00f3n con una ca\u00edda de la credibilidad\u201d<\/em><\/li>\n<li><em>\u201cMe parece que estamos en un momento en el que tenemos que reflexionar nuestro quehacer y replantearnos algunas cuestiones\u201d<\/em> <a href=\"https:\/\/www.cuarto.com.ar\/elena-corvalan-y-la-credibilidad-del-periodismo\/\">https:\/\/www.cuarto.com.ar\/elena-corvalan-y-la-credibilidad-del-periodismo\/<\/a><\/li>\n<li><em>\u201cLos periodistas somos arrogantes, soberbios, nos la creemos, y esa arrogancia hace que nos comportemos como fiscales y les digamos a los dem\u00e1s lo que tienen que hacer\u201d<\/em> <a href=\"https:\/\/salta21.com\/elena-corvalan-hablo-sobre\/\">https:\/\/salta21.com\/elena-corvalan-hablo-sobre\/<\/a><\/li>\n<\/ul>\n<p>&nbsp;<\/p>\n","protected":false},"excerpt":{"rendered":"<p>Hay veces que el periodismo cuenta historias. Informando, entreteniendo, formando. De esto trata el Taller de Periodismo Narrativo organizado por la Asociaci\u00f3n de Periodistas de Salta. &nbsp; El particular evento se desarrollar\u00e1 el viernes 5 de diciembre, entre las 17.15 a 20, en Colegio San Alfonso (25 de Mayo 580). Los expositores ser\u00e1n Elena Corval\u00e1n [&hellip;]<\/p>\n","protected":false},"author":2,"featured_media":1365,"comment_status":"open","ping_status":"closed","sticky":false,"template":"","format":"standard","meta":{"footnotes":""},"categories":[2,15,47],"tags":[121,18,286,17,285],"class_list":["post-1364","post","type-post","status-publish","format-standard","has-post-thumbnail","hentry","category-destacadas","category-educacion-salud-y-ciencia","category-salta","tag-apes","tag-dario-illanes","tag-elena-corvalan","tag-norte-social","tag-noticia"],"_links":{"self":[{"href":"https:\/\/www.nortesocial.com.ar\/index.php?rest_route=\/wp\/v2\/posts\/1364","targetHints":{"allow":["GET"]}}],"collection":[{"href":"https:\/\/www.nortesocial.com.ar\/index.php?rest_route=\/wp\/v2\/posts"}],"about":[{"href":"https:\/\/www.nortesocial.com.ar\/index.php?rest_route=\/wp\/v2\/types\/post"}],"author":[{"embeddable":true,"href":"https:\/\/www.nortesocial.com.ar\/index.php?rest_route=\/wp\/v2\/users\/2"}],"replies":[{"embeddable":true,"href":"https:\/\/www.nortesocial.com.ar\/index.php?rest_route=%2Fwp%2Fv2%2Fcomments&post=1364"}],"version-history":[{"count":3,"href":"https:\/\/www.nortesocial.com.ar\/index.php?rest_route=\/wp\/v2\/posts\/1364\/revisions"}],"predecessor-version":[{"id":1370,"href":"https:\/\/www.nortesocial.com.ar\/index.php?rest_route=\/wp\/v2\/posts\/1364\/revisions\/1370"}],"wp:featuredmedia":[{"embeddable":true,"href":"https:\/\/www.nortesocial.com.ar\/index.php?rest_route=\/wp\/v2\/media\/1365"}],"wp:attachment":[{"href":"https:\/\/www.nortesocial.com.ar\/index.php?rest_route=%2Fwp%2Fv2%2Fmedia&parent=1364"}],"wp:term":[{"taxonomy":"category","embeddable":true,"href":"https:\/\/www.nortesocial.com.ar\/index.php?rest_route=%2Fwp%2Fv2%2Fcategories&post=1364"},{"taxonomy":"post_tag","embeddable":true,"href":"https:\/\/www.nortesocial.com.ar\/index.php?rest_route=%2Fwp%2Fv2%2Ftags&post=1364"}],"curies":[{"name":"wp","href":"https:\/\/api.w.org\/{rel}","templated":true}]}}