{"id":1372,"date":"2025-11-30T05:38:11","date_gmt":"2025-11-30T08:38:11","guid":{"rendered":"https:\/\/www.nortesocial.com.ar\/?p=1372"},"modified":"2025-11-30T05:41:35","modified_gmt":"2025-11-30T08:41:35","slug":"en-busqueda-de-los-asesinos-investigan-en-salta-y-francia","status":"publish","type":"post","link":"https:\/\/www.nortesocial.com.ar\/?p=1372","title":{"rendered":"EN B\u00daSQUEDA DE LOS ASESINOS, INVESTIGAN EN SALTA Y FRANCIA"},"content":{"rendered":"<h3><strong><em>A catorce a\u00f1os de las masacres de Cassandre y Houria en San Lorenzo, coincidieron el encuentro del gobernador Gustavo S\u00e1enz y el embajador franc\u00e9s Romain Nadal; la denuncia de Jean Michael Bouvier; y el informe del Ministerio P\u00fablico Fiscal.<\/em><\/strong><\/h3>\n<p><em>\u00a0<\/em><\/p>\n<p><em>\u201cEstamos en el mismo camino. Que nada quede impune<\/em>\u201d, sostuvo S\u00e1enz, el 27 de noviembre, en ocasi\u00f3n del D\u00eda Internacional de Lucha contra la Violencia de G\u00e9nero.<\/p>\n<p>Junto al <strong>embajador de Francia en Argentina, Romain Nadal<\/strong>, homenajearon a <strong>Cassandre Bouvier <\/strong>y<strong> Houria <\/strong><strong>Moumni <\/strong>En el Mirador de la quebrada de San Lorenzo, el gobernador agradeci\u00f3 la presencia del diplom\u00e1tico, con quien coincidi\u00f3 en su compromiso por la verdad y la justicia en el tr\u00e1gico caso.<\/p>\n<figure id=\"attachment_1374\" aria-describedby=\"caption-attachment-1374\" style=\"width: 297px\" class=\"wp-caption alignright\"><img loading=\"lazy\" decoding=\"async\" class=\"size-full wp-image-1374\" src=\"https:\/\/www.nortesocial.com.ar\/wp-content\/uploads\/2025\/11\/FRANCESAS-Saenz-Embajador.png\" alt=\"\" width=\"297\" height=\"238\" \/><figcaption id=\"caption-attachment-1374\" class=\"wp-caption-text\">EL GOBERNADOR DE SALTA, GUSTAVO S\u00c1ENZ; Y EL EMBAJADOR DE FRANCIA, ROMAIN NADAL<\/figcaption><\/figure>\n<p><em>\u201cDesde el Gobierno de Salta, el Gobierno nacional y el de Francia estamos trabajando conjuntamente para que eso ocurra\u201d,<\/em> subray\u00f3 S\u00e1enz.<\/p>\n<p>El embajador agradeci\u00f3 la decisi\u00f3n de designar a un nuevo equipo de investigaci\u00f3n en el caso de las turistas <em>francesas \u201cpara que pueda haber justicia y verdad\u201d, ya que consider\u00f3: \u201cQuedan cosas por aclarar, responsabilidades y confiamos que este nuevo equipo pueda establecer todo lo que ocurri\u00f3, la verdad, y que se pueda hacer justicia\u201d.<\/em><\/p>\n<p>Dicho de otro modo, el representante del Estado y gobierno de Francia subray\u00f3 que <strong>los ataques sexuales y asesinatos de Cassandre y Houria contin\u00faan impunes.<\/strong><\/p>\n<p>&nbsp;<\/p>\n<p><strong>Denuncia en Par\u00eds<\/strong><\/p>\n<p>Jean Michael Bouvier, padre de Cassandre (29), present\u00f3 una denuncia en la Justicia francesa para una investigaci\u00f3n en Francia.<\/p>\n<figure id=\"attachment_1375\" aria-describedby=\"caption-attachment-1375\" style=\"width: 453px\" class=\"wp-caption alignleft\"><img loading=\"lazy\" decoding=\"async\" class=\"wp-image-1375\" src=\"https:\/\/www.nortesocial.com.ar\/wp-content\/uploads\/2025\/11\/FRANCESAS-JEAN-MICHEL-BOUVIER.png\" alt=\"\" width=\"453\" height=\"544\" srcset=\"https:\/\/www.nortesocial.com.ar\/wp-content\/uploads\/2025\/11\/FRANCESAS-JEAN-MICHEL-BOUVIER.png 670w, https:\/\/www.nortesocial.com.ar\/wp-content\/uploads\/2025\/11\/FRANCESAS-JEAN-MICHEL-BOUVIER-350x420.png 350w\" sizes=\"auto, (max-width: 453px) 100vw, 453px\" \/><figcaption id=\"caption-attachment-1375\" class=\"wp-caption-text\">PAP\u00c1. JEAN MICHAEL BOUVIER<\/figcaption><\/figure>\n<p>En las 17 carillas de la demanda penal internacional se mencionan <strong>30 nombres de exfuncionarios del Poder Ejecutivo y del Poder Judicial, exlegisladores e integrantes de la Polic\u00eda salte\u00f1a<\/strong>. Los abogados franceses solicitan sus declaraciones ante juez franc\u00e9s.<\/p>\n<p>Los letrados son William Bourdon y Colomba Grossi. Desde el estudio indicaron que la denuncia se present\u00f3 \u201ccon constituci\u00f3n de parte civil\u201d por parte del padre de una de las v\u00edctimas.<\/p>\n<p>El escrito describe que <em>hay \u201ctres perfiles de ADN que encontraron peritos franceses y la Justicia salte\u00f1a nunca tuvo la intenci\u00f3n de investigar\u201d.<\/em> Son mencionados en la denuncia: <strong>dos perfiles gen\u00e9ticos masculinos y uno femenino<\/strong> que hasta ahora no pudieron ser individualizados porque la Justicia salte\u00f1a no los incorpor\u00f3 al expediente.<\/p>\n<p>El padre de la v\u00edctima subray\u00f3 que su <em>\u201c\u00fanica certeza es que el juez Mart\u00edn P\u00e9rez [instructor de la causa] condujo su caso de manera fragmentada, manipulada y deshonesta\u201d.<\/em> El texto de la denuncia se\u00f1ala que la finalidad es <em>que \u201clas verdaderas circunstancias de la muerte de Cassandre Bouvier sean finalmente esclarecidas\u201d,<\/em> porque <em>\u201chasta ahora no se ha hecho lo necesario para permitir que la verdad salga a la luz en este caso\u201d. <\/em><\/p>\n<figure id=\"attachment_1376\" aria-describedby=\"caption-attachment-1376\" style=\"width: 237px\" class=\"wp-caption alignright\"><img loading=\"lazy\" decoding=\"async\" class=\" wp-image-1376\" src=\"https:\/\/www.nortesocial.com.ar\/wp-content\/uploads\/2025\/11\/FRANCESAS-cassandre.png\" alt=\"\" width=\"237\" height=\"428\" srcset=\"https:\/\/www.nortesocial.com.ar\/wp-content\/uploads\/2025\/11\/FRANCESAS-cassandre.png 260w, https:\/\/www.nortesocial.com.ar\/wp-content\/uploads\/2025\/11\/FRANCESAS-cassandre-233x420.png 233w\" sizes=\"auto, (max-width: 237px) 100vw, 237px\" \/><figcaption id=\"caption-attachment-1376\" class=\"wp-caption-text\">CASSANDRE<\/figcaption><\/figure>\n<p><strong>Otra investigaci\u00f3n<\/strong><\/p>\n<p>La Procuraci\u00f3n General dispuso mediante Resoluci\u00f3n de Procuraci\u00f3n N\u00ba 1.594\/25, de fecha 17 de febrero de 2025, la conformaci\u00f3n de una Unidad Fiscal Especial, integrada por los fiscales Mar\u00eda Luj\u00e1n Sodero Calvet, Pablo Rodrigo Paz, Gabriel Gonz\u00e1lez y Daniel Espiloc\u00edn, con la finalidad de abordar una revisi\u00f3n del caso bajo est\u00e1ndares actuales de investigaci\u00f3n penal y t\u00e9cnicas cient\u00edficas, dada la trascendencia internacional del hecho y su impacto en la sociedad salte\u00f1a,<\/p>\n<p>La Unidad Fiscal desarrolla una metodolog\u00eda en etapas. La primera consiste en una revisi\u00f3n t\u00e9cnica y estructural del expediente hist\u00f3rico, que supera las siete mil fojas e incluye toda la evidencia secuestrada en 2011. Esta revisi\u00f3n no se limita a releer lo actuado, sino que reorganiza cronol\u00f3gicamente los hechos y analiza la trazabilidad de cada prueba. Se trata de una tarea necesaria para comprender el estado de la causa, detectar eventuales puntos ciegos y asegurar que la nueva investigaci\u00f3n avance sobre bases verificables y actualizadas.<\/p>\n<p>Seg\u00fan la investigaci\u00f3n fiscal <em>\u201cOtro componente central del trabajo consiste en la incorporaci\u00f3n y an\u00e1lisis exhaustivo de los cuadernillos periciales elaborados por expertos forenses franceses, los cuales contienen estudios avanzados en biolog\u00eda molecular, microscop\u00eda, espectrograf\u00eda y an\u00e1lisis comparativos. Estos reportes t\u00e9cnicos, que no fueron valorados \u00edntegramente en etapas judiciales anteriores, se encuentran actualmente en an\u00e1lisis por el Servicio de Biolog\u00eda Molecular del CIF, que desarrolla un examen comparativo entre las metodolog\u00edas aplicadas en Francia y las utilizadas en Argentina, evaluando puntos de coincidencia, diferencias t\u00e9cnicas y posibles implicancias para la investigaci\u00f3n\u201d<\/em><\/p>\n<p><img loading=\"lazy\" decoding=\"async\" class=\"size-full wp-image-1377 alignleft\" src=\"https:\/\/www.nortesocial.com.ar\/wp-content\/uploads\/2025\/11\/FRANCESAS02.png\" alt=\"\" width=\"275\" height=\"183\" \/><\/p>\n<h5><strong>Denunciados<\/strong><\/h5>\n<p>En la demanda francesa se mencionan al exgobernador Juan Manuel Urtubey; al exsecretario de Seguridad Rogelio Saravia; a una docena de oficiales y suboficiales de la Polic\u00eda de Salta. Entre ellos, Walter Omar Maman\u00ed y Rodrigo Emanuel Bautista, acusados de plantar pruebas y desviar la investigaci\u00f3n del doble femicidio.<\/p>\n<figure id=\"attachment_1378\" aria-describedby=\"caption-attachment-1378\" style=\"width: 228px\" class=\"wp-caption alignright\"><img loading=\"lazy\" decoding=\"async\" class=\" wp-image-1378\" src=\"https:\/\/www.nortesocial.com.ar\/wp-content\/uploads\/2025\/11\/FRANCESAS-LASI.png\" alt=\"\" width=\"228\" height=\"214\" \/><figcaption id=\"caption-attachment-1378\" class=\"wp-caption-text\">GUSTAVO LASI<\/figcaption><\/figure>\n<h5><strong>El \u00fanico<\/strong><\/h5>\n<p>En 2014, Gustavo Orlando Lasi fue condenado a 30 a\u00f1os de prisi\u00f3n. En 2016, el Tribunal de Impugnaci\u00f3n aument\u00f3 la pena a perpetua.<\/p>\n<p>&nbsp;<\/p>\n<h5><strong>Estudiantes<\/strong><\/h5>\n<p>Cassandre y Houria eran estudiantes de <strong>Sociolog\u00eda en la Sorbona.<\/strong> Llegaron a la Argentina convocadas a un congreso acad\u00e9mico. Fueron invitadas a Salta. Se las vio con vida por \u00faltima vez el <strong>15 de julio de 2011<\/strong>. Sus cuerpos, violados y baleados, los encontr\u00f3 un turista el 29, cerca del Mirador.<\/p>\n","protected":false},"excerpt":{"rendered":"<p>A catorce a\u00f1os de las masacres de Cassandre y Houria en San Lorenzo, coincidieron el encuentro del gobernador Gustavo S\u00e1enz y el embajador franc\u00e9s Romain Nadal; la denuncia de Jean Michael Bouvier; y el informe del Ministerio P\u00fablico Fiscal. \u00a0 \u201cEstamos en el mismo camino. Que nada quede impune\u201d, sostuvo S\u00e1enz, el 27 de noviembre, [&hellip;]<\/p>\n","protected":false},"author":2,"featured_media":1373,"comment_status":"open","ping_status":"closed","sticky":false,"template":"","format":"standard","meta":{"footnotes":""},"categories":[48,6,2,47,12],"tags":[288,29,18,287,17,250],"class_list":["post-1372","post","type-post","status-publish","format-standard","has-post-thumbnail","hentry","category-argentina","category-cronicas-criminales","category-destacadas","category-salta","category-sociedad-politica-economia","tag-bouvier","tag-cronicas-criminales","tag-dario-illanes","tag-francesas","tag-norte-social","tag-san-lorenzo"],"_links":{"self":[{"href":"https:\/\/www.nortesocial.com.ar\/index.php?rest_route=\/wp\/v2\/posts\/1372","targetHints":{"allow":["GET"]}}],"collection":[{"href":"https:\/\/www.nortesocial.com.ar\/index.php?rest_route=\/wp\/v2\/posts"}],"about":[{"href":"https:\/\/www.nortesocial.com.ar\/index.php?rest_route=\/wp\/v2\/types\/post"}],"author":[{"embeddable":true,"href":"https:\/\/www.nortesocial.com.ar\/index.php?rest_route=\/wp\/v2\/users\/2"}],"replies":[{"embeddable":true,"href":"https:\/\/www.nortesocial.com.ar\/index.php?rest_route=%2Fwp%2Fv2%2Fcomments&post=1372"}],"version-history":[{"count":3,"href":"https:\/\/www.nortesocial.com.ar\/index.php?rest_route=\/wp\/v2\/posts\/1372\/revisions"}],"predecessor-version":[{"id":1381,"href":"https:\/\/www.nortesocial.com.ar\/index.php?rest_route=\/wp\/v2\/posts\/1372\/revisions\/1381"}],"wp:featuredmedia":[{"embeddable":true,"href":"https:\/\/www.nortesocial.com.ar\/index.php?rest_route=\/wp\/v2\/media\/1373"}],"wp:attachment":[{"href":"https:\/\/www.nortesocial.com.ar\/index.php?rest_route=%2Fwp%2Fv2%2Fmedia&parent=1372"}],"wp:term":[{"taxonomy":"category","embeddable":true,"href":"https:\/\/www.nortesocial.com.ar\/index.php?rest_route=%2Fwp%2Fv2%2Fcategories&post=1372"},{"taxonomy":"post_tag","embeddable":true,"href":"https:\/\/www.nortesocial.com.ar\/index.php?rest_route=%2Fwp%2Fv2%2Ftags&post=1372"}],"curies":[{"name":"wp","href":"https:\/\/api.w.org\/{rel}","templated":true}]}}