{"id":1382,"date":"2025-12-03T20:04:32","date_gmt":"2025-12-03T23:04:32","guid":{"rendered":"https:\/\/www.nortesocial.com.ar\/?p=1382"},"modified":"2025-12-03T20:04:32","modified_gmt":"2025-12-03T23:04:32","slug":"declaran-que-el-muerto-fue-el-asesino","status":"publish","type":"post","link":"https:\/\/www.nortesocial.com.ar\/?p=1382","title":{"rendered":"DECLARAN QUE EL MUERTO FUE EL ASESINO"},"content":{"rendered":"<h3><strong><em>Tal fue la sentencia del tribunal contra Javier Saavedra, por el femicidio de Jimena Salas. El abogado Marcelo Arancibia asegur\u00f3 que comprobar\u00e1 su inocencia.<\/em><\/strong><\/h3>\n<p>&nbsp;<\/p>\n<p>Jimena fue masacrada con m\u00e1s de 45 cuchilladas el mediod\u00eda del 27 de enero de 2017. Los jueces Jos\u00e9 Luis Riera, M\u00f3nica Faber y Maximiliano Troyano &#8211; el 7 de noviembre de 2025 \u2013 se\u00f1alaron que <strong>Javier Saavedra<\/strong> fue uno de los asesinos. El joven muri\u00f3 en la c\u00e1rcel el 15 de septiembre.<\/p>\n<p><img loading=\"lazy\" decoding=\"async\" class=\" wp-image-1022 alignleft\" src=\"https:\/\/www.nortesocial.com.ar\/wp-content\/uploads\/2025\/09\/jime5.png\" alt=\"\" width=\"461\" height=\"547\" srcset=\"https:\/\/www.nortesocial.com.ar\/wp-content\/uploads\/2025\/09\/jime5.png 563w, https:\/\/www.nortesocial.com.ar\/wp-content\/uploads\/2025\/09\/jime5-354x420.png 354w\" sizes=\"auto, (max-width: 461px) 100vw, 461px\" \/>En los fundamentos de la sentencia \u2013 de 19 hojas- el tribunal destac\u00f3 que el eximputado logr\u00f3 la confianza de la madre v\u00edctima mostrando un caniche, diciendo que estaba perdido.<\/p>\n<p>Los jueces subrayaron: <em>\u201cM\u00e1s all\u00e1 de toda la prueba testimonial, pericial y documental ya analizada, cabe destacar que la m\u00e1s trascendental y concluyente en orden a la determinaci\u00f3n de la presencia y de su autor\u00eda por parte de Javier Nicol\u00e1s Saavedra, es la evidencia gen\u00e9tica obtenida en la escena del hecho\u201d.<\/em><\/p>\n<p>Y remarcaron: <em>\u201cDicha prueba, por su naturaleza objetiva y su potencia demostrativa, constituye el elemento de mayor trascendencia dentro del plexo probatorio reunido en autos, al permitir, con un grado de certeza cient\u00edfica, ubicar a Javier Nicol\u00e1s Saavedra dentro de la vivienda de la v\u00edctima Jimena Beatriz Salas en el momento del suceso\u201d<\/em><\/p>\n<p><img loading=\"lazy\" decoding=\"async\" class=\" wp-image-1385 alignleft\" src=\"https:\/\/www.nortesocial.com.ar\/wp-content\/uploads\/2025\/12\/Saavedra04.jpg\" alt=\"\" width=\"357\" height=\"340\" srcset=\"https:\/\/www.nortesocial.com.ar\/wp-content\/uploads\/2025\/12\/Saavedra04.jpg 473w, https:\/\/www.nortesocial.com.ar\/wp-content\/uploads\/2025\/12\/Saavedra04-441x420.jpg 441w\" sizes=\"auto, (max-width: 357px) 100vw, 357px\" \/><\/p>\n<p><strong>Incapacidad afectiva<\/strong><\/p>\n<p>De acuerdo a los fundamentos, Javier Saavedra presentaba <em>\u201canestesia emocional y disociaci\u00f3n afectiva\u201d,<\/em> que implicaban <em>\u201cincapacidad de sentir y vincular afecto con representaci\u00f3n\u201d<\/em>. Citando informe de psic\u00f3loga legal, el fallecido <em>\u201cre\u00fane rasgos de personalidad psicop\u00e1tica, con base narcisista y egoc\u00e9ntrica, caracterizada por omnipotencia, ausencia de culpa, manipulaci\u00f3n, simulaci\u00f3n y pasaje impulsivo al acto violento, sin p\u00e9rdida del juicio de realidad ni posibilidad de asumir responsabilidad o arrepentimiento\u201d<\/em><\/p>\n<p><img loading=\"lazy\" decoding=\"async\" class=\"alignright  wp-image-1386\" src=\"https:\/\/www.nortesocial.com.ar\/wp-content\/uploads\/2025\/12\/WhatsApp-Image-2025-11-28-at-13.48.52-1.jpeg\" alt=\"\" width=\"388\" height=\"549\" srcset=\"https:\/\/www.nortesocial.com.ar\/wp-content\/uploads\/2025\/12\/WhatsApp-Image-2025-11-28-at-13.48.52-1.jpeg 459w, https:\/\/www.nortesocial.com.ar\/wp-content\/uploads\/2025\/12\/WhatsApp-Image-2025-11-28-at-13.48.52-1-297x420.jpeg 297w\" sizes=\"auto, (max-width: 388px) 100vw, 388px\" \/><\/p>\n<p><strong>El villano y el solidario<\/strong><\/p>\n<p>El Tribunal agreg\u00f3: <em>\u201csurge un patr\u00f3n de conducta consistente en la apropiaci\u00f3n de bienes ajenos, la reacci\u00f3n violenta ante la autoridad y la reiteraci\u00f3n de episodios de conflicto con connotaciones delictivas\u201d <\/em><\/p>\n<p>Parad\u00f3jicamente, los jueces minimizaron las actividades solidarias realizadas por Javier Saavedra. <em>\u201cEl buen concepto personal o a la imagen p\u00fablica del imputado no tiene incidencia exculpatoria, dado que la sana cr\u00edtica racional impone distinguir entre juicios de valor sobre la personalidad y constataciones de hechos objetivos.\u201d<\/em><\/p>\n<figure id=\"attachment_1340\" aria-describedby=\"caption-attachment-1340\" style=\"width: 413px\" class=\"wp-caption alignleft\"><img loading=\"lazy\" decoding=\"async\" class=\" wp-image-1340\" src=\"https:\/\/www.nortesocial.com.ar\/wp-content\/uploads\/2025\/11\/M.Arancicia01.png\" alt=\"\" width=\"413\" height=\"469\" srcset=\"https:\/\/www.nortesocial.com.ar\/wp-content\/uploads\/2025\/11\/M.Arancicia01.png 886w, https:\/\/www.nortesocial.com.ar\/wp-content\/uploads\/2025\/11\/M.Arancicia01-768x872.png 768w, https:\/\/www.nortesocial.com.ar\/wp-content\/uploads\/2025\/11\/M.Arancicia01-696x790.png 696w, https:\/\/www.nortesocial.com.ar\/wp-content\/uploads\/2025\/11\/M.Arancicia01-370x420.png 370w\" sizes=\"auto, (max-width: 413px) 100vw, 413px\" \/><figcaption id=\"caption-attachment-1340\" class=\"wp-caption-text\">MARCELO ARANCIBIA<\/figcaption><\/figure>\n<p><strong>Inocente<\/strong><\/p>\n<p>Con m\u00e1s de 45 a\u00f1os sumando conocimientos y experiencias, el doctor <strong>Marcelo Arancibia<\/strong> es un abogado penalista ampliamente respetado y reconocido. Sus expresiones period\u00edsticas son prudentes y mesurados, como sus alegatos abundan en citas acad\u00e9micas, jurisprudencia, y contrastaci\u00f3n de pruebas.<\/p>\n<p>Como defensor de los hermanos Saavedra y espec\u00edficamente de Javier demuestra su firmeza y vehemencia.<\/p>\n<ul>\n<li><strong>\u00bfCu\u00e1l es su consideraci\u00f3n acerca de la sentencia del tribunal que se\u00f1al\u00f3 a Javier Saavedra autor del asesinato?<\/strong> \u2013 consult\u00f3 Norte Social.<\/li>\n<li>A Javier, es b\u00e1sico, le cabe la inocencia, pues (debido a su fallecimiento) no tuvo el m\u00e1s m\u00ednimo derecho y posibilidad de defensa en juicio. Decir lo contrario es inconstitucional.<\/li>\n<li><strong>En los fundamentos, los jueces abundan en pruebas contra el joven\u2026<\/strong><\/li>\n<li>Vamos a continuar trabajando para demostrar que Javier no tuvo absolutamente nada que ver. Por supuesto, plantearemos recurso de casaci\u00f3n. Ninguno tuvo parte en el crimen, tal como demostr\u00e9 respecto a sus hermanos absueltos.<\/li>\n<li><strong>Adem\u00e1s de usted, seguramente la fiscal\u00eda y la querella llegar\u00e1n a la instancia judicial superior\u2026<\/strong><\/li>\n<li>\u201cEl que avisa no traiciona\u201d, por nuestra parte iremos al tribunal de Impugnaci\u00f3n, con las evidencias, pruebas, valoraciones. Ser\u00e1 un largo camino\u2026<\/li>\n<li><strong>\u00bfHasta d\u00f3nde?<\/strong><\/li>\n<li>Llegaremos a todas las instancias, en la justicia provincial, a la Corte Suprema de Justicia, a los tribunales internacionales si es necesario.<\/li>\n<\/ul>\n<p>&nbsp;<\/p>\n<p><strong>P\u00c9SIMA INVESTIGACI\u00d3N<\/strong><\/p>\n<p><em>\u201cHay un mensaje enviado a la sociedad de que est\u00e1 todo resuelto, que todo est\u00e1 bien, pero es falso. La realidad es que desde el comienzo los distintos investigadores y fiscales hicieron una p\u00e9sima investigaci\u00f3n\u201d,<\/em> se\u00f1al\u00f3 Marcelo Arancibia<\/p>\n<figure id=\"attachment_1387\" aria-describedby=\"caption-attachment-1387\" style=\"width: 405px\" class=\"wp-caption alignright\"><img loading=\"lazy\" decoding=\"async\" class=\" wp-image-1387\" src=\"https:\/\/www.nortesocial.com.ar\/wp-content\/uploads\/2025\/12\/casa02.jpeg\" alt=\"\" width=\"405\" height=\"200\" srcset=\"https:\/\/www.nortesocial.com.ar\/wp-content\/uploads\/2025\/12\/casa02.jpeg 750w, https:\/\/www.nortesocial.com.ar\/wp-content\/uploads\/2025\/12\/casa02-696x344.jpeg 696w, https:\/\/www.nortesocial.com.ar\/wp-content\/uploads\/2025\/12\/casa02-324x160.jpeg 324w\" sizes=\"auto, (max-width: 405px) 100vw, 405px\" \/><figcaption id=\"caption-attachment-1387\" class=\"wp-caption-text\">CASA DONDE JIMENA FUE ASESINADA<\/figcaption><\/figure>\n<p><strong>SIN DEFENSA<\/strong><\/p>\n<p><em>\u201cLa fiscal\u00eda ubic\u00f3 a Javier Saavedra y a sus hermanos en la escena del crimen; estos ya fueron absueltos, Javier no se pudo defender\u201d <\/em><\/p>\n<p>&nbsp;<\/p>\n<p><strong>CAUSAS ARMADAS<\/strong><\/p>\n<p>De acuerdo al penalista, <em>\u201chubo polic\u00edas en actividad o retirados, que trabajan en el CIF (Cuerpo de Investigaciones Fiscales) que armaron las sospechas. Son conocidos desde los cr\u00edmenes de las francesas, por plantar pruebas, adem\u00e1s de ineficacias e impericias. Se repiten las malas investigaciones\u201d<\/em><\/p>\n<figure id=\"attachment_1388\" aria-describedby=\"caption-attachment-1388\" style=\"width: 366px\" class=\"wp-caption alignright\"><img loading=\"lazy\" decoding=\"async\" class=\" wp-image-1388\" src=\"https:\/\/www.nortesocial.com.ar\/wp-content\/uploads\/2025\/12\/Cajal.jpg\" alt=\"\" width=\"366\" height=\"210\" srcset=\"https:\/\/www.nortesocial.com.ar\/wp-content\/uploads\/2025\/12\/Cajal.jpg 1400w, https:\/\/www.nortesocial.com.ar\/wp-content\/uploads\/2025\/12\/Cajal-768x441.jpg 768w, https:\/\/www.nortesocial.com.ar\/wp-content\/uploads\/2025\/12\/Cajal-696x399.jpg 696w, https:\/\/www.nortesocial.com.ar\/wp-content\/uploads\/2025\/12\/Cajal-1068x613.jpg 1068w, https:\/\/www.nortesocial.com.ar\/wp-content\/uploads\/2025\/12\/Cajal-732x420.jpg 732w\" sizes=\"auto, (max-width: 366px) 100vw, 366px\" \/><figcaption id=\"caption-attachment-1388\" class=\"wp-caption-text\">NICOL\u00c1S CAJAL, VIUDO DE JIMENA<\/figcaption><\/figure>\n<p><strong>POL\u00c9MICA<\/strong><\/p>\n<p>Seg\u00fan el art\u00edculo 59 del C\u00f3digo Penal argentino, la muerte del imputado extingue la acci\u00f3n punitiva. Esto implica que el acusado queda sobrese\u00eddo.<\/p>\n<p>Sin embargo, de acuerdo a jurisprudencia respecto a derecho de la v\u00edctima e investigaci\u00f3n post mortem, caben las siguientes alternativas.<\/p>\n<ul>\n<li>El derecho a la verdad de la v\u00edctima sigue vigente, permitiendo que se esclarezcan los hechos y se identifiquen a otros responsables.<\/li>\n<li>Sentencias declarativas; en algunos casos, se pueden emitir sentencias que declaren la responsabilidad del fallecido.<\/li>\n<li>La declaraci\u00f3n, una vez que la sentencia del tribunal queda firme, es v\u00e1lida para indemnizaci\u00f3n civil.<\/li>\n<\/ul>\n","protected":false},"excerpt":{"rendered":"<p>Tal fue la sentencia del tribunal contra Javier Saavedra, por el femicidio de Jimena Salas. El abogado Marcelo Arancibia asegur\u00f3 que comprobar\u00e1 su inocencia. &nbsp; Jimena fue masacrada con m\u00e1s de 45 cuchilladas el mediod\u00eda del 27 de enero de 2017. Los jueces Jos\u00e9 Luis Riera, M\u00f3nica Faber y Maximiliano Troyano &#8211; el 7 de [&hellip;]<\/p>\n","protected":false},"author":2,"featured_media":1383,"comment_status":"open","ping_status":"closed","sticky":false,"template":"","format":"standard","meta":{"footnotes":""},"categories":[6,2,47],"tags":[29,18,212,211,213,289,17],"class_list":["post-1382","post","type-post","status-publish","format-standard","has-post-thumbnail","hentry","category-cronicas-criminales","category-destacadas","category-salta","tag-cronicas-criminales","tag-dario-illanes","tag-javier-saavedra","tag-jimena-salas","tag-marcelo-arancibia","tag-nicolas-cajal","tag-norte-social"],"_links":{"self":[{"href":"https:\/\/www.nortesocial.com.ar\/index.php?rest_route=\/wp\/v2\/posts\/1382","targetHints":{"allow":["GET"]}}],"collection":[{"href":"https:\/\/www.nortesocial.com.ar\/index.php?rest_route=\/wp\/v2\/posts"}],"about":[{"href":"https:\/\/www.nortesocial.com.ar\/index.php?rest_route=\/wp\/v2\/types\/post"}],"author":[{"embeddable":true,"href":"https:\/\/www.nortesocial.com.ar\/index.php?rest_route=\/wp\/v2\/users\/2"}],"replies":[{"embeddable":true,"href":"https:\/\/www.nortesocial.com.ar\/index.php?rest_route=%2Fwp%2Fv2%2Fcomments&post=1382"}],"version-history":[{"count":2,"href":"https:\/\/www.nortesocial.com.ar\/index.php?rest_route=\/wp\/v2\/posts\/1382\/revisions"}],"predecessor-version":[{"id":1389,"href":"https:\/\/www.nortesocial.com.ar\/index.php?rest_route=\/wp\/v2\/posts\/1382\/revisions\/1389"}],"wp:featuredmedia":[{"embeddable":true,"href":"https:\/\/www.nortesocial.com.ar\/index.php?rest_route=\/wp\/v2\/media\/1383"}],"wp:attachment":[{"href":"https:\/\/www.nortesocial.com.ar\/index.php?rest_route=%2Fwp%2Fv2%2Fmedia&parent=1382"}],"wp:term":[{"taxonomy":"category","embeddable":true,"href":"https:\/\/www.nortesocial.com.ar\/index.php?rest_route=%2Fwp%2Fv2%2Fcategories&post=1382"},{"taxonomy":"post_tag","embeddable":true,"href":"https:\/\/www.nortesocial.com.ar\/index.php?rest_route=%2Fwp%2Fv2%2Ftags&post=1382"}],"curies":[{"name":"wp","href":"https:\/\/api.w.org\/{rel}","templated":true}]}}