{"id":1390,"date":"2025-12-04T14:54:52","date_gmt":"2025-12-04T17:54:52","guid":{"rendered":"https:\/\/www.nortesocial.com.ar\/?p=1390"},"modified":"2025-12-04T14:57:27","modified_gmt":"2025-12-04T17:57:27","slug":"presencia-de-los-vinos-de-altura-de-salta-en-estados-unidos","status":"publish","type":"post","link":"https:\/\/www.nortesocial.com.ar\/?p=1390","title":{"rendered":"PRESENCIA DE LOS VINOS DE ALTURA DE SALTA EN ESTADOS UNIDOS"},"content":{"rendered":"<h3><strong><em>El vino salte\u00f1o se destaca mundialmente por la unidad entre cepas, cultura, naturaleza y gastronom\u00eda. El \u00e9xito radica en los vi\u00f1edos de altura, ubicados entre los 1600 y 3100 metros sobre el nivel del mar.<\/em><\/strong><\/h3>\n<p><strong><em>\u00a0<\/em><\/strong><\/p>\n<p>El gobernador <strong>Gustavo S\u00e1enz<\/strong> se reuni\u00f3 con la gerente de Wines of Argentina para definir estrategias de inversiones internacionales, exportadoras y tur\u00edsticas.<\/p>\n<p>En Chicago, Estados Unidos, el mandatario salte\u00f1o mantuvo un encuentro de trabajo con <strong>Ver\u00f3nica Kathuria<\/strong>. El objetivo central fue consolidar una estrategia conjunta de promoci\u00f3n para continuar posicionando a los vinos salte\u00f1os en los mercados internacionales.<\/p>\n<figure id=\"attachment_1393\" aria-describedby=\"caption-attachment-1393\" style=\"width: 509px\" class=\"wp-caption alignright\"><img loading=\"lazy\" decoding=\"async\" class=\" wp-image-1393\" src=\"https:\/\/www.nortesocial.com.ar\/wp-content\/uploads\/2025\/12\/Vinos06.png\" alt=\"\" width=\"509\" height=\"237\" srcset=\"https:\/\/www.nortesocial.com.ar\/wp-content\/uploads\/2025\/12\/Vinos06.png 1066w, https:\/\/www.nortesocial.com.ar\/wp-content\/uploads\/2025\/12\/Vinos06-768x358.png 768w, https:\/\/www.nortesocial.com.ar\/wp-content\/uploads\/2025\/12\/Vinos06-696x324.png 696w, https:\/\/www.nortesocial.com.ar\/wp-content\/uploads\/2025\/12\/Vinos06-901x420.png 901w\" sizes=\"auto, (max-width: 509px) 100vw, 509px\" \/><figcaption id=\"caption-attachment-1393\" class=\"wp-caption-text\">GUSTAVO S\u00c1ENZ Y VER\u00d3NICA KATHURIA<\/figcaption><\/figure>\n<p><a href=\"https:\/\/www.salta.gob.ar\/prensa\/noticias\/saenz-fortalece-en-estados-unidos-la-proyeccion-internacional-de-los-vinos-de-altura-de-salta-105294\">https:\/\/www.salta.gob.ar\/prensa\/noticias\/saenz-fortalece-en-estados-unidos-la-proyeccion-internacional-de-los-vinos-de-altura-de-salta-105294<\/a><\/p>\n<p>Salta es reconocida como una de las regiones vitivin\u00edcolas m\u00e1s singulares de Argentina, gracias a sus Valles Calchaqu\u00edes, donde m\u00e1s de 3.500 hect\u00e1reas de vi\u00f1edos se extienden entre los <strong>1600 y 3100 metros<i> <\/i><\/strong>sobre el nivel del mar. Estas condiciones geogr\u00e1ficas excepcionales permiten la elaboraci\u00f3n de vinos con una identidad y personalidad inconfundibles.<\/p>\n<p>La cepa emblem\u00e1tica de Salta, el <strong>Torront\u00e9s de Altura<\/strong>, fue uno de los focos de la reuni\u00f3n. Se trata de la \u00fanica variedad aut\u00f3ctona argentina, y sus vinos \u2014frescos, frutados y muy arom\u00e1ticos\u2014 son un producto diferencial clave en la promoci\u00f3n tur\u00edstica provincial.<\/p>\n<p><img loading=\"lazy\" decoding=\"async\" class=\"alignright wp-image-1394\" src=\"https:\/\/www.nortesocial.com.ar\/wp-content\/uploads\/2025\/12\/Vinos03.jpg\" alt=\"\" width=\"440\" height=\"300\" srcset=\"https:\/\/www.nortesocial.com.ar\/wp-content\/uploads\/2025\/12\/Vinos03.jpg 1400w, https:\/\/www.nortesocial.com.ar\/wp-content\/uploads\/2025\/12\/Vinos03-768x524.jpg 768w, https:\/\/www.nortesocial.com.ar\/wp-content\/uploads\/2025\/12\/Vinos03-218x150.jpg 218w, https:\/\/www.nortesocial.com.ar\/wp-content\/uploads\/2025\/12\/Vinos03-696x475.jpg 696w, https:\/\/www.nortesocial.com.ar\/wp-content\/uploads\/2025\/12\/Vinos03-1068x729.jpg 1068w, https:\/\/www.nortesocial.com.ar\/wp-content\/uploads\/2025\/12\/Vinos03-616x420.jpg 616w\" sizes=\"auto, (max-width: 440px) 100vw, 440px\" \/>Este posicionamiento se refuerza a trav\u00e9s de la Ruta del Vino, que incluye m\u00e1s de 40 establecimientos industriales registrados y m\u00e1s de 30 bodegas abiertas al p\u00fablico con propuestas tur\u00edsticas diversas, desde degustaciones tradicionales hasta experiencias innovadoras como cabalgatas, observaci\u00f3n astron\u00f3mica con vino y la Semana del Torront\u00e9s de Altura. La identidad gastron\u00f3mica salte\u00f1a, con sus empanadas, tamales y quesillos, potencia la experiencia.<\/p>\n<p>&nbsp;<\/p>\n<p><strong>El mejor<\/strong><\/p>\n<p>Entre la cata de m\u00e1s de 1700 vinos. En junio de 2025, el vino Colom\u00e9 Altura M\u00e1xima Malbec 2022 obtuvo la Medalla de Excelencia y fue elegido como <strong>el mejor vino tinto argentino<\/strong> del a\u00f1o por el reconocido cr\u00edtico brit\u00e1nico Tim Atkin MW, recibiendo 99 puntos en la edici\u00f3n 2025 de su Special Report Argentina.<\/p>\n<p><img loading=\"lazy\" decoding=\"async\" class=\"alignright wp-image-1395\" src=\"https:\/\/www.nortesocial.com.ar\/wp-content\/uploads\/2025\/12\/vino07.jpg\" alt=\"\" width=\"439\" height=\"291\" srcset=\"https:\/\/www.nortesocial.com.ar\/wp-content\/uploads\/2025\/12\/vino07.jpg 828w, https:\/\/www.nortesocial.com.ar\/wp-content\/uploads\/2025\/12\/vino07-768x508.jpg 768w, https:\/\/www.nortesocial.com.ar\/wp-content\/uploads\/2025\/12\/vino07-696x461.jpg 696w, https:\/\/www.nortesocial.com.ar\/wp-content\/uploads\/2025\/12\/vino07-635x420.jpg 635w\" sizes=\"auto, (max-width: 439px) 100vw, 439px\" \/><\/p>\n<p>Encanto en la copa. Color violeta profundo, en nariz es intenso y complejo, aromas maduros y equilibrados de moras, ciruelas negras, tomillo y jarilla. En boca seduce su precisi\u00f3n fresca, con taninos firmes pero sedosos, recia textura y un final largo y mineral que refleja su origen de altura extrema.<\/p>\n<p>Saborear el Colom\u00e9 Altura M\u00e1xima Malbec 2022 acerca a una experiencia m\u00edstica. Proviene del vi\u00f1edo Altura M\u00e1xima, ubicado a 3.111 metros sobre el nivel del mar, en Payogasta, Salta.<\/p>\n<p>&nbsp;<\/p>\n<p><strong>L\u00cdDER<\/strong><\/p>\n<p>El encuentro en Chicago resalt\u00f3 el potencial econ\u00f3mico de Salta, que, junto a La Rioja, lidera las exportaciones de vino en el Noroeste argentino.<\/p>\n<p><img loading=\"lazy\" decoding=\"async\" class=\" wp-image-1396 alignleft\" src=\"https:\/\/www.nortesocial.com.ar\/wp-content\/uploads\/2025\/12\/Vinos04.jpg\" alt=\"\" width=\"495\" height=\"279\" \/><\/p>\n<p><strong>CALIDAD PREMIUM<\/strong><\/p>\n<p>Datos del 2023 confirman la calidad premium de la producci\u00f3n salte\u00f1a: Salta se ubica en primer lugar en el valor de sus vinos, siendo la que m\u00e1s divisas ingresa por exportaciones en la regi\u00f3n. El precio medio obtenido por la provincia fue de 4,61 U$S\/litro, muy superior al promedio regional, lo que demuestra la alta competitividad del producto.<\/p>\n<p>&nbsp;<\/p>\n<p><strong>CALCHAQU\u00cdES<\/strong><\/p>\n<p>El \u00e1rea central de producci\u00f3n de vinos de Salta se encuentra en los soleados Valles Calchaqu\u00edes, donde el clima seco y templado crea las condiciones ideales para el cultivo de la vid.<\/p>\n","protected":false},"excerpt":{"rendered":"<p>El vino salte\u00f1o se destaca mundialmente por la unidad entre cepas, cultura, naturaleza y gastronom\u00eda. El \u00e9xito radica en los vi\u00f1edos de altura, ubicados entre los 1600 y 3100 metros sobre el nivel del mar. \u00a0 El gobernador Gustavo S\u00e1enz se reuni\u00f3 con la gerente de Wines of Argentina para definir estrategias de inversiones internacionales, [&hellip;]<\/p>\n","protected":false},"author":2,"featured_media":1391,"comment_status":"open","ping_status":"closed","sticky":false,"template":"","format":"standard","meta":{"footnotes":""},"categories":[48,2,10,47,12],"tags":[18,257,17,32,23,290,69],"class_list":["post-1390","post","type-post","status-publish","format-standard","has-post-thumbnail","hentry","category-argentina","category-destacadas","category-sabores-y-lugares","category-salta","category-sociedad-politica-economia","tag-dario-illanes","tag-estados-unidos","tag-norte-social","tag-saenz","tag-salta","tag-valles","tag-vino"],"_links":{"self":[{"href":"https:\/\/www.nortesocial.com.ar\/index.php?rest_route=\/wp\/v2\/posts\/1390","targetHints":{"allow":["GET"]}}],"collection":[{"href":"https:\/\/www.nortesocial.com.ar\/index.php?rest_route=\/wp\/v2\/posts"}],"about":[{"href":"https:\/\/www.nortesocial.com.ar\/index.php?rest_route=\/wp\/v2\/types\/post"}],"author":[{"embeddable":true,"href":"https:\/\/www.nortesocial.com.ar\/index.php?rest_route=\/wp\/v2\/users\/2"}],"replies":[{"embeddable":true,"href":"https:\/\/www.nortesocial.com.ar\/index.php?rest_route=%2Fwp%2Fv2%2Fcomments&post=1390"}],"version-history":[{"count":4,"href":"https:\/\/www.nortesocial.com.ar\/index.php?rest_route=\/wp\/v2\/posts\/1390\/revisions"}],"predecessor-version":[{"id":1399,"href":"https:\/\/www.nortesocial.com.ar\/index.php?rest_route=\/wp\/v2\/posts\/1390\/revisions\/1399"}],"wp:featuredmedia":[{"embeddable":true,"href":"https:\/\/www.nortesocial.com.ar\/index.php?rest_route=\/wp\/v2\/media\/1391"}],"wp:attachment":[{"href":"https:\/\/www.nortesocial.com.ar\/index.php?rest_route=%2Fwp%2Fv2%2Fmedia&parent=1390"}],"wp:term":[{"taxonomy":"category","embeddable":true,"href":"https:\/\/www.nortesocial.com.ar\/index.php?rest_route=%2Fwp%2Fv2%2Fcategories&post=1390"},{"taxonomy":"post_tag","embeddable":true,"href":"https:\/\/www.nortesocial.com.ar\/index.php?rest_route=%2Fwp%2Fv2%2Ftags&post=1390"}],"curies":[{"name":"wp","href":"https:\/\/api.w.org\/{rel}","templated":true}]}}