{"id":1400,"date":"2025-12-07T05:01:18","date_gmt":"2025-12-07T08:01:18","guid":{"rendered":"https:\/\/www.nortesocial.com.ar\/?p=1400"},"modified":"2025-12-07T05:01:18","modified_gmt":"2025-12-07T08:01:18","slug":"yo-le-cuido-el-auto-don","status":"publish","type":"post","link":"https:\/\/www.nortesocial.com.ar\/?p=1400","title":{"rendered":"\u201cYO LE CUIDO EL AUTO, DON\u201d"},"content":{"rendered":"<h3><strong><em>Para algunos, extorsi\u00f3n callejera. Para otros, la cara de la pobreza y marginalidad. Cr\u00edticas por la inacci\u00f3n policial y proyecto de mano dura. Ausencia de contenci\u00f3n social y regulaci\u00f3n en la calle.<\/em><\/strong><\/h3>\n<p><strong>\u00a0<\/strong><\/p>\n<p>El viernes a la medianoche Mart\u00edn estacion\u00f3 \u2013 en zona libre -su autom\u00f3vil alrededor del Paseo de los Poetas. Cerr\u00f3 los vidrios, activ\u00f3 la alarma y descendi\u00f3 junto a su esposa y una pareja amiga. Se acerc\u00f3 un joven y le dijo <em>\u201cyo le cuido el auto don\u201d<\/em><\/p>\n<p>El hombre mir\u00f3 a su alrededor, sin advertir la <strong>presencia de enfrentamientos armados, granizo, incendio, banda de zombis, o demonios al estilo <\/strong><strong>Stranger Things<\/strong><em>. \u201c\u00bfCuidar de qu\u00e9 o de qui\u00e9n?\u201d<\/em><em>,<\/em> le pregunt\u00f3. Su compa\u00f1era asinti\u00f3 al \u201ctrapito\u201d y tom\u00f3 del brazo a Mart\u00edn, llev\u00e1ndolo rumbo al local elegido.<\/p>\n<p>Dos horas despu\u00e9s de una divertida noche entre amigos, regresaron hasta el veh\u00edculo. De reojo, Mart\u00edn avist\u00f3 llegar corriendo al supuesto cuidador. Comprob\u00f3 nuevamente la ausencia de peligros urbanos, clim\u00e1ticos o sobrenaturales. R\u00e1pidamente calcul\u00f3 que el estacionamiento medido por hora es de $ 600, por lo que sac\u00f3 un billete de mil pesos y se lo extendi\u00f3.<\/p>\n<ul>\n<li>\u00bfQu\u00e9 te pasa? \u00a1Pagame y no hag\u00e1s que me enoje! \u2013 exclam\u00f3 el chango, agresivamente.<\/li>\n<li>\u00bfY cuanto quer\u00e9s?<\/li>\n<li>Tres lucas, r\u00e1pido<\/li>\n<\/ul>\n<p>Distante a m\u00e1s de media cuadra, dos policias de paseo. Pens\u00f3 que un gancho al ment\u00f3n bastar\u00eda para derribar al delgado extorsionador y culminar el ins\u00f3lito conflicto. Pero ser\u00eda una escena deplorable frente a su esposa y amigos. Le entreg\u00f3 el dinero exigido.<\/p>\n<p>&nbsp;<\/p>\n<p><strong>Arrestos<\/strong><\/p>\n<p>Quienes concurren a lugares de esparcimiento, e incluso adyacencias de salas de velorios, ya saben que, al costo de comidas, bebidas, espect\u00e1culos, o congoja deben sumar el \u201ccuidado\u201d del auto.<\/p>\n<p>Quienes discuten o rechazan la exigencia, sufren insultos, rayones, abolladuras y robos.<\/p>\n<p>En junio de este a\u00f1o la Polic\u00eda de Salta anunci\u00f3 el lanzamiento del operativo &#8220;Trapitos&#8221;. Con la promesa oficial de erradicar a quienes cobrasen por estacionar en la v\u00eda p\u00fablica. Sin resultados elogiables.<\/p>\n<p><img loading=\"lazy\" decoding=\"async\" class=\"wp-image-1405 alignleft\" src=\"https:\/\/www.nortesocial.com.ar\/wp-content\/uploads\/2025\/12\/Durand01-1.png\" alt=\"\" width=\"398\" height=\"399\" srcset=\"https:\/\/www.nortesocial.com.ar\/wp-content\/uploads\/2025\/12\/Durand01-1.png 766w, https:\/\/www.nortesocial.com.ar\/wp-content\/uploads\/2025\/12\/Durand01-1-696x697.png 696w, https:\/\/www.nortesocial.com.ar\/wp-content\/uploads\/2025\/12\/Durand01-1-419x420.png 419w\" sizes=\"auto, (max-width: 398px) 100vw, 398px\" \/>Por su parte, el intendente de Salta capital, <strong>Emiliano Durand,<\/strong> propuso modificar el art\u00edculo 77 del C\u00f3digo Contravencional, con arrestos para los \u201ctrapitos\u201d. El proyecto municipal, acompa\u00f1ado por el Senado, estipula elevar a <strong>40 d\u00edas de prisi\u00f3n para los considerados extorsionadores callejeros.<\/strong><\/p>\n<p><em>\u201cTodas noches tenemos problemas, y si les decimos algo somos atacados o atacan a los clientes. Son una banda de delincuentes que nos afectan mucho. Por esto cay\u00f3 la llegada de salte\u00f1os y turistas; y los que vienen son atacados por esta mala gente. La Polic\u00eda, por ah\u00ed, caminando, no les importa\u201d<\/em>, sostuvo un empresario gastron\u00f3mico.<\/p>\n<p><strong>\u00a0<\/strong><\/p>\n<p><strong>DUROS CON LOS POBRES<\/strong><\/p>\n<p>En la sesi\u00f3n del Senado de Salta, el 20 de noviembre, el senador <strong>Walter Wayar<\/strong> fustig\u00f3 el proyecto punitivo del intendente Emiliano Durand<em>. \u201c\u00a1Qu\u00e9 gran gesti\u00f3n! Sancionar con m\u00e1s dureza y arresto a los trapitos\u201d<\/em><\/p>\n<figure id=\"attachment_1408\" aria-describedby=\"caption-attachment-1408\" style=\"width: 270px\" class=\"wp-caption alignright\"><img loading=\"lazy\" decoding=\"async\" class=\"size-full wp-image-1408\" src=\"https:\/\/www.nortesocial.com.ar\/wp-content\/uploads\/2025\/12\/Durand02-wayar.jpg\" alt=\"\" width=\"270\" height=\"183\" \/><figcaption id=\"caption-attachment-1408\" class=\"wp-caption-text\">WALTER WAYAR<\/figcaption><\/figure>\n<p>Wayar describi\u00f3 la <strong>pobreza, marginalidad y desocupaci\u00f3n creciente<\/strong>. Asegurando que, en vez de contener, el poder pol\u00edtico ejerce la violencia contra los d\u00e9biles<em>.\u201d Si, \u00a1duros con los pobres!\u201d,<\/em> ironiz\u00f3 vehemente el legislador de Cachi.<\/p>\n<p><strong>\u00a0<\/strong><\/p>\n<p><strong>C\u00c1RCEL<\/strong><\/p>\n<p>El 3 de diciembre, el secretario de Seguridad Nicol\u00e1s Avellaneda se reuni\u00f3 con senadores para informar acerca del proyecto de Durand.<\/p>\n<p>El proyecto municipal contempla arresto efectivo cuando los \u201ctrapitos\u201d est\u00e9n en eventos masivos; la v\u00edctima sea una mujer o se identifique la presencia de jefes o promotores que organicen las extorsiones callejeras.<\/p>\n","protected":false},"excerpt":{"rendered":"<p>Para algunos, extorsi\u00f3n callejera. Para otros, la cara de la pobreza y marginalidad. Cr\u00edticas por la inacci\u00f3n policial y proyecto de mano dura. Ausencia de contenci\u00f3n social y regulaci\u00f3n en la calle. \u00a0 El viernes a la medianoche Mart\u00edn estacion\u00f3 \u2013 en zona libre -su autom\u00f3vil alrededor del Paseo de los Poetas. Cerr\u00f3 los vidrios, [&hellip;]<\/p>\n","protected":false},"author":2,"featured_media":1401,"comment_status":"open","ping_status":"closed","sticky":false,"template":"","format":"standard","meta":{"footnotes":""},"categories":[6,2,47,12],"tags":[29,292,17,23,291,293],"class_list":["post-1400","post","type-post","status-publish","format-standard","has-post-thumbnail","hentry","category-cronicas-criminales","category-destacadas","category-salta","category-sociedad-politica-economia","tag-cronicas-criminales","tag-durand","tag-norte-social","tag-salta","tag-trapitos","tag-wayar"],"_links":{"self":[{"href":"https:\/\/www.nortesocial.com.ar\/index.php?rest_route=\/wp\/v2\/posts\/1400","targetHints":{"allow":["GET"]}}],"collection":[{"href":"https:\/\/www.nortesocial.com.ar\/index.php?rest_route=\/wp\/v2\/posts"}],"about":[{"href":"https:\/\/www.nortesocial.com.ar\/index.php?rest_route=\/wp\/v2\/types\/post"}],"author":[{"embeddable":true,"href":"https:\/\/www.nortesocial.com.ar\/index.php?rest_route=\/wp\/v2\/users\/2"}],"replies":[{"embeddable":true,"href":"https:\/\/www.nortesocial.com.ar\/index.php?rest_route=%2Fwp%2Fv2%2Fcomments&post=1400"}],"version-history":[{"count":2,"href":"https:\/\/www.nortesocial.com.ar\/index.php?rest_route=\/wp\/v2\/posts\/1400\/revisions"}],"predecessor-version":[{"id":1409,"href":"https:\/\/www.nortesocial.com.ar\/index.php?rest_route=\/wp\/v2\/posts\/1400\/revisions\/1409"}],"wp:featuredmedia":[{"embeddable":true,"href":"https:\/\/www.nortesocial.com.ar\/index.php?rest_route=\/wp\/v2\/media\/1401"}],"wp:attachment":[{"href":"https:\/\/www.nortesocial.com.ar\/index.php?rest_route=%2Fwp%2Fv2%2Fmedia&parent=1400"}],"wp:term":[{"taxonomy":"category","embeddable":true,"href":"https:\/\/www.nortesocial.com.ar\/index.php?rest_route=%2Fwp%2Fv2%2Fcategories&post=1400"},{"taxonomy":"post_tag","embeddable":true,"href":"https:\/\/www.nortesocial.com.ar\/index.php?rest_route=%2Fwp%2Fv2%2Ftags&post=1400"}],"curies":[{"name":"wp","href":"https:\/\/api.w.org\/{rel}","templated":true}]}}