{"id":1411,"date":"2025-12-08T22:33:17","date_gmt":"2025-12-09T01:33:17","guid":{"rendered":"https:\/\/www.nortesocial.com.ar\/?p=1411"},"modified":"2025-12-08T22:33:17","modified_gmt":"2025-12-09T01:33:17","slug":"vacaciones-en-salta-con-descuentos","status":"publish","type":"post","link":"https:\/\/www.nortesocial.com.ar\/?p=1411","title":{"rendered":"VACACIONES EN SALTA CON DESCUENTOS"},"content":{"rendered":"<h3><strong><em>Salta ofrece para la temporada de verano 76 promociones exclusivas para viajar y disfrutar. Descuentos 2&#215;1; propuestas especiales en alojamientos, gastronom\u00eda, excursiones y actividades culturales.<\/em><\/strong><\/h3>\n<p>&nbsp;<\/p>\n<p>Asimismo, por primera vez, una aerol\u00ednea nacional se suma al programa.<strong> FlyBondi<\/strong> acompa\u00f1a con beneficios in\u00e9ditos. Marcando un hito dentro de las estrategias de promoci\u00f3n tur\u00edstica de Salta.<\/p>\n<p><strong>C\u00f3digo ReSalta<\/strong> se presenta nuevamente como una campa\u00f1a de beneficios impulsada por la <strong>C\u00e1mara de Turismo de Salta,<\/strong> con el acompa\u00f1amiento del <strong>Ministerio de Turismo y Deportes<\/strong>. La iniciativa ofrece <strong>descuentos desde el 20%<\/strong> y propuestas con valor agregado en los principales destinos de la provincia.<\/p>\n<p>Para acceder, los visitantes deben activar el c\u00f3digo y realizar reservas directas con los prestadores adheridos. (<a href=\"https:\/\/www.codigosalta.ar\/\">https:\/\/www.codigosalta.ar\/<\/a>)<\/p>\n<p><img loading=\"lazy\" decoding=\"async\" class=\"alignright  wp-image-1418\" src=\"https:\/\/www.nortesocial.com.ar\/wp-content\/uploads\/2025\/12\/Tilian01.jpg\" alt=\"\" width=\"468\" height=\"624\" srcset=\"https:\/\/www.nortesocial.com.ar\/wp-content\/uploads\/2025\/12\/Tilian01.jpg 1100w, https:\/\/www.nortesocial.com.ar\/wp-content\/uploads\/2025\/12\/Tilian01-768x1024.jpg 768w, https:\/\/www.nortesocial.com.ar\/wp-content\/uploads\/2025\/12\/Tilian01-696x928.jpg 696w, https:\/\/www.nortesocial.com.ar\/wp-content\/uploads\/2025\/12\/Tilian01-1068x1424.jpg 1068w, https:\/\/www.nortesocial.com.ar\/wp-content\/uploads\/2025\/12\/Tilian01-315x420.jpg 315w\" sizes=\"auto, (max-width: 468px) 100vw, 468px\" \/>La ministra de Turismo y Deportes, <strong>Manuela Arancibia<\/strong>, destac\u00f3 que <em>\u201cC\u00f3digo ReSalta es una herramienta efectiva para sostener el movimiento tur\u00edstico en temporada, fortaleciendo la actividad de nuestros prestadores y brindando a los viajeros la posibilidad de disfrutar de Salta con descuentos reales y experiencias de calidad\u201d.<\/em><\/p>\n<p>Por su parte, el presidente de la C\u00e1mara de Turismo de Salta, <strong>Facundo Assaf<\/strong>, celebr\u00f3 el crecimiento del programa y sostuvo que <em>\u201cC\u00f3digo ReSalta refleja el trabajo conjunto que venimos llevando adelante entre el sector p\u00fablico y privado. La adhesi\u00f3n de m\u00e1s de 70 prestadores demuestra el compromiso del sector para sostener la competitividad, promover el consumo formal y dinamizar la econom\u00eda tur\u00edstica en toda la provincia\u201d.<\/em><\/p>\n<p><a href=\"https:\/\/www.salta.gob.ar\/prensa\/noticias\/codigo-resalta-mas-de-70-beneficios-y-la-incorporacion-de-una-aerolinea-por-primera-vez-para-potenciar-los-viajes-a-salta-105172\">https:\/\/www.salta.gob.ar\/prensa\/noticias\/codigo-resalta-mas-de-70-beneficios-y-la-incorporacion-de-una-aerolinea-por-primera-vez-para-potenciar-los-viajes-a-salta-105172<\/a><\/p>\n<p><img loading=\"lazy\" decoding=\"async\" class=\"alignright  wp-image-1415\" src=\"https:\/\/www.nortesocial.com.ar\/wp-content\/uploads\/2025\/12\/Codigo-resalta-ciudad.jpg\" alt=\"\" width=\"543\" height=\"306\" srcset=\"https:\/\/www.nortesocial.com.ar\/wp-content\/uploads\/2025\/12\/Codigo-resalta-ciudad.jpg 1280w, https:\/\/www.nortesocial.com.ar\/wp-content\/uploads\/2025\/12\/Codigo-resalta-ciudad-768x432.jpg 768w, https:\/\/www.nortesocial.com.ar\/wp-content\/uploads\/2025\/12\/Codigo-resalta-ciudad-696x392.jpg 696w, https:\/\/www.nortesocial.com.ar\/wp-content\/uploads\/2025\/12\/Codigo-resalta-ciudad-1068x601.jpg 1068w, https:\/\/www.nortesocial.com.ar\/wp-content\/uploads\/2025\/12\/Codigo-resalta-ciudad-747x420.jpg 747w\" sizes=\"auto, (max-width: 543px) 100vw, 543px\" \/><\/p>\n<p><strong>Aerol\u00ednea<\/strong><\/p>\n<p>Por primera vez, una aerol\u00ednea forma parte del programa provincial de beneficios tur\u00edsticos. FlyBondi se incorpora con descuentos especiales en pasajes a\u00e9reos, ampliando las oportunidades de conectividad <strong>hacia y desde Salta<\/strong> durante el per\u00edodo de vigencia de la campa\u00f1a.<\/p>\n<p><img loading=\"lazy\" decoding=\"async\" class=\" wp-image-1414 alignleft\" src=\"https:\/\/www.nortesocial.com.ar\/wp-content\/uploads\/2025\/12\/Codigo-resalta-avion.png\" alt=\"\" width=\"386\" height=\"216\" \/>Con este acuerdo, FlyBondi se convierte en un aliado estrat\u00e9gico para potenciar el movimiento tur\u00edstico en temporada media, complementando los beneficios ofrecidos por los prestadores locales y fortaleciendo la competitividad del destino Salta a nivel nacional.<\/p>\n<ul>\n<li>Para acceder a los beneficios, los viajeros deben seguir estos pasos:<\/li>\n<li>Activar el bot\u00f3n \u201cC\u00f3digo Promocional\u201d en el buscador de vuelos.<\/li>\n<li>Ingresar el c\u00f3digo correspondiente a la promoci\u00f3n.<\/li>\n<li>Seleccionar las fechas de viaje habilitadas.<\/li>\n<li>Confirmar la b\u00fasqueda, tras lo cual el descuento se aplica autom\u00e1ticamente sobre la tarifa final (sin incluir impuestos ni tasas).<\/li>\n<\/ul>\n<p>&nbsp;<\/p>\n<p><strong>76 OFERTAS<\/strong><\/p>\n<p><strong>C\u00f3digo ReSalta<\/strong> est\u00e1 disponible en <a href=\"https:\/\/www.codigosalta.ar\/\">https:\/\/www.codigosalta.ar\/<\/a> , donde los usuarios pueden consultar el <strong>listado completo de prestadores<\/strong> y activar el c\u00f3digo antes de realizar sus reservas.<\/p>\n<p>&nbsp;<\/p>\n","protected":false},"excerpt":{"rendered":"<p>Salta ofrece para la temporada de verano 76 promociones exclusivas para viajar y disfrutar. Descuentos 2&#215;1; propuestas especiales en alojamientos, gastronom\u00eda, excursiones y actividades culturales. &nbsp; Asimismo, por primera vez, una aerol\u00ednea nacional se suma al programa. FlyBondi acompa\u00f1a con beneficios in\u00e9ditos. Marcando un hito dentro de las estrategias de promoci\u00f3n tur\u00edstica de Salta. C\u00f3digo [&hellip;]<\/p>\n","protected":false},"author":2,"featured_media":1412,"comment_status":"open","ping_status":"closed","sticky":false,"template":"","format":"standard","meta":{"footnotes":""},"categories":[48,2,10,47],"tags":[294,18,17,23,60],"class_list":["post-1411","post","type-post","status-publish","format-standard","has-post-thumbnail","hentry","category-argentina","category-destacadas","category-sabores-y-lugares","category-salta","tag-codigoresalta","tag-dario-illanes","tag-norte-social","tag-salta","tag-turismo"],"_links":{"self":[{"href":"https:\/\/www.nortesocial.com.ar\/index.php?rest_route=\/wp\/v2\/posts\/1411","targetHints":{"allow":["GET"]}}],"collection":[{"href":"https:\/\/www.nortesocial.com.ar\/index.php?rest_route=\/wp\/v2\/posts"}],"about":[{"href":"https:\/\/www.nortesocial.com.ar\/index.php?rest_route=\/wp\/v2\/types\/post"}],"author":[{"embeddable":true,"href":"https:\/\/www.nortesocial.com.ar\/index.php?rest_route=\/wp\/v2\/users\/2"}],"replies":[{"embeddable":true,"href":"https:\/\/www.nortesocial.com.ar\/index.php?rest_route=%2Fwp%2Fv2%2Fcomments&post=1411"}],"version-history":[{"count":6,"href":"https:\/\/www.nortesocial.com.ar\/index.php?rest_route=\/wp\/v2\/posts\/1411\/revisions"}],"predecessor-version":[{"id":1422,"href":"https:\/\/www.nortesocial.com.ar\/index.php?rest_route=\/wp\/v2\/posts\/1411\/revisions\/1422"}],"wp:featuredmedia":[{"embeddable":true,"href":"https:\/\/www.nortesocial.com.ar\/index.php?rest_route=\/wp\/v2\/media\/1412"}],"wp:attachment":[{"href":"https:\/\/www.nortesocial.com.ar\/index.php?rest_route=%2Fwp%2Fv2%2Fmedia&parent=1411"}],"wp:term":[{"taxonomy":"category","embeddable":true,"href":"https:\/\/www.nortesocial.com.ar\/index.php?rest_route=%2Fwp%2Fv2%2Fcategories&post=1411"},{"taxonomy":"post_tag","embeddable":true,"href":"https:\/\/www.nortesocial.com.ar\/index.php?rest_route=%2Fwp%2Fv2%2Ftags&post=1411"}],"curies":[{"name":"wp","href":"https:\/\/api.w.org\/{rel}","templated":true}]}}