{"id":1423,"date":"2025-12-11T06:34:33","date_gmt":"2025-12-11T09:34:33","guid":{"rendered":"https:\/\/www.nortesocial.com.ar\/?p=1423"},"modified":"2025-12-11T06:34:33","modified_gmt":"2025-12-11T09:34:33","slug":"salta-entre-las-10-mejores-ciudades-para-vivir","status":"publish","type":"post","link":"https:\/\/www.nortesocial.com.ar\/?p=1423","title":{"rendered":"SALTA, ENTRE LAS 10 MEJORES CIUDADES PARA VIVIR"},"content":{"rendered":"<h3><strong><em>Paisaje, convivencia, clima, cultura, precios, infraestructura son \u2013 para la mayor\u00eda de las personas \u2013 los aspectos que destacan para vivir en una ciudad. <\/em><\/strong><\/h3>\n<p>&nbsp;<\/p>\n<p>Estas subjetividades se parecen en gran medida a los criterios cient\u00edficos del <strong>\u00cdndice de Gesti\u00f3n Estrat\u00e9gica de Ciudades <\/strong>(IGEC), elaborado por la Facultad de Ciencias Econ\u00f3micas de la Universidad de Buenos Aires (UBA)<\/p>\n<p>Las dimensiones del estudio son:<\/p>\n<ul>\n<li><strong>Pol\u00edtica e instituciones<\/strong><\/li>\n<li><strong>Desarrollo econ\u00f3mico<\/strong><\/li>\n<li><strong>Sociedad<\/strong><\/li>\n<li><strong>Medio ambiente<\/strong><\/li>\n<li><strong>Tecnolog\u00eda e infraestructura<\/strong><\/li>\n<\/ul>\n<p><strong>Salta se ubica entre las diez mejores ciudades para vivir,<\/strong> seg\u00fan el IGEC. Espec\u00edficamente, en el octavo lugar.<\/p>\n<p>La Ciudad Aut\u00f3noma de Buenos Aires encabez\u00f3 el \u00cdndice 2025 con un puntaje de 3,85 (sobre 5), consolidando su liderazgo. <strong>La ciudad de Salta, 2,85.<\/strong><\/p>\n<figure id=\"attachment_1428\" aria-describedby=\"caption-attachment-1428\" style=\"width: 518px\" class=\"wp-caption alignright\"><img loading=\"lazy\" decoding=\"async\" class=\" wp-image-1428\" src=\"https:\/\/www.nortesocial.com.ar\/wp-content\/uploads\/2025\/12\/ciudades03.jpg\" alt=\"\" width=\"518\" height=\"345\" srcset=\"https:\/\/www.nortesocial.com.ar\/wp-content\/uploads\/2025\/12\/ciudades03.jpg 900w, https:\/\/www.nortesocial.com.ar\/wp-content\/uploads\/2025\/12\/ciudades03-768x512.jpg 768w, https:\/\/www.nortesocial.com.ar\/wp-content\/uploads\/2025\/12\/ciudades03-696x464.jpg 696w, https:\/\/www.nortesocial.com.ar\/wp-content\/uploads\/2025\/12\/ciudades03-630x420.jpg 630w\" sizes=\"auto, (max-width: 518px) 100vw, 518px\" \/><figcaption id=\"caption-attachment-1428\" class=\"wp-caption-text\">PALERMO, CIUDAD DE BUENOS AIRES<\/figcaption><\/figure>\n<p><strong>Ranking<\/strong><\/p>\n<p>De acuerdo con la Facultad de Ciencias Econ\u00f3micas de la UBA, la Ciudad Aut\u00f3noma de Buenos Aires obtuvo un puntaje de 3,65 en una escala de 0 a 5, consolid\u00e1ndose en el primer lugar.<\/p>\n<p>Mendoza alcanz\u00f3 3,34, seguida por C\u00f3rdoba con 3,25, San Miguel de Tucum\u00e1n con 3,17 y Rosario con 3,16. El ranking contin\u00faa con San Juan y Santa Fe, ambas con 2,98; Salta, 2,85; Mar del Plata, 2,74; y Resistencia, que cierra la lista con 2,54.<\/p>\n<p>Ocho de las diez ciudades evaluadas son capitales provinciales, mientras que Rosario y Mar del Plata son las \u00fanicas excepciones.<\/p>\n<figure id=\"attachment_1429\" aria-describedby=\"caption-attachment-1429\" style=\"width: 506px\" class=\"wp-caption alignright\"><img loading=\"lazy\" decoding=\"async\" class=\" wp-image-1429\" src=\"https:\/\/www.nortesocial.com.ar\/wp-content\/uploads\/2025\/12\/ciudades04-Mendoza.jpg\" alt=\"\" width=\"506\" height=\"348\" srcset=\"https:\/\/www.nortesocial.com.ar\/wp-content\/uploads\/2025\/12\/ciudades04-Mendoza.jpg 1100w, https:\/\/www.nortesocial.com.ar\/wp-content\/uploads\/2025\/12\/ciudades04-Mendoza-768x529.jpg 768w, https:\/\/www.nortesocial.com.ar\/wp-content\/uploads\/2025\/12\/ciudades04-Mendoza-218x150.jpg 218w, https:\/\/www.nortesocial.com.ar\/wp-content\/uploads\/2025\/12\/ciudades04-Mendoza-696x479.jpg 696w, https:\/\/www.nortesocial.com.ar\/wp-content\/uploads\/2025\/12\/ciudades04-Mendoza-1068x735.jpg 1068w, https:\/\/www.nortesocial.com.ar\/wp-content\/uploads\/2025\/12\/ciudades04-Mendoza-610x420.jpg 610w, https:\/\/www.nortesocial.com.ar\/wp-content\/uploads\/2025\/12\/ciudades04-Mendoza-100x70.jpg 100w\" sizes=\"auto, (max-width: 506px) 100vw, 506px\" \/><figcaption id=\"caption-attachment-1429\" class=\"wp-caption-text\">CIUDAD DE MENDOZA<\/figcaption><\/figure>\n<p><strong>Diagn\u00f3stico<\/strong><\/p>\n<p><strong>Omar Quiroga<\/strong>, responsable del Centro de Ciudades Inteligentes de la UBA, explic\u00f3 que el prop\u00f3sito del IGEC es \u201c<em>establecer un diagn\u00f3stico cuantitativo y cualitativo de cada ciudad, con el objetivo de comprender sus fortalezas y debilidades para orientar la elaboraci\u00f3n o revisi\u00f3n de pol\u00edticas p\u00fablicas que favorezcan el desarrollo arm\u00f3nico y sostenible\u201d<\/em><\/p>\n<p>La metodolog\u00eda utilizada por el Centro de Ciudades Inteligentes, dependiente de la Facultad de Ciencias Econ\u00f3micas de la UBA, se basa en el an\u00e1lisis de cinco dimensiones: pol\u00edtica e institucional, desarrollo econ\u00f3mico, sociedad, medio ambiente y tecnolog\u00eda e infraestructura.<\/p>\n<figure id=\"attachment_1430\" aria-describedby=\"caption-attachment-1430\" style=\"width: 480px\" class=\"wp-caption alignleft\"><img loading=\"lazy\" decoding=\"async\" class=\" wp-image-1430\" src=\"https:\/\/www.nortesocial.com.ar\/wp-content\/uploads\/2025\/12\/ciudades07-Salta.jpg\" alt=\"\" width=\"480\" height=\"483\" srcset=\"https:\/\/www.nortesocial.com.ar\/wp-content\/uploads\/2025\/12\/ciudades07-Salta.jpg 875w, https:\/\/www.nortesocial.com.ar\/wp-content\/uploads\/2025\/12\/ciudades07-Salta-768x773.jpg 768w, https:\/\/www.nortesocial.com.ar\/wp-content\/uploads\/2025\/12\/ciudades07-Salta-696x701.jpg 696w, https:\/\/www.nortesocial.com.ar\/wp-content\/uploads\/2025\/12\/ciudades07-Salta-417x420.jpg 417w\" sizes=\"auto, (max-width: 480px) 100vw, 480px\" \/><figcaption id=\"caption-attachment-1430\" class=\"wp-caption-text\">CIUDAD DE SALTA<\/figcaption><\/figure>\n<p>Estas dimensiones se desglosan en 31 variables representativas de los principales focos prioritarios de desarrollo urbano, que a su vez se subdividen en 159 indicadores.<\/p>\n<p>Este enfoque permite realizar un diagn\u00f3stico cuantitativo y cualitativo de cada ciudad, identificando fortalezas y debilidades para orientar pol\u00edticas p\u00fablicas y estrategias de desarrollo sostenible.<\/p>\n<p><strong>Mejor en todo<\/strong><\/p>\n<p>La Ciudad Aut\u00f3noma de Buenos Aires mantuvo la mayor puntuaci\u00f3n general y en cada una de las dimensiones evaluadas, con valores estables en relaci\u00f3n al a\u00f1o anterior. Mendoza, C\u00f3rdoba y Rosario tambi\u00e9n conservaron sus posiciones, con ligeros aumentos en sus puntajes.<\/p>\n<p>El an\u00e1lisis resalta el crecimiento de San Miguel de Tucum\u00e1n, que mostr\u00f3 una mejora significativa en su desarrollo estrat\u00e9gico, impulsada principalmente por avances en la dimensi\u00f3n pol\u00edtico-institucional.<\/p>\n<p>Salta tambi\u00e9n registr\u00f3 una mejora importante en su desempe\u00f1o, mientras que Mar del Plata y Resistencia lograron incrementos leves en sus valoraciones. Por el contrario, San Juan y Santa Fe presentaron disminuciones menores en sus puntajes.<\/p>\n<p><img loading=\"lazy\" decoding=\"async\" class=\"alignright  wp-image-1426\" src=\"https:\/\/www.nortesocial.com.ar\/wp-content\/uploads\/2025\/12\/ciudades02.png\" alt=\"\" width=\"597\" height=\"325\" srcset=\"https:\/\/www.nortesocial.com.ar\/wp-content\/uploads\/2025\/12\/ciudades02.png 992w, https:\/\/www.nortesocial.com.ar\/wp-content\/uploads\/2025\/12\/ciudades02-768x418.png 768w, https:\/\/www.nortesocial.com.ar\/wp-content\/uploads\/2025\/12\/ciudades02-696x379.png 696w, https:\/\/www.nortesocial.com.ar\/wp-content\/uploads\/2025\/12\/ciudades02-772x420.png 772w\" sizes=\"auto, (max-width: 597px) 100vw, 597px\" \/><\/p>\n<p><strong>MEJORAS PENDIENTES<\/strong><\/p>\n<p>Seg\u00fan el estudio acad\u00e9mico, Salta se encuentra en octavo lugar debido a carencias en: <strong>desarrollo econ\u00f3mico; sociedad; medio ambiente; tecnolog\u00eda e infraestructura.<\/strong><\/p>\n<p>&nbsp;<\/p>\n<p><strong>TUCUM\u00c1N<\/strong><\/p>\n<p>San Miguel de Tucum\u00e1n mostr\u00f3 una mejora destacada impulsada por avances pol\u00edtico-institucionales que fortalecieron su desarrollo estrat\u00e9gico.<\/p>\n<p><img loading=\"lazy\" decoding=\"async\" class=\"alignright  wp-image-1427\" src=\"https:\/\/www.nortesocial.com.ar\/wp-content\/uploads\/2025\/12\/ciudades05-Salta.jpg\" alt=\"\" width=\"494\" height=\"427\" srcset=\"https:\/\/www.nortesocial.com.ar\/wp-content\/uploads\/2025\/12\/ciudades05-Salta.jpg 920w, https:\/\/www.nortesocial.com.ar\/wp-content\/uploads\/2025\/12\/ciudades05-Salta-768x664.jpg 768w, https:\/\/www.nortesocial.com.ar\/wp-content\/uploads\/2025\/12\/ciudades05-Salta-696x601.jpg 696w, https:\/\/www.nortesocial.com.ar\/wp-content\/uploads\/2025\/12\/ciudades05-Salta-486x420.jpg 486w, https:\/\/www.nortesocial.com.ar\/wp-content\/uploads\/2025\/12\/ciudades05-Salta-534x462.jpg 534w\" sizes=\"auto, (max-width: 494px) 100vw, 494px\" \/><\/p>\n<p><strong>IDENTIDAD<\/strong><\/p>\n<p><em>\u201cSi comprendemos el c\u00f3digo de identidad de la ciudad, podremos aplicar una agenda urbana personalizada que atienda a sus necesidades. Las ciudades tienen problem\u00e1ticas en com\u00fan, pero cada una posee caracter\u00edsticas distintivas que nos permiten comprender por qu\u00e9 los mismos tratamientos no sirven para todas\u201d,<\/em> sostuvo Quiroga.<\/p>\n","protected":false},"excerpt":{"rendered":"<p>Paisaje, convivencia, clima, cultura, precios, infraestructura son \u2013 para la mayor\u00eda de las personas \u2013 los aspectos que destacan para vivir en una ciudad. &nbsp; Estas subjetividades se parecen en gran medida a los criterios cient\u00edficos del \u00cdndice de Gesti\u00f3n Estrat\u00e9gica de Ciudades (IGEC), elaborado por la Facultad de Ciencias Econ\u00f3micas de la Universidad de [&hellip;]<\/p>\n","protected":false},"author":2,"featured_media":1424,"comment_status":"open","ping_status":"closed","sticky":false,"template":"","format":"standard","meta":{"footnotes":""},"categories":[48,2,10,47,12],"tags":[93,295,17,23,296],"class_list":["post-1423","post","type-post","status-publish","format-standard","has-post-thumbnail","hentry","category-argentina","category-destacadas","category-sabores-y-lugares","category-salta","category-sociedad-politica-economia","tag-dario-llanes","tag-lugar-para-vivir","tag-norte-social","tag-salta","tag-uba"],"_links":{"self":[{"href":"https:\/\/www.nortesocial.com.ar\/index.php?rest_route=\/wp\/v2\/posts\/1423","targetHints":{"allow":["GET"]}}],"collection":[{"href":"https:\/\/www.nortesocial.com.ar\/index.php?rest_route=\/wp\/v2\/posts"}],"about":[{"href":"https:\/\/www.nortesocial.com.ar\/index.php?rest_route=\/wp\/v2\/types\/post"}],"author":[{"embeddable":true,"href":"https:\/\/www.nortesocial.com.ar\/index.php?rest_route=\/wp\/v2\/users\/2"}],"replies":[{"embeddable":true,"href":"https:\/\/www.nortesocial.com.ar\/index.php?rest_route=%2Fwp%2Fv2%2Fcomments&post=1423"}],"version-history":[{"count":2,"href":"https:\/\/www.nortesocial.com.ar\/index.php?rest_route=\/wp\/v2\/posts\/1423\/revisions"}],"predecessor-version":[{"id":1431,"href":"https:\/\/www.nortesocial.com.ar\/index.php?rest_route=\/wp\/v2\/posts\/1423\/revisions\/1431"}],"wp:featuredmedia":[{"embeddable":true,"href":"https:\/\/www.nortesocial.com.ar\/index.php?rest_route=\/wp\/v2\/media\/1424"}],"wp:attachment":[{"href":"https:\/\/www.nortesocial.com.ar\/index.php?rest_route=%2Fwp%2Fv2%2Fmedia&parent=1423"}],"wp:term":[{"taxonomy":"category","embeddable":true,"href":"https:\/\/www.nortesocial.com.ar\/index.php?rest_route=%2Fwp%2Fv2%2Fcategories&post=1423"},{"taxonomy":"post_tag","embeddable":true,"href":"https:\/\/www.nortesocial.com.ar\/index.php?rest_route=%2Fwp%2Fv2%2Ftags&post=1423"}],"curies":[{"name":"wp","href":"https:\/\/api.w.org\/{rel}","templated":true}]}}