{"id":1571,"date":"2026-01-12T19:58:57","date_gmt":"2026-01-12T22:58:57","guid":{"rendered":"https:\/\/www.nortesocial.com.ar\/?p=1571"},"modified":"2026-01-12T19:58:57","modified_gmt":"2026-01-12T22:58:57","slug":"desarrollo-infantil-y-acceso-al-agua","status":"publish","type":"post","link":"https:\/\/www.nortesocial.com.ar\/?p=1571","title":{"rendered":"DESARROLLO INFANTIL Y ACCESO AL AGUA"},"content":{"rendered":"<h3><strong><em>&#8220;Esta experiencia se est\u00e1 haciendo integralmente, combinando desarrollo, agua y nutrici\u00f3n&#8221;, enfatiz\u00f3 el especialista de UNICEF Argentina, Javier Quesada. En Salta.<\/em><\/strong><\/h3>\n<p>&nbsp;<\/p>\n<p>El ministro de Salud P\u00fablica de Salta, <strong>Federico Mangione<\/strong>, encabez\u00f3 el 12 de enero una reuni\u00f3n de trabajo estrat\u00e9gica con el especialista en Desarrollo Infantil Temprano y Salud de UNICEF Argentina, Javier Quesada, y la subsecretaria de Medicina Social, <strong>Gabriela Dorigato<\/strong>, para definir las nuevas l\u00edneas de acci\u00f3n que se desplegar\u00e1n en el norte provincial. El encuentro sirvi\u00f3 para coordinar la log\u00edstica de un abordaje que combina tres ejes fundamentales: el <strong>fortalecimiento del Desarrollo Infantil Temprano (DIT), la garant\u00eda de acceso al agua segura y la ampliaci\u00f3n de la cobertura de suplementos alimentarios.<\/strong><\/p>\n<p><img loading=\"lazy\" decoding=\"async\" class=\" wp-image-1574 alignleft\" src=\"https:\/\/www.nortesocial.com.ar\/wp-content\/uploads\/2026\/01\/Mangione-unicef01.png\" alt=\"\" width=\"480\" height=\"233\" srcset=\"https:\/\/www.nortesocial.com.ar\/wp-content\/uploads\/2026\/01\/Mangione-unicef01.png 971w, https:\/\/www.nortesocial.com.ar\/wp-content\/uploads\/2026\/01\/Mangione-unicef01-768x373.png 768w, https:\/\/www.nortesocial.com.ar\/wp-content\/uploads\/2026\/01\/Mangione-unicef01-696x338.png 696w, https:\/\/www.nortesocial.com.ar\/wp-content\/uploads\/2026\/01\/Mangione-unicef01-866x420.png 866w\" sizes=\"auto, (max-width: 480px) 100vw, 480px\" \/>Se destac\u00f3 la singularidad del modelo de gesti\u00f3n salte\u00f1o. En este sentido, Quesada resalt\u00f3 contundentemente el compromiso del Gobierno: <em>&#8220;Esta experiencia se est\u00e1 haciendo integralmente, combinando desarrollo, agua y nutrici\u00f3n&#8221;.<\/em> Esta afirmaci\u00f3n subraya la decisi\u00f3n pol\u00edtica de mantener una presencia constante en territorio, supervisando registros y aplicando protocolos estrictos para apoyar la estrategia sanitaria.<\/p>\n<p>Las autoridades definieron la hoja de ruta para el recorrido que inicia el 13 de enero por \u00e1reas operativas clave del norte provincial. La log\u00edstica se centrar\u00e1 en tres ejes: la <strong>prevenci\u00f3n de la desnutrici\u00f3n cr\u00f3nica, el acceso al agua segura y el fortalecimiento de la crianza a trav\u00e9s de herramientas l\u00fadicas.<\/strong><\/p>\n<p><iframe loading=\"lazy\" title=\"Junto a UNICEF, la Provincia potencia el desarrollo infantil y el acceso al agua\" width=\"696\" height=\"392\" src=\"https:\/\/www.youtube.com\/embed\/4_PygtPWI9s?feature=oembed\" frameborder=\"0\" allow=\"accelerometer; autoplay; clipboard-write; encrypted-media; gyroscope; picture-in-picture; web-share\" referrerpolicy=\"strict-origin-when-cross-origin\" allowfullscreen><\/iframe><\/p>\n<p><strong>Derechos<\/strong><\/p>\n<p>La subsecretaria Gabriela Dorigato detall\u00f3 la metodolog\u00eda que se est\u00e1 implementando de cara a la \u00e9poca de mayores temperaturas: <em>&#8220;Todas las acciones que venimos realizando en el norte en funci\u00f3n del periodo estival, el agua segura y el d\u00e9ficit nutricional, son intervenciones integrales e integradas. Las llevaremos adelante a trav\u00e9s de una App que estamos dise\u00f1ando y probando en distintas partes de la provincia. Esta herramienta nos permitir\u00e1 tener mayor calidad de datos para potenciar el desarrollo y los derechos de los ni\u00f1os y ni\u00f1as de la provincia&#8221;.<\/em><\/p>\n<p>La estrategia de prevenci\u00f3n de la desnutrici\u00f3n cr\u00f3nica, dise\u00f1ada por la <strong>Direcci\u00f3n Provincial de Nutrici\u00f3n<\/strong>, muestra resultados prometedores que motivan su ampliaci\u00f3n. Seg\u00fan los informes t\u00e9cnicos presentados, la implementaci\u00f3n del suplemento nutricional en ocho \u00e1reas operativas clave \u2014incluyendo <strong>Alto de la Sierra, Santa Victoria Este, Tartagal, Mosconi, Embarcaci\u00f3n, Morillo, Rivadavia Banda Sur <\/strong>y<strong> La Uni\u00f3n<\/strong>\u2014 ha tenido una aceptaci\u00f3n muy positiva.<\/p>\n<p><img loading=\"lazy\" decoding=\"async\" class=\"alignright  wp-image-1575\" src=\"https:\/\/www.nortesocial.com.ar\/wp-content\/uploads\/2026\/01\/Mangione-unicef02.png\" alt=\"\" width=\"445\" height=\"320\" srcset=\"https:\/\/www.nortesocial.com.ar\/wp-content\/uploads\/2026\/01\/Mangione-unicef02.png 715w, https:\/\/www.nortesocial.com.ar\/wp-content\/uploads\/2026\/01\/Mangione-unicef02-696x500.png 696w, https:\/\/www.nortesocial.com.ar\/wp-content\/uploads\/2026\/01\/Mangione-unicef02-584x420.png 584w\" sizes=\"auto, (max-width: 445px) 100vw, 445px\" \/><\/p>\n<p><strong>Acompa\u00f1amiento<\/strong><\/p>\n<p>El ministro Federico Mangione se\u00f1al\u00f3: <em>&#8220;No estamos solamente entregando un insumo; estamos monitoreando la evoluci\u00f3n real de cada ni\u00f1o. Los datos nos respaldan: de la muestra de pacientes bajo tratamiento, hemos observado una evoluci\u00f3n favorable en la talla en un 70,7% de los casos. Esto nos impulsa a duplicar el esfuerzo, pasando de los mil tratamientos iniciales a un objetivo de 2.000 ni\u00f1os bajo cobertura estricta, por lo cual agradecemos y resaltamos el trabajo coordinado y de acompa\u00f1amiento constante de UNICEF&#8221;.<\/em><\/p>\n<p>El plan operativo inmediato contempla un recorrido de monitoreo de cuatro d\u00edas por el norte de la provincia. Los equipos de salud no solo llevar\u00e1n los suplementos junto a UNICEF, sino que ejecutar\u00e1n una intervenci\u00f3n ambiental y educativa.<\/p>\n<p><img loading=\"lazy\" decoding=\"async\" class=\" wp-image-1576 alignleft\" src=\"https:\/\/www.nortesocial.com.ar\/wp-content\/uploads\/2026\/01\/Mangione03.png\" alt=\"\" width=\"345\" height=\"281\" \/><\/p>\n<p><strong>AGUA SEGURA<\/strong><\/p>\n<p><strong>Se distribuir\u00e1n 4.500 dispensers hogare\u00f1os y bidones<\/strong> para asegurar que las familias de los ni\u00f1os bajo tratamiento consuman agua segura. Paralelamente, se pondr\u00e1 en marcha un entrenamiento exhaustivo para agentes sanitarios enfocado en el Desarrollo Infantil Temprano, entreg\u00e1ndose 40 mochilas con herramientas l\u00fadicas para prevenir rezagos en la crianza.<\/p>\n<p><strong>ACUERDO<\/strong><\/p>\n<p>Participaron del encuentro la directora de Atenci\u00f3n Primaria de la Salud de Salt, Adriana Magdaleno y la experta en Perinatolog\u00eda y Desarrollo Infantil de Unicef, Flavia Raineri.<\/p>\n<p>&nbsp;<\/p>\n<p>&nbsp;<\/p>\n<p>&nbsp;<\/p>\n","protected":false},"excerpt":{"rendered":"<p>&#8220;Esta experiencia se est\u00e1 haciendo integralmente, combinando desarrollo, agua y nutrici\u00f3n&#8221;, enfatiz\u00f3 el especialista de UNICEF Argentina, Javier Quesada. En Salta. &nbsp; El ministro de Salud P\u00fablica de Salta, Federico Mangione, encabez\u00f3 el 12 de enero una reuni\u00f3n de trabajo estrat\u00e9gica con el especialista en Desarrollo Infantil Temprano y Salud de UNICEF Argentina, Javier Quesada, [&hellip;]<\/p>\n","protected":false},"author":2,"featured_media":1572,"comment_status":"open","ping_status":"closed","sticky":false,"template":"","format":"standard","meta":{"footnotes":""},"categories":[48,2,15,47,12],"tags":[329,18,328,124,17,23],"class_list":["post-1571","post","type-post","status-publish","format-standard","has-post-thumbnail","hentry","category-argentina","category-destacadas","category-educacion-salud-y-ciencia","category-salta","category-sociedad-politica-economia","tag-agua","tag-dario-illanes","tag-desnutricion","tag-ninos","tag-norte-social","tag-salta"],"_links":{"self":[{"href":"https:\/\/www.nortesocial.com.ar\/index.php?rest_route=\/wp\/v2\/posts\/1571","targetHints":{"allow":["GET"]}}],"collection":[{"href":"https:\/\/www.nortesocial.com.ar\/index.php?rest_route=\/wp\/v2\/posts"}],"about":[{"href":"https:\/\/www.nortesocial.com.ar\/index.php?rest_route=\/wp\/v2\/types\/post"}],"author":[{"embeddable":true,"href":"https:\/\/www.nortesocial.com.ar\/index.php?rest_route=\/wp\/v2\/users\/2"}],"replies":[{"embeddable":true,"href":"https:\/\/www.nortesocial.com.ar\/index.php?rest_route=%2Fwp%2Fv2%2Fcomments&post=1571"}],"version-history":[{"count":4,"href":"https:\/\/www.nortesocial.com.ar\/index.php?rest_route=\/wp\/v2\/posts\/1571\/revisions"}],"predecessor-version":[{"id":1579,"href":"https:\/\/www.nortesocial.com.ar\/index.php?rest_route=\/wp\/v2\/posts\/1571\/revisions\/1579"}],"wp:featuredmedia":[{"embeddable":true,"href":"https:\/\/www.nortesocial.com.ar\/index.php?rest_route=\/wp\/v2\/media\/1572"}],"wp:attachment":[{"href":"https:\/\/www.nortesocial.com.ar\/index.php?rest_route=%2Fwp%2Fv2%2Fmedia&parent=1571"}],"wp:term":[{"taxonomy":"category","embeddable":true,"href":"https:\/\/www.nortesocial.com.ar\/index.php?rest_route=%2Fwp%2Fv2%2Fcategories&post=1571"},{"taxonomy":"post_tag","embeddable":true,"href":"https:\/\/www.nortesocial.com.ar\/index.php?rest_route=%2Fwp%2Fv2%2Ftags&post=1571"}],"curies":[{"name":"wp","href":"https:\/\/api.w.org\/{rel}","templated":true}]}}