{"id":1581,"date":"2026-01-15T05:30:48","date_gmt":"2026-01-15T08:30:48","guid":{"rendered":"https:\/\/www.nortesocial.com.ar\/?p=1581"},"modified":"2026-02-08T03:37:28","modified_gmt":"2026-02-08T06:37:28","slug":"si-la-violencia-es-la-norma-las-consecuencias-son-muertes","status":"publish","type":"post","link":"https:\/\/www.nortesocial.com.ar\/?p=1581","title":{"rendered":"SI LA VIOLENCIA ES LA NORMA, LAS CONSECUENCIAS SON MUERTES"},"content":{"rendered":"<h3><strong><em>Cinco homicidios en los primeros siete d\u00edas de 2026, en Salta. Las guardias de los hospitales pobladas de acuchillados, malheridos en peleas, adem\u00e1s de cotidianos motociclistas autores de siniestros.<\/em><\/strong><\/h3>\n<p><strong>\u00a0<\/strong><\/p>\n<p>Peleas hogare\u00f1as, entre vecinos, patotas, compa\u00f1eros de tragos. Injusticias, broncas, frustraciones, borracheras, odios, venganzas. Llegando a la aniquilaci\u00f3n mortal del otro.<\/p>\n<p>Resultar\u00eda f\u00e1cil culpar al Estado ante la inseguridad y la violencia cotidiana. Empero, m\u00e1s all\u00e1 de deficiencias p\u00fablicas, pareciera quim\u00e9rico poner dos polic\u00edas por cada cuadra en las ciudades y pueblos salte\u00f1os.<\/p>\n<p>La Organizaci\u00f3n de las Naciones Unidas (ONU) sugiere un est\u00e1ndar m\u00ednimo de <strong>tres efectivos cada mil habitantes<\/strong>. Estimando la poblaci\u00f3n del \u00e1rea metropolitana de Salta en 750 mil habitantes, se necesitar\u00edan 22.500 polic\u00edas. Y m\u00e1s de 45 mil para toda la provincia.<\/p>\n<p>La fuerza provincial contar\u00eda, trabajando, alrededor de 9 mil efectivos en total.<\/p>\n<p>Nueva York cuenta con una proporci\u00f3n de 5,3\/1000. La CABA, 8,1. Las Polic\u00edas de ambas ciudades disponen de altos presupuestos, buenos sueldos, aceitadas infraestructuras y log\u00edsticas, c\u00e1maras de seguridad en todos los rincones, impecables 911. Patrullajes de convivencia, preventivos y de inteligencia criminal.<\/p>\n<p><img loading=\"lazy\" decoding=\"async\" class=\"alignright size-full wp-image-1583\" src=\"https:\/\/www.nortesocial.com.ar\/wp-content\/uploads\/2026\/01\/borrachera02.png\" alt=\"\" width=\"291\" height=\"293\" \/><\/p>\n<p><strong>La paz es fruto de la justicia <\/strong><\/p>\n<p>Oficialmente, seg\u00fan estad\u00edsticas criminales de la Naci\u00f3n, en 2024 Salta ocup\u00f3 el segundo lugar en homicidios. Detr\u00e1s de Santa Fe. El a\u00f1o pasado (sin datos oficiales) los delitos extremos habr\u00edan descendido el 20 por ciento. Pero aumentaron los delitos contra la propiedad, como las lesiones dolosas.<\/p>\n<p>\u201cLa paz es fruto de la justicia\u201d, enfatizaron el <strong>Papa Francisco<\/strong> y sus predecesores. El concepto es com\u00fan para jud\u00edos y cristianos. Tambi\u00e9n forma corpus doctrinario del pensamiento humanista en general, sea budista, agn\u00f3stico o ateo.<\/p>\n<p>La coincidencia \u2013 plasmada en constituciones y derechos &#8211; fue que la paz y la seguridad significaban la construcci\u00f3n personal, social, cultural y de Estado. Desde justicia y administraci\u00f3n pol\u00edtica cre\u00edbles; justicia social; di\u00e1logo y respeto por la dignidad humana; ejercidas con perspectivas compasivas y solidarias.<\/p>\n<p>De lo contrario, la ciudadan\u00eda carece de valorables ejemplos. Desde el poder, violando la convivencia.<\/p>\n<p><img loading=\"lazy\" decoding=\"async\" class=\"size-full wp-image-1584 alignleft\" src=\"https:\/\/www.nortesocial.com.ar\/wp-content\/uploads\/2026\/01\/borrachera01.png\" alt=\"\" width=\"300\" height=\"168\" \/><\/p>\n<p><strong>\u201cMI PROPIA MORALIDAD\u201d<\/strong><\/p>\n<p>Ilustraremos con un poderoso mundial. En una extensa entrevista con The New York Times, el presidente de EEUU Donald Trump expuso sin rodeos su concepci\u00f3n del poder global. Consultado sobre los l\u00edmites de su autoridad como comandante en jefe, respondi\u00f3: \u201cS\u00ed, hay una cosa. Mi propia moralidad. Mi propia mente. Es lo \u00fanico que puede detenerme\u201d. Acto seguido, descart\u00f3 cualquier restricci\u00f3n externa: \u201cNo necesito el derecho internacional\u201d (<a href=\"https:\/\/www.nytimes.com\/es\/2026\/01\/08\/espanol\/estados-unidos\/trump-vision-poder-limites.html\">https:\/\/www.nytimes.com\/es\/2026\/01\/08\/espanol\/estados-unidos\/trump-vision-poder-limites.html<\/a> )<\/p>\n<p>&nbsp;<\/p>\n<p><strong>SABIDUR\u00cdA<\/strong><\/p>\n<p><em>&#8220;El fruto de la justicia ser\u00e1 la paz, y el producto de la equidad, seguridad permanente\u201d.<\/em><\/p>\n<p><strong>Isa\u00edas 32,17<\/strong><\/p>\n<p>&nbsp;<\/p>\n<p><strong> <img loading=\"lazy\" decoding=\"async\" class=\"alignright  wp-image-1585\" src=\"https:\/\/www.nortesocial.com.ar\/wp-content\/uploads\/2026\/01\/borrachera04.png\" alt=\"\" width=\"319\" height=\"212\" \/><\/strong><\/p>\n<p><strong>R\u00c1PIDOS Y RUIDOSOS<\/strong><\/p>\n<p><em>\u201cLa estupidez anda en moto\u201d,<\/em> coment\u00f3 una joven vecina. Su sentencia fue luego de sufrir ambos el estruendo del escape libre de una motocicleta 110 cc, con forzados cambios de marcha. El conductor era un cuarent\u00f3n.<\/p>\n<p>S\u00f3lo el primer fin de semana de enero, en el Hospital San Bernardo fueron asistidas 36 personas a causa de siniestros viales. Las v\u00edctimas se trataron de 27 motociclistas, 5 ciclistas, 3 automovilistas, 1 peat\u00f3n.<\/p>\n<p>El 75 % de los siniestrados conduc\u00edan motos.<\/p>\n<p>&nbsp;<\/p>\n<p>&nbsp;<\/p>\n<p>&nbsp;<\/p>\n","protected":false},"excerpt":{"rendered":"<p>Cinco homicidios en los primeros siete d\u00edas de 2026, en Salta. Las guardias de los hospitales pobladas de acuchillados, malheridos en peleas, adem\u00e1s de cotidianos motociclistas autores de siniestros. \u00a0 Peleas hogare\u00f1as, entre vecinos, patotas, compa\u00f1eros de tragos. Injusticias, broncas, frustraciones, borracheras, odios, venganzas. Llegando a la aniquilaci\u00f3n mortal del otro. Resultar\u00eda f\u00e1cil culpar al [&hellip;]<\/p>\n","protected":false},"author":2,"featured_media":1582,"comment_status":"open","ping_status":"closed","sticky":false,"template":"","format":"standard","meta":{"footnotes":""},"categories":[6,2,47,12],"tags":[18,330,17,23,142],"class_list":["post-1581","post","type-post","status-publish","format-standard","has-post-thumbnail","hentry","category-cronicas-criminales","category-destacadas","category-salta","category-sociedad-politica-economia","tag-dario-illanes","tag-muerte","tag-norte-social","tag-salta","tag-violencia"],"_links":{"self":[{"href":"https:\/\/www.nortesocial.com.ar\/index.php?rest_route=\/wp\/v2\/posts\/1581","targetHints":{"allow":["GET"]}}],"collection":[{"href":"https:\/\/www.nortesocial.com.ar\/index.php?rest_route=\/wp\/v2\/posts"}],"about":[{"href":"https:\/\/www.nortesocial.com.ar\/index.php?rest_route=\/wp\/v2\/types\/post"}],"author":[{"embeddable":true,"href":"https:\/\/www.nortesocial.com.ar\/index.php?rest_route=\/wp\/v2\/users\/2"}],"replies":[{"embeddable":true,"href":"https:\/\/www.nortesocial.com.ar\/index.php?rest_route=%2Fwp%2Fv2%2Fcomments&post=1581"}],"version-history":[{"count":2,"href":"https:\/\/www.nortesocial.com.ar\/index.php?rest_route=\/wp\/v2\/posts\/1581\/revisions"}],"predecessor-version":[{"id":1587,"href":"https:\/\/www.nortesocial.com.ar\/index.php?rest_route=\/wp\/v2\/posts\/1581\/revisions\/1587"}],"wp:featuredmedia":[{"embeddable":true,"href":"https:\/\/www.nortesocial.com.ar\/index.php?rest_route=\/wp\/v2\/media\/1582"}],"wp:attachment":[{"href":"https:\/\/www.nortesocial.com.ar\/index.php?rest_route=%2Fwp%2Fv2%2Fmedia&parent=1581"}],"wp:term":[{"taxonomy":"category","embeddable":true,"href":"https:\/\/www.nortesocial.com.ar\/index.php?rest_route=%2Fwp%2Fv2%2Fcategories&post=1581"},{"taxonomy":"post_tag","embeddable":true,"href":"https:\/\/www.nortesocial.com.ar\/index.php?rest_route=%2Fwp%2Fv2%2Ftags&post=1581"}],"curies":[{"name":"wp","href":"https:\/\/api.w.org\/{rel}","templated":true}]}}