{"id":1588,"date":"2026-01-15T07:38:57","date_gmt":"2026-01-15T10:38:57","guid":{"rendered":"https:\/\/www.nortesocial.com.ar\/?p=1588"},"modified":"2026-01-15T07:38:57","modified_gmt":"2026-01-15T10:38:57","slug":"nunca-se-deja-a-un-caido","status":"publish","type":"post","link":"https:\/\/www.nortesocial.com.ar\/?p=1588","title":{"rendered":"NUNCA SE DEJA A UN CA\u00cdDO"},"content":{"rendered":"<h3><strong><em>El exhausto cabo Roberto Baruzzo se qued\u00f3 protegiendo al agonizante teniente Jorge Echevarr\u00eda. Rodeado de siete ingleses, con su fusil Fal sin municiones, empu\u00f1\u00f3 el pu\u00f1al.<\/em><\/strong><\/h3>\n<p>&nbsp;<\/p>\n<p>El ca\u00f1\u00f3n del arma enemiga golpe\u00f3 su diestra y cay\u00f3 el cuchillo. El oficial ingl\u00e9s le dijo<em>\u201d argentine, the war is over\u201d.<\/em> (\u201cArgentino, la guerra termin\u00f3\u201d) Y lo abraz\u00f3, en reconocimiento por su valor. Los restantes soldados brit\u00e1nicos, admirados, lo palmearon.<\/p>\n<p><em>\u201cPodr\u00edan habernos liquidado a los dos, que est\u00e1bamos solos y malheridos, pero no lo hicieron. Al contrario, nos subieron a un helic\u00f3ptero y nos curaron\u201d,<\/em> cont\u00f3 Baruzzo. Fue durante la guerra en las <strong>Malvinas Argentinas<\/strong>.<\/p>\n<p><img loading=\"lazy\" decoding=\"async\" class=\"alignright  wp-image-1591\" src=\"https:\/\/www.nortesocial.com.ar\/wp-content\/uploads\/2026\/01\/malvinas03.png\" alt=\"\" width=\"317\" height=\"347\" \/>El ingl\u00e9s sostuvo: <em>\u201csomos soldados, no asesinos. El honor militar nos obliga, al enemigo en inferioridad, defendiendo a un camarada, a respetar sus vidas\u201d<\/em><\/p>\n<p>La noble compasi\u00f3n del invasor reconoci\u00f3 el<strong> coraje argentino<\/strong>, con las pelotas firmes ejerciendo la obligaci\u00f3n moral: <strong>nunca se deja atr\u00e1s a un soldado ca\u00eddo.<\/strong><\/p>\n<p>&nbsp;<\/p>\n<p><strong>Juntos<\/strong><\/p>\n<p>Estando en acci\u00f3n, en combate, cuando cae un compa\u00f1ero el c\u00f3digo dicta rescatarlo. <strong>Jam\u00e1s abandonarlo<\/strong>, dejarlo solo El imperativo es inexorable: <em>\u201cllegamos juntos, nos vamos juntos, vivos o muertos&#8221;.<\/em><\/p>\n<p>La obligaci\u00f3n existe desde hace m\u00e1s de 3 mil a\u00f1os. <strong>David<\/strong>, perseguido por el poder, instaur\u00f3 el principio: con los c<strong>ompa\u00f1eros de luchas, penurias y triunfos, se compart\u00eda todo<\/strong> (1 Samuel 30)<\/p>\n<p><strong>Jes\u00fas elev\u00f3 la vara<\/strong>. Los l\u00edderes le criticaban y acusaban de que andaba con lo peor de la sociedad. Los despreciados y ninguneados. Y proclam\u00f3: <em>\u201cLos que est\u00e1n sanos no tienen necesidad de m\u00e9dico, sino los que est\u00e1n sufriendo; no he venido por quienes se creen buenos, sino por los ca\u00eddos\u201d<\/em> (Marcos 2:16)<\/p>\n<p><img loading=\"lazy\" decoding=\"async\" class=\" wp-image-1592 alignleft\" src=\"https:\/\/www.nortesocial.com.ar\/wp-content\/uploads\/2026\/01\/malvinas04.jpg\" alt=\"\" width=\"437\" height=\"353\" srcset=\"https:\/\/www.nortesocial.com.ar\/wp-content\/uploads\/2026\/01\/malvinas04.jpg 537w, https:\/\/www.nortesocial.com.ar\/wp-content\/uploads\/2026\/01\/malvinas04-520x420.jpg 520w\" sizes=\"auto, (max-width: 437px) 100vw, 437px\" \/><\/p>\n<p><strong>Coraje y compasi\u00f3n<\/strong><\/p>\n<p><em>\u201cQue se cague\u201d, \u201cno es mi problema\u201d, \u201clos errores se pagan\u201d,<\/em> aseguran bastantes personas. Como si fueran sensatas filosof\u00edas, incluso invocando la justicia divina o c\u00f3smica. Esperando aplausos.<\/p>\n<p>Sucede desde familias y amistades a organizaciones o instituciones civiles, religiosas, profesionales, gremiales, pol\u00edticas. <strong>Quien err\u00f3 y\/o cay\u00f3, es abandonado<\/strong>. Familiar, amigo, colega, compa\u00f1ero es dejado atr\u00e1s. A veces, hasta rematado.<\/p>\n<p><strong>Coraje, compasi\u00f3n y unidad conforman la identidad de pueblos y naciones poderosas.<\/strong><\/p>\n","protected":false},"excerpt":{"rendered":"<p>El exhausto cabo Roberto Baruzzo se qued\u00f3 protegiendo al agonizante teniente Jorge Echevarr\u00eda. Rodeado de siete ingleses, con su fusil Fal sin municiones, empu\u00f1\u00f3 el pu\u00f1al. &nbsp; El ca\u00f1\u00f3n del arma enemiga golpe\u00f3 su diestra y cay\u00f3 el cuchillo. El oficial ingl\u00e9s le dijo\u201d argentine, the war is over\u201d. (\u201cArgentino, la guerra termin\u00f3\u201d) Y lo [&hellip;]<\/p>\n","protected":false},"author":2,"featured_media":1589,"comment_status":"open","ping_status":"closed","sticky":false,"template":"","format":"standard","meta":{"footnotes":""},"categories":[48,2],"tags":[332,18,37,331,17,333],"class_list":["post-1588","post","type-post","status-publish","format-standard","has-post-thumbnail","hentry","category-argentina","category-destacadas","tag-combate","tag-dario-illanes","tag-jesus","tag-malvinas","tag-norte-social","tag-soldado"],"_links":{"self":[{"href":"https:\/\/www.nortesocial.com.ar\/index.php?rest_route=\/wp\/v2\/posts\/1588","targetHints":{"allow":["GET"]}}],"collection":[{"href":"https:\/\/www.nortesocial.com.ar\/index.php?rest_route=\/wp\/v2\/posts"}],"about":[{"href":"https:\/\/www.nortesocial.com.ar\/index.php?rest_route=\/wp\/v2\/types\/post"}],"author":[{"embeddable":true,"href":"https:\/\/www.nortesocial.com.ar\/index.php?rest_route=\/wp\/v2\/users\/2"}],"replies":[{"embeddable":true,"href":"https:\/\/www.nortesocial.com.ar\/index.php?rest_route=%2Fwp%2Fv2%2Fcomments&post=1588"}],"version-history":[{"count":3,"href":"https:\/\/www.nortesocial.com.ar\/index.php?rest_route=\/wp\/v2\/posts\/1588\/revisions"}],"predecessor-version":[{"id":1594,"href":"https:\/\/www.nortesocial.com.ar\/index.php?rest_route=\/wp\/v2\/posts\/1588\/revisions\/1594"}],"wp:featuredmedia":[{"embeddable":true,"href":"https:\/\/www.nortesocial.com.ar\/index.php?rest_route=\/wp\/v2\/media\/1589"}],"wp:attachment":[{"href":"https:\/\/www.nortesocial.com.ar\/index.php?rest_route=%2Fwp%2Fv2%2Fmedia&parent=1588"}],"wp:term":[{"taxonomy":"category","embeddable":true,"href":"https:\/\/www.nortesocial.com.ar\/index.php?rest_route=%2Fwp%2Fv2%2Fcategories&post=1588"},{"taxonomy":"post_tag","embeddable":true,"href":"https:\/\/www.nortesocial.com.ar\/index.php?rest_route=%2Fwp%2Fv2%2Ftags&post=1588"}],"curies":[{"name":"wp","href":"https:\/\/api.w.org\/{rel}","templated":true}]}}