{"id":1607,"date":"2026-01-19T01:15:48","date_gmt":"2026-01-19T04:15:48","guid":{"rendered":"https:\/\/www.nortesocial.com.ar\/?p=1607"},"modified":"2026-01-19T01:15:48","modified_gmt":"2026-01-19T04:15:48","slug":"algo-muy-malo-le-hicieron-a-mi-papa","status":"publish","type":"post","link":"https:\/\/www.nortesocial.com.ar\/?p=1607","title":{"rendered":"\u201cALGO MUY MALO LE HICIERON A MI PAP\u00c1\u201d"},"content":{"rendered":"<h3><strong><em>Familiares, amigos, excompa\u00f1eros de la Polic\u00eda de Salta volvieron a marchar la semana pasada, reclamando \u201cverdad y justicia\u201d A tres meses de la dudosa muerte del exjefe policial e investigador Vicente Cordeyro.<\/em><\/strong><\/h3>\n<p><strong><img loading=\"lazy\" decoding=\"async\" class=\"alignright  wp-image-1610\" src=\"https:\/\/www.nortesocial.com.ar\/wp-content\/uploads\/2026\/01\/Cordeyro05.jpeg\" alt=\"\" width=\"545\" height=\"662\" srcset=\"https:\/\/www.nortesocial.com.ar\/wp-content\/uploads\/2026\/01\/Cordeyro05.jpeg 622w, https:\/\/www.nortesocial.com.ar\/wp-content\/uploads\/2026\/01\/Cordeyro05-346x420.jpeg 346w\" sizes=\"auto, (max-width: 545px) 100vw, 545px\" \/>\u00a0<\/strong><\/p>\n<ul>\n<li><em>Vos lo sab\u00e9s muy bien: de una u otra manera, conocemos; no nos pueden enga\u00f1ar.<\/em> \u2013 sostuvo el oficial retirado, colega y amigo de Cordeyro.<\/li>\n<\/ul>\n<p>Por convenida prudencia nos encontramos en un alejado lugar p\u00fablico. El, siempre con bajo perfil, supo hacer inteligencia criminal. En su l\u00facida memoria alberga nombres, situaciones, datos. Tanto de jueces, funcionarios, delincuentes.<\/p>\n<ul>\n<li><strong>\u00bfY cu\u00e1l es tu certeza acerca de la muerte de Vicente? <\/strong>\u2013 consultamos.<\/li>\n<li><em>Lo mataron. <\/em><\/li>\n<\/ul>\n<p>Luego de las obligadas semanas de las Fiestas, el jueves 15 de enero las calles circundantes a la Plaza Nueve de Julio tuvieron la presencia de familiares, amigos y excamaradas del exjefe policial Vicente Cordeyro. <em>\u201cVolvemos a marchar para pedir verdad y justicia, porque ninguna familia merece vivir con preguntas sin respuestas<\/em>\u201d, expres\u00f3 su hijo Nicol\u00e1s. Recordando que ya pasaron m\u00e1s de 90 d\u00edas de misterio.<\/p>\n<p>El joven asegur\u00f3: <em>\u201cAlgo muy malo le hicieron a mi pap\u00e1\u201d<\/em><\/p>\n<figure id=\"attachment_1611\" aria-describedby=\"caption-attachment-1611\" style=\"width: 487px\" class=\"wp-caption alignleft\"><img loading=\"lazy\" decoding=\"async\" class=\" wp-image-1611\" src=\"https:\/\/www.nortesocial.com.ar\/wp-content\/uploads\/2026\/01\/Cordeyro06.jpg\" alt=\"\" width=\"487\" height=\"577\" srcset=\"https:\/\/www.nortesocial.com.ar\/wp-content\/uploads\/2026\/01\/Cordeyro06.jpg 696w, https:\/\/www.nortesocial.com.ar\/wp-content\/uploads\/2026\/01\/Cordeyro06-355x420.jpg 355w\" sizes=\"auto, (max-width: 487px) 100vw, 487px\" \/><figcaption id=\"caption-attachment-1611\" class=\"wp-caption-text\">HIJO. NICOL\u00c1S CORDEYRO<\/figcaption><\/figure>\n<p><strong>El misterio<\/strong><\/p>\n<p>Vicente se levant\u00f3 a eso de las 6 del jueves 9 de octubre para prepararle el desayuno a su hijita. Las cotidianidades, consideradas generalmente comunes, de todos los d\u00edas. Sin embargo, cada momento como alientos y latidos, es \u00fanico.<\/p>\n<p><em>\u201cPara mi hermana, todo estaba bien\u201d,<\/em> cont\u00f3 Nicol\u00e1s. Cordeyro estacion\u00f3 en la Mitre, antes de la Belgrano, y fueron caminando hacia el Colegio de Jes\u00fas.<\/p>\n<p>Como siempre, Luciana lo esperar\u00eda a la salida<em>. \u201cElla fue la \u00faltima de nosotros que lo vio\u201d,<\/em> describi\u00f3 el joven.<\/p>\n<p>Tras despedirse con besos, alrededor de las 7.30 comienza el fatal misterio.<\/p>\n<figure id=\"attachment_1612\" aria-describedby=\"caption-attachment-1612\" style=\"width: 310px\" class=\"wp-caption alignright\"><img loading=\"lazy\" decoding=\"async\" class=\"size-full wp-image-1612\" src=\"https:\/\/www.nortesocial.com.ar\/wp-content\/uploads\/2026\/01\/Cordeyro03.png\" alt=\"\" width=\"310\" height=\"228\" srcset=\"https:\/\/www.nortesocial.com.ar\/wp-content\/uploads\/2026\/01\/Cordeyro03.png 310w, https:\/\/www.nortesocial.com.ar\/wp-content\/uploads\/2026\/01\/Cordeyro03-80x60.png 80w\" sizes=\"auto, (max-width: 310px) 100vw, 310px\" \/><figcaption id=\"caption-attachment-1612\" class=\"wp-caption-text\">LA FAMILIA ASEGURA QUE ESTA PERSONA NO ES CORDEYRO<\/figcaption><\/figure>\n<p><strong>Ins\u00f3lito<\/strong><\/p>\n<p>Once d\u00edas despu\u00e9s del hallazgo del cad\u00e1ver de Cordeyro, se emiti\u00f3 el \u00faltimo informe del Ministerio P\u00fablico Fiscal (MPF), del <strong>22 de octubre de 2025<\/strong>. Coincidente con la entrega del cuerpo a sus seres queridos.<\/p>\n<p>El exjefe policial condujo su auto hacia el norte de la ciudad, en donde se encuentra la vivienda familiar. Empero, inexplicablemente, antes de las 8, se detuvo en un supermercado y compr\u00f3 una botella de alcohol.<\/p>\n<p>Habr\u00eda continuado conduciendo, pero en lugar de ingresar al barrio sigui\u00f3 para tomar la ruta provincial 28, hacia San Lorenzo.\u00a0 Y estacionado en la calle G\u00fcemes, cerca de la parroquia San Lorenzo M\u00e1rtir. Desde all\u00ed, supuestamente enfil\u00f3 hacia el oeste, rumbo al cerro Elefante.<\/p>\n<p>Esto de acuerdo a las im\u00e1genes de c\u00e1maras de seguridad domiciliarias, certificadas como evidencias por fiscal\u00eda. <strong><em>\u201cEse no es mi pap\u00e1\u201d,<\/em><\/strong> asegur\u00f3 Nicol\u00e1s.<\/p>\n<p>El cerro en absoluto se trata de un lugar inaccesible y desolado. Por el contrario, con cuatro accesos principales, es popular, visitado constantemente por turistas, deportistas, pobladores. Aquel d\u00eda hubo 30 personas recorri\u00e9ndolo. Incluso hab\u00eda gente cuando comenz\u00f3 un incendio.<\/p>\n<p><img loading=\"lazy\" decoding=\"async\" class=\" wp-image-1613 alignleft\" src=\"https:\/\/www.nortesocial.com.ar\/wp-content\/uploads\/2026\/01\/Cordeyro02.jpg\" alt=\"\" width=\"455\" height=\"256\" srcset=\"https:\/\/www.nortesocial.com.ar\/wp-content\/uploads\/2026\/01\/Cordeyro02.jpg 1068w, https:\/\/www.nortesocial.com.ar\/wp-content\/uploads\/2026\/01\/Cordeyro02-768x432.jpg 768w, https:\/\/www.nortesocial.com.ar\/wp-content\/uploads\/2026\/01\/Cordeyro02-696x392.jpg 696w, https:\/\/www.nortesocial.com.ar\/wp-content\/uploads\/2026\/01\/Cordeyro02-746x420.jpg 746w\" sizes=\"auto, (max-width: 455px) 100vw, 455px\" \/><\/p>\n<p><strong>Familiero<\/strong><\/p>\n<p><em>\u201cPap\u00e1 estaba constantemente con nosotros; su felicidad era la familia, esposa, Luciana, la hija m\u00e1s chica, los hijos m\u00e1s grandes, sus cinco nietos\u201d,<\/em> asegur\u00f3 Nicol\u00e1s.<\/p>\n<p><em>\u201cLos investigadores parecen no tener en cuenta quien era, todo esto, y se\u00f1alan \u00fanicamente que de pronto decidi\u00f3 suicidarse. O sea, de repente tuvo un brote psic\u00f3tico\u201d,<\/em> se\u00f1al\u00f3 con cierta iron\u00eda.<\/p>\n<p>Jefe policial retirado, brillante investigador y analista, licenciado, docente universitario, Vicente Cordeyro encarnaba una <strong>impecable carrera profesional, nobles valores y amorosa vida familiar<\/strong>. Sin embargo, el informe oficial da a entender que la ma\u00f1ana del 9 de octubre el hombre enloqueci\u00f3.<\/p>\n<p>De acuerdo a los fiscales, la v\u00edctima subi\u00f3 el cerro, le prendi\u00f3 fuego, se desnud\u00f3, tir\u00f3 mochila, revole\u00f3 celular, fue a una ladera casi vertical, arm\u00f3 un lazo y se colg\u00f3.<\/p>\n<p><strong>Contradiciendo sus 64 a\u00f1os de trayectoria y amores.<\/strong><\/p>\n<p><img loading=\"lazy\" decoding=\"async\" class=\"alignright  wp-image-1614\" src=\"https:\/\/www.nortesocial.com.ar\/wp-content\/uploads\/2026\/01\/Cordeyro01.png\" alt=\"\" width=\"417\" height=\"294\" srcset=\"https:\/\/www.nortesocial.com.ar\/wp-content\/uploads\/2026\/01\/Cordeyro01.png 596w, https:\/\/www.nortesocial.com.ar\/wp-content\/uploads\/2026\/01\/Cordeyro01-100x70.png 100w\" sizes=\"auto, (max-width: 417px) 100vw, 417px\" \/><\/p>\n<p><strong>CUESTIONES PENDIENTES<\/strong><\/p>\n<ul>\n<li>La familia cuestiona la identidad del hombre que aparece en las c\u00e1maras de seguridad.<\/li>\n<li>Perros sabuesos condujeron a un inmueble cercano al auto estacionado.<\/li>\n<li>Vicente nunca iba al Cerro Elefante<\/li>\n<li>Oficialmente se desconoce el informe de la Polic\u00eda Federal<\/li>\n<li>Hasta el momento no hay abogado querellante.<\/li>\n<\/ul>\n","protected":false},"excerpt":{"rendered":"<p>Familiares, amigos, excompa\u00f1eros de la Polic\u00eda de Salta volvieron a marchar la semana pasada, reclamando \u201cverdad y justicia\u201d A tres meses de la dudosa muerte del exjefe policial e investigador Vicente Cordeyro. \u00a0 Vos lo sab\u00e9s muy bien: de una u otra manera, conocemos; no nos pueden enga\u00f1ar. \u2013 sostuvo el oficial retirado, colega y [&hellip;]<\/p>\n","protected":false},"author":2,"featured_media":1608,"comment_status":"open","ping_status":"closed","sticky":false,"template":"","format":"standard","meta":{"footnotes":""},"categories":[6,2,47,12],"tags":[186,335,17,23,246],"class_list":["post-1607","post","type-post","status-publish","format-standard","has-post-thumbnail","hentry","category-cronicas-criminales","category-destacadas","category-salta","category-sociedad-politica-economia","tag-dario-illlanes","tag-justicia","tag-norte-social","tag-salta","tag-vicente-cordeyro"],"_links":{"self":[{"href":"https:\/\/www.nortesocial.com.ar\/index.php?rest_route=\/wp\/v2\/posts\/1607","targetHints":{"allow":["GET"]}}],"collection":[{"href":"https:\/\/www.nortesocial.com.ar\/index.php?rest_route=\/wp\/v2\/posts"}],"about":[{"href":"https:\/\/www.nortesocial.com.ar\/index.php?rest_route=\/wp\/v2\/types\/post"}],"author":[{"embeddable":true,"href":"https:\/\/www.nortesocial.com.ar\/index.php?rest_route=\/wp\/v2\/users\/2"}],"replies":[{"embeddable":true,"href":"https:\/\/www.nortesocial.com.ar\/index.php?rest_route=%2Fwp%2Fv2%2Fcomments&post=1607"}],"version-history":[{"count":2,"href":"https:\/\/www.nortesocial.com.ar\/index.php?rest_route=\/wp\/v2\/posts\/1607\/revisions"}],"predecessor-version":[{"id":1615,"href":"https:\/\/www.nortesocial.com.ar\/index.php?rest_route=\/wp\/v2\/posts\/1607\/revisions\/1615"}],"wp:featuredmedia":[{"embeddable":true,"href":"https:\/\/www.nortesocial.com.ar\/index.php?rest_route=\/wp\/v2\/media\/1608"}],"wp:attachment":[{"href":"https:\/\/www.nortesocial.com.ar\/index.php?rest_route=%2Fwp%2Fv2%2Fmedia&parent=1607"}],"wp:term":[{"taxonomy":"category","embeddable":true,"href":"https:\/\/www.nortesocial.com.ar\/index.php?rest_route=%2Fwp%2Fv2%2Fcategories&post=1607"},{"taxonomy":"post_tag","embeddable":true,"href":"https:\/\/www.nortesocial.com.ar\/index.php?rest_route=%2Fwp%2Fv2%2Ftags&post=1607"}],"curies":[{"name":"wp","href":"https:\/\/api.w.org\/{rel}","templated":true}]}}