{"id":1623,"date":"2026-01-22T13:43:00","date_gmt":"2026-01-22T16:43:00","guid":{"rendered":"https:\/\/www.nortesocial.com.ar\/?p=1623"},"modified":"2026-01-22T13:43:00","modified_gmt":"2026-01-22T16:43:00","slug":"salta-en-madrid","status":"publish","type":"post","link":"https:\/\/www.nortesocial.com.ar\/?p=1623","title":{"rendered":"SALTA EN MADRID"},"content":{"rendered":"<h3><strong><em>La provincia participa de FITUR 2026, la feria de turismo del mundo, integrando el stand de la Argentina. Del 21 al 25 de enero en IFEMA, Madrid, Espa\u00f1a.<\/em><\/strong><\/h3>\n<p>&nbsp;<\/p>\n<p><em>\u201cEstar presentes en esta feria permite consolidar relaciones comerciales, abrir nuevas oportunidades de negocio y mostrar al mundo una <strong>Salta aut\u00e9ntica<\/strong>, con una oferta tur\u00edstica que combina naturaleza, cultura, gastronom\u00eda y experiencias \u00fanicas\u201d,<\/em> sostuvo el presidente de la C\u00e1mara de Turismo de Salta, Facundo Assaf.<\/p>\n<figure id=\"attachment_1625\" aria-describedby=\"caption-attachment-1625\" style=\"width: 470px\" class=\"wp-caption alignleft\"><img loading=\"lazy\" decoding=\"async\" class=\" wp-image-1625\" src=\"https:\/\/www.nortesocial.com.ar\/wp-content\/uploads\/2026\/01\/fitur04-En26.png\" alt=\"\" width=\"470\" height=\"321\" srcset=\"https:\/\/www.nortesocial.com.ar\/wp-content\/uploads\/2026\/01\/fitur04-En26.png 578w, https:\/\/www.nortesocial.com.ar\/wp-content\/uploads\/2026\/01\/fitur04-En26-218x150.png 218w\" sizes=\"auto, (max-width: 470px) 100vw, 470px\" \/><figcaption id=\"caption-attachment-1625\" class=\"wp-caption-text\">ZAMBA EN EL CABILDO DE SALTA<\/figcaption><\/figure>\n<p>El espacio salte\u00f1o integra el stand de Argentina y est\u00e1 representada por la ministra de Turismo y Deportes, Manuela Arancibia, y el presidente de la C\u00e1mara de Turismo de Salta, Facundo Assaf, quienes desarrollar\u00e1n una agenda de reuniones, rondas de trabajo y acciones orientadas a la generaci\u00f3n de acuerdos, el fortalecimiento de la conectividad a\u00e9rea y el posicionamiento del destino en los mercados internacionales.<\/p>\n<p>La ministra Arancibia destac\u00f3 que <em>\u201cla participaci\u00f3n de Salta en FITUR es una oportunidad estrat\u00e9gica para seguir posicionando a la provincia como un destino con identidad, diversidad y potencial de crecimiento, fortaleciendo el trabajo conjunto con el sector privado y promoviendo al turismo como motor de desarrollo para nuestras comunidades\u201d.<\/em><\/p>\n<p>&nbsp;<\/p>\n<p><strong>Encuentro internacional<\/strong><\/p>\n<p><img loading=\"lazy\" decoding=\"async\" class=\"alignright  wp-image-1627\" src=\"https:\/\/www.nortesocial.com.ar\/wp-content\/uploads\/2026\/01\/fitur01-En26.jpg\" alt=\"\" width=\"470\" height=\"368\" srcset=\"https:\/\/www.nortesocial.com.ar\/wp-content\/uploads\/2026\/01\/fitur01-En26.jpg 1077w, https:\/\/www.nortesocial.com.ar\/wp-content\/uploads\/2026\/01\/fitur01-En26-768x602.jpg 768w, https:\/\/www.nortesocial.com.ar\/wp-content\/uploads\/2026\/01\/fitur01-En26-696x545.jpg 696w, https:\/\/www.nortesocial.com.ar\/wp-content\/uploads\/2026\/01\/fitur01-En26-1068x837.jpg 1068w, https:\/\/www.nortesocial.com.ar\/wp-content\/uploads\/2026\/01\/fitur01-En26-536x420.jpg 536w\" sizes=\"auto, (max-width: 470px) 100vw, 470px\" \/>FITUR es el principal punto de encuentro del sector tur\u00edstico a nivel mundial, donde destinos, empresas e instituciones generan v\u00ednculos y oportunidades de cooperaci\u00f3n. La participaci\u00f3n de Salta en esta feria tiene como objetivo posicionar al destino en el mercado internacional, fortaleciendo relaciones institucionales y comerciales, con foco en la conectividad a\u00e9rea, la comercializaci\u00f3n tur\u00edstica y el trabajo articulado entre el sector p\u00fablico y privado.<\/p>\n<p>La presencia de la provincia se enmarca en el plan de promoci\u00f3n internacional que impulsa el Ministerio de Turismo y Deportes junto a INPROTUR SALTA, y forma parte de una estrategia sostenida que Salta desarrolla desde hace casi dos d\u00e9cadas en el mercado espa\u00f1ol. Entre las principales motivaciones de este p\u00fablico se destacan las experiencias culturales, la oferta gastron\u00f3mica y vitivin\u00edcola, las actividades en contacto con la naturaleza, la interacci\u00f3n con comunidades locales y productos emblem\u00e1ticos como el <strong>Tren a las Nubes<\/strong><\/p>\n<p>&nbsp;<\/p>\n<p><strong>Acciones<\/strong><\/p>\n<p><img loading=\"lazy\" decoding=\"async\" class=\"alignright  wp-image-1626\" src=\"https:\/\/www.nortesocial.com.ar\/wp-content\/uploads\/2026\/01\/fitur02-En26.png\" alt=\"\" width=\"367\" height=\"295\" \/>La presencia de la provincia se da dentro del stand de Argentina y forma parte de la estrategia de promoci\u00f3n internacional que impulsa el Ministerio de Turismo y Deportes de Salta, orientada a consolidar al turismo como un motor de desarrollo econ\u00f3mico y social.<\/p>\n<p>Durante la feria, las acciones est\u00e1n centradas en la generaci\u00f3n de acuerdos, el fortalecimiento de la conectividad a\u00e9rea, la comercializaci\u00f3n tur\u00edstica y el posicionamiento del destino en mercados internacionales estrat\u00e9gicos<\/p>\n<p>FITUR re\u00fane cada a\u00f1o a destinos, empresas, operadores y organismos tur\u00edsticos de todo el mundo, y se consolida como un espacio clave para la generaci\u00f3n de v\u00ednculos, la cooperaci\u00f3n internacional y la identificaci\u00f3n de nuevas oportunidades de crecimiento para el sector.<\/p>\n<p>&nbsp;<\/p>\n<p><strong>LUGAR: Avenida del Parten\u00f3n 5; Barajas. Madrid, Espa\u00f1a<\/strong><\/p>\n<p>&nbsp;<\/p>\n","protected":false},"excerpt":{"rendered":"<p>La provincia participa de FITUR 2026, la feria de turismo del mundo, integrando el stand de la Argentina. Del 21 al 25 de enero en IFEMA, Madrid, Espa\u00f1a. &nbsp; \u201cEstar presentes en esta feria permite consolidar relaciones comerciales, abrir nuevas oportunidades de negocio y mostrar al mundo una Salta aut\u00e9ntica, con una oferta tur\u00edstica que [&hellip;]<\/p>\n","protected":false},"author":2,"featured_media":1624,"comment_status":"open","ping_status":"closed","sticky":false,"template":"","format":"standard","meta":{"footnotes":""},"categories":[48,2,10,47],"tags":[18,336,17,23,60],"class_list":["post-1623","post","type-post","status-publish","format-standard","has-post-thumbnail","hentry","category-argentina","category-destacadas","category-sabores-y-lugares","category-salta","tag-dario-illanes","tag-madrid","tag-norte-social","tag-salta","tag-turismo"],"_links":{"self":[{"href":"https:\/\/www.nortesocial.com.ar\/index.php?rest_route=\/wp\/v2\/posts\/1623","targetHints":{"allow":["GET"]}}],"collection":[{"href":"https:\/\/www.nortesocial.com.ar\/index.php?rest_route=\/wp\/v2\/posts"}],"about":[{"href":"https:\/\/www.nortesocial.com.ar\/index.php?rest_route=\/wp\/v2\/types\/post"}],"author":[{"embeddable":true,"href":"https:\/\/www.nortesocial.com.ar\/index.php?rest_route=\/wp\/v2\/users\/2"}],"replies":[{"embeddable":true,"href":"https:\/\/www.nortesocial.com.ar\/index.php?rest_route=%2Fwp%2Fv2%2Fcomments&post=1623"}],"version-history":[{"count":1,"href":"https:\/\/www.nortesocial.com.ar\/index.php?rest_route=\/wp\/v2\/posts\/1623\/revisions"}],"predecessor-version":[{"id":1628,"href":"https:\/\/www.nortesocial.com.ar\/index.php?rest_route=\/wp\/v2\/posts\/1623\/revisions\/1628"}],"wp:featuredmedia":[{"embeddable":true,"href":"https:\/\/www.nortesocial.com.ar\/index.php?rest_route=\/wp\/v2\/media\/1624"}],"wp:attachment":[{"href":"https:\/\/www.nortesocial.com.ar\/index.php?rest_route=%2Fwp%2Fv2%2Fmedia&parent=1623"}],"wp:term":[{"taxonomy":"category","embeddable":true,"href":"https:\/\/www.nortesocial.com.ar\/index.php?rest_route=%2Fwp%2Fv2%2Fcategories&post=1623"},{"taxonomy":"post_tag","embeddable":true,"href":"https:\/\/www.nortesocial.com.ar\/index.php?rest_route=%2Fwp%2Fv2%2Ftags&post=1623"}],"curies":[{"name":"wp","href":"https:\/\/api.w.org\/{rel}","templated":true}]}}