{"id":1629,"date":"2026-01-24T13:06:29","date_gmt":"2026-01-24T16:06:29","guid":{"rendered":"https:\/\/www.nortesocial.com.ar\/?p=1629"},"modified":"2026-01-25T01:03:57","modified_gmt":"2026-01-25T04:03:57","slug":"a-nueve-anos-de-la-masacre-de-jimena-salas","status":"publish","type":"post","link":"https:\/\/www.nortesocial.com.ar\/?p=1629","title":{"rendered":"A NUEVE A\u00d1OS DE LA MASACRE DE JIMENA SALAS"},"content":{"rendered":"<h3><strong><em>Desde el viernes 27 de enero de 2017, han transcurrido tres distintas investigaciones; dos juicios, cuatro acusados absueltos y un muerto en la c\u00e1rcel declarado responsable del crimen. Fracasos e impunidades.<\/em><\/strong><\/h3>\n<p>&nbsp;<\/p>\n<p><em>\u201cEra un sol\u201d,<\/em> sostuvo C, una excompa\u00f1era en el <strong>Instituto de Educaci\u00f3n Media<\/strong> (IEM), el secundario de la Universidad Nacional de Salta. Y amiga hasta 2017.Quienes conocieron a Jimena coinciden en destacarla como: <em>\u201ct\u00edmida, reservada, sensible, risue\u00f1a, responsable\u201d<\/em><\/p>\n<p>El martes 27 de enero de 2026 se cumplen <strong>nueve a\u00f1os de la masacre<\/strong> femicida de Jimena Salas. <strong>Cristina Garc\u00eda<\/strong>, su madre, dijo como como testigo a fin de septiembre de 2025: <strong>\u201cEl \u00fanico problema es que vamos a seguir sin saber qui\u00e9n mat\u00f3 a Jimena. Siempre volvemos al principio\u201d.<\/strong><\/p>\n<figure id=\"attachment_1631\" aria-describedby=\"caption-attachment-1631\" style=\"width: 241px\" class=\"wp-caption alignleft\"><img loading=\"lazy\" decoding=\"async\" class=\"size-full wp-image-1631\" src=\"https:\/\/www.nortesocial.com.ar\/wp-content\/uploads\/2026\/01\/Jime04.png\" alt=\"\" width=\"241\" height=\"266\" \/><figcaption id=\"caption-attachment-1631\" class=\"wp-caption-text\">MADRE DE JIMENA<\/figcaption><\/figure>\n<p>El viernes 7 de noviembre del a\u00f1o pasado, los jueces <strong>Jos\u00e9 Luis Riera, M\u00f3nica Faber <\/strong>y <strong>Maximiliano Troyano<\/strong> dictaron la <strong>absoluci\u00f3n de los hermanos Adri\u00e1n Guillermo y Carlos Dami\u00e1n Saavedra<\/strong>. En aplicaci\u00f3n del beneficio de la duda (in dubio pro-reo), ordenando la inmediata libertad de ambos.<\/p>\n<p>En tanto, el tribunal asegur\u00f3 <strong><em>\u201cla certeza\u201d <\/em><\/strong>de que uno de los asesinos fue <strong>Javier Nicol\u00e1s Saavedra<\/strong>, alias \u201cChino\u201d. Sin embargo, debido al principio que impide la acci\u00f3n penal contra un fallecido, se dispuso su sobreseimiento por extinci\u00f3n de la acci\u00f3n penal, a causa de su muerte.<\/p>\n<p>El fallo encomend\u00f3 al Ministerio P\u00fablico Fiscal continuar con la investigaci\u00f3n para identificar y detener a \u201cHombre 2\u201d, el segundo femicida. Seg\u00fan las muestras gen\u00e9ticas, particip\u00f3 del ataque.<\/p>\n<p>Para la justicia de Salta, qued\u00f3 resuelto el misterio del asesinato. Para gran parte de la sociedad, todo lo contrario.<\/p>\n<figure id=\"attachment_1632\" aria-describedby=\"caption-attachment-1632\" style=\"width: 450px\" class=\"wp-caption alignright\"><img loading=\"lazy\" decoding=\"async\" class=\"size-full wp-image-1632\" src=\"https:\/\/www.nortesocial.com.ar\/wp-content\/uploads\/2026\/01\/Jime01.jpg\" alt=\"\" width=\"450\" height=\"375\" \/><figcaption id=\"caption-attachment-1632\" class=\"wp-caption-text\">VIUDO. NICOL\u00c1S CAJAL<\/figcaption><\/figure>\n<p><strong>Tres investigaciones<\/strong><\/p>\n<p>En 2027, durante la procuraci\u00f3n de Pablo L\u00f3pez Vi\u00f1als, los fiscales Pablo Paz y Rodrigo Gonz\u00e1lez Miralpeix sostuvieron la hip\u00f3tesis de homicidio tras robo frustrado. El asalto se habr\u00eda concretado mediante el ardid de pedirle a Jimena ayuda para un extraviado <strong>caniche toy<\/strong>.<\/p>\n<p>Durante la gesti\u00f3n en el Ministerio Fiscal de Abel Cornejo, la investigaci\u00f3n cambio a <strong>crimen por encargo<\/strong>. Fueron acusados Nicol\u00e1s Federico Cajal Gauffin, viudo de la v\u00edctima, como encubridor; y Sergio Vargas, un vendedor ambulante, como c\u00f3mplice del femicidio. Ambos llegaron a juicio, pero fueron beneficiados por el principio \u201cin dubio pro reo\u201d (las dudas favorecen al acusado)<\/p>\n<p>Al asumir el procurador Pedro Garc\u00eda Castiella, se retom\u00f3 la hip\u00f3tesis del robo. Denuncias an\u00f3nimas se\u00f1alaron a los tres hermanos. Y una pericia gen\u00e9tica apunt\u00f3 a Javier, el \u201cChino\u201d<\/p>\n<p>Para los fiscales penales M\u00f3nica Poma, Leandro Flores y Gabriel Gonz\u00e1lez, los hermanos <strong>mataron a Salas para robarle. Aunque no robaron<\/strong>. Con la fiscal\u00eda coincidi\u00f3 el viudo y su abogado<\/p>\n<figure id=\"attachment_1633\" aria-describedby=\"caption-attachment-1633\" style=\"width: 507px\" class=\"wp-caption alignleft\"><img loading=\"lazy\" decoding=\"async\" class=\" wp-image-1633\" src=\"https:\/\/www.nortesocial.com.ar\/wp-content\/uploads\/2026\/01\/Jime05.jpeg\" alt=\"\" width=\"507\" height=\"262\" \/><figcaption id=\"caption-attachment-1633\" class=\"wp-caption-text\">CASA EN VAQUEROS<\/figcaption><\/figure>\n<p><strong>Muerto en la c\u00e1rcel<\/strong><\/p>\n<p>El 16 de septiembre de 2025 deb\u00eda comenzar el juicio contra los tres hermanos Saavedra. La tarde del d\u00eda anterior, mientras se desarrollaba la procesi\u00f3n en honra al <strong>Se\u00f1or y la Virgen del Milagro<\/strong>, Javier apareci\u00f3 muerto en los ba\u00f1os de la alcaid\u00eda salte\u00f1a.<\/p>\n<figure id=\"attachment_1634\" aria-describedby=\"caption-attachment-1634\" style=\"width: 476px\" class=\"wp-caption alignright\"><img loading=\"lazy\" decoding=\"async\" class=\" wp-image-1634\" src=\"https:\/\/www.nortesocial.com.ar\/wp-content\/uploads\/2026\/01\/Jime02.jpg\" alt=\"\" width=\"476\" height=\"417\" srcset=\"https:\/\/www.nortesocial.com.ar\/wp-content\/uploads\/2026\/01\/Jime02.jpg 720w, https:\/\/www.nortesocial.com.ar\/wp-content\/uploads\/2026\/01\/Jime02-696x609.jpg 696w, https:\/\/www.nortesocial.com.ar\/wp-content\/uploads\/2026\/01\/Jime02-480x420.jpg 480w\" sizes=\"auto, (max-width: 476px) 100vw, 476px\" \/><figcaption id=\"caption-attachment-1634\" class=\"wp-caption-text\">JAVIER SAAVEDRA<\/figcaption><\/figure>\n<p>El debate judicial se posterg\u00f3 una semana.<\/p>\n<p>En los fundamentos de la sentencia, el tribunal destac\u00f3 que el eximputado logr\u00f3 la confianza de la madre v\u00edctima mostrando un caniche perdido. Los jueces subrayaron: \u201c<em>M\u00e1s all\u00e1 de toda la prueba testimonial, pericial y documental ya analizada, cabe destacar que la m\u00e1s trascendental y concluyente en orden a la determinaci\u00f3n de la presencia y de su autor\u00eda por parte de Javier Nicol\u00e1s Saavedra, es la evidencia gen\u00e9tica obtenida en la escena del hecho\u201d.<\/em><\/p>\n<p>Y remarcaron: <em>\u201cDicha prueba\u2026 con certeza cient\u00edfica, ubica a Javier Nicol\u00e1s Saavedra dentro de la vivienda de la v\u00edctima Jimena Beatriz Salas en el momento del suceso\u201d<\/em><\/p>\n<p>Parad\u00f3jicamente, los jueces minimizaron las actividades solidarias realizadas por Javier Saavedra. <em>\u201cEl buen concepto personal o a la imagen p\u00fablica del imputado no tiene incidencia exculpatoria, dado que la sana cr\u00edtica racional impone distinguir entre juicios de valor sobre la personalidad y constataciones de hechos objetivos.\u201d<\/em><\/p>\n<p>La justicia considera que el femicidio de Jimena Salas est\u00e1 pr\u00e1cticamente esclarecido. La mayor\u00eda de la sociedad cree que no.<\/p>\n<p>&nbsp;<\/p>\n<p><strong>RAZONES<\/strong><\/p>\n<p>Odio demencial, desmesura psic\u00f3pata, brote psic\u00f3tico, venganza narco son las principales razones para asesinar con sa\u00f1a y alevos\u00eda.<\/p>\n<p><img loading=\"lazy\" decoding=\"async\" class=\" wp-image-1630 alignleft\" src=\"https:\/\/www.nortesocial.com.ar\/wp-content\/uploads\/2026\/01\/Jime06.jpg\" alt=\"\" width=\"413\" height=\"490\" srcset=\"https:\/\/www.nortesocial.com.ar\/wp-content\/uploads\/2026\/01\/Jime06.jpg 563w, https:\/\/www.nortesocial.com.ar\/wp-content\/uploads\/2026\/01\/Jime06-354x420.jpg 354w\" sizes=\"auto, (max-width: 413px) 100vw, 413px\" \/>Jimena, el mediod\u00eda del 27 de enero de 2017, preparaba el almuerzo para sus nenas y esposo. Con dos cuchillos, recibi\u00f3 los siguientes puntazos y cortes: dos en la cara; ocho en cuello; uno en hombro; dos en nuca; cuatro en el pecho; diecis\u00e9is en la espalda; diez en el abdomen; once en las piernas. Descomunal ataque contra una mujer peque\u00f1a e indefensa.<\/p>\n<p>Parad\u00f3jicamente, los atacantes tuvieron la \u201cdelicadeza\u201d de encerrar a las mellizas de tres a\u00f1os en el ba\u00f1o. Y si la intenci\u00f3n era robar, resulta inexplicable que dejasen sobre la cama las joyas. Nada se llevaron. Seg\u00fan el viudo.<\/p>\n<p>&nbsp;<\/p>\n<p><strong>P\u00c9SIMA INVESTIGACI\u00d3N<\/strong><\/p>\n<p><em>\u201cHay un mensaje enviado a la sociedad de que est\u00e1 todo resuelto, que todo est\u00e1 bien, pero es falso. La realidad es que desde el comienzo los distintos investigadores y fiscales hicieron una p\u00e9sima investigaci\u00f3n\u201d<\/em>, se\u00f1al\u00f3 el abogado defensor Marcelo Arancibia<\/p>\n<p><img loading=\"lazy\" decoding=\"async\" class=\"alignright wp-image-1636\" src=\"https:\/\/www.nortesocial.com.ar\/wp-content\/uploads\/2026\/01\/Jime03.png\" alt=\"\" width=\"246\" height=\"299\" \/><\/p>\n<p><strong>CAUSAS ARMADAS<\/strong><\/p>\n<p>De acuerdo al penalista, <em>\u201chubo polic\u00edas en actividad o retirados, que trabajan en el CIF (Cuerpo de Investigaciones Fiscales) que armaron las sospechas. Son conocidos desde los cr\u00edmenes de las francesas, por plantar pruebas, adem\u00e1s de ineficacias e impericias. Se repiten las malas investigaciones\u201d<\/em><\/p>\n","protected":false},"excerpt":{"rendered":"<p>Desde el viernes 27 de enero de 2017, han transcurrido tres distintas investigaciones; dos juicios, cuatro acusados absueltos y un muerto en la c\u00e1rcel declarado responsable del crimen. Fracasos e impunidades. &nbsp; \u201cEra un sol\u201d, sostuvo C, una excompa\u00f1era en el Instituto de Educaci\u00f3n Media (IEM), el secundario de la Universidad Nacional de Salta. Y [&hellip;]<\/p>\n","protected":false},"author":2,"featured_media":1635,"comment_status":"open","ping_status":"closed","sticky":false,"template":"","format":"standard","meta":{"footnotes":""},"categories":[6,2,47,12],"tags":[29,18,337,211,17,23],"class_list":["post-1629","post","type-post","status-publish","format-standard","has-post-thumbnail","hentry","category-cronicas-criminales","category-destacadas","category-salta","category-sociedad-politica-economia","tag-cronicas-criminales","tag-dario-illanes","tag-javier-chino-saavedra","tag-jimena-salas","tag-norte-social","tag-salta"],"_links":{"self":[{"href":"https:\/\/www.nortesocial.com.ar\/index.php?rest_route=\/wp\/v2\/posts\/1629","targetHints":{"allow":["GET"]}}],"collection":[{"href":"https:\/\/www.nortesocial.com.ar\/index.php?rest_route=\/wp\/v2\/posts"}],"about":[{"href":"https:\/\/www.nortesocial.com.ar\/index.php?rest_route=\/wp\/v2\/types\/post"}],"author":[{"embeddable":true,"href":"https:\/\/www.nortesocial.com.ar\/index.php?rest_route=\/wp\/v2\/users\/2"}],"replies":[{"embeddable":true,"href":"https:\/\/www.nortesocial.com.ar\/index.php?rest_route=%2Fwp%2Fv2%2Fcomments&post=1629"}],"version-history":[{"count":6,"href":"https:\/\/www.nortesocial.com.ar\/index.php?rest_route=\/wp\/v2\/posts\/1629\/revisions"}],"predecessor-version":[{"id":1642,"href":"https:\/\/www.nortesocial.com.ar\/index.php?rest_route=\/wp\/v2\/posts\/1629\/revisions\/1642"}],"wp:featuredmedia":[{"embeddable":true,"href":"https:\/\/www.nortesocial.com.ar\/index.php?rest_route=\/wp\/v2\/media\/1635"}],"wp:attachment":[{"href":"https:\/\/www.nortesocial.com.ar\/index.php?rest_route=%2Fwp%2Fv2%2Fmedia&parent=1629"}],"wp:term":[{"taxonomy":"category","embeddable":true,"href":"https:\/\/www.nortesocial.com.ar\/index.php?rest_route=%2Fwp%2Fv2%2Fcategories&post=1629"},{"taxonomy":"post_tag","embeddable":true,"href":"https:\/\/www.nortesocial.com.ar\/index.php?rest_route=%2Fwp%2Fv2%2Ftags&post=1629"}],"curies":[{"name":"wp","href":"https:\/\/api.w.org\/{rel}","templated":true}]}}