{"id":1646,"date":"2026-01-26T22:37:10","date_gmt":"2026-01-27T01:37:10","guid":{"rendered":"https:\/\/www.nortesocial.com.ar\/?p=1646"},"modified":"2026-01-26T22:37:10","modified_gmt":"2026-01-27T01:37:10","slug":"almacen-de-emprendedores","status":"publish","type":"post","link":"https:\/\/www.nortesocial.com.ar\/?p=1646","title":{"rendered":"ALMAC\u00c9N DE EMPRENDEDORES"},"content":{"rendered":"<h3><strong><em>En donde funcionaba una oficina de turismo comunal, la Municipalidad de Salta instalar\u00e1 un lugar para la promoci\u00f3n y venta de lo que hacen emprendedores locales.<\/em><\/strong><\/h3>\n<p><strong><em>\u00a0<\/em><\/strong><\/p>\n<p>De acuerdo a las autoridades, el <strong>Almac\u00e9n de Emprendedores <\/strong>promover\u00e1 el desarrollo productivo y la integraci\u00f3n social.<\/p>\n<p><img loading=\"lazy\" decoding=\"async\" class=\" wp-image-1648 alignleft\" src=\"https:\/\/www.nortesocial.com.ar\/wp-content\/uploads\/2026\/01\/Muni01-emprendedores.png\" alt=\"\" width=\"454\" height=\"343\" srcset=\"https:\/\/www.nortesocial.com.ar\/wp-content\/uploads\/2026\/01\/Muni01-emprendedores.png 1006w, https:\/\/www.nortesocial.com.ar\/wp-content\/uploads\/2026\/01\/Muni01-emprendedores-768x581.png 768w, https:\/\/www.nortesocial.com.ar\/wp-content\/uploads\/2026\/01\/Muni01-emprendedores-696x526.png 696w, https:\/\/www.nortesocial.com.ar\/wp-content\/uploads\/2026\/01\/Muni01-emprendedores-555x420.png 555w, https:\/\/www.nortesocial.com.ar\/wp-content\/uploads\/2026\/01\/Muni01-emprendedores-80x60.png 80w\" sizes=\"auto, (max-width: 454px) 100vw, 454px\" \/>En el <strong>microcentro salte\u00f1o<\/strong>, por donde circulan miles de personas, la Municipalidad de Salta restaurar\u00e1 un espacio estrat\u00e9gico. Para la exhibici\u00f3n y comercializaci\u00f3n de productos de emprendedores locales, promoviendo el desarrollo productivo y la integraci\u00f3n social.<\/p>\n<p>Los trabajos implican la refuncionalizaci\u00f3n y puesta en valor del edificio ubicado en la intersecci\u00f3n de la avenida <strong>San Mart\u00edn <\/strong>y <strong>calle Buenos Aires<\/strong>. Se tratar\u00e1 de una remodelaci\u00f3n integral, tanto arquitect\u00f3nica, de infraestructura y funcionales.<\/p>\n<p><img loading=\"lazy\" decoding=\"async\" class=\"alignright  wp-image-1649\" src=\"https:\/\/www.nortesocial.com.ar\/wp-content\/uploads\/2026\/01\/Muni02.png\" alt=\"\" width=\"464\" height=\"284\" srcset=\"https:\/\/www.nortesocial.com.ar\/wp-content\/uploads\/2026\/01\/Muni02.png 860w, https:\/\/www.nortesocial.com.ar\/wp-content\/uploads\/2026\/01\/Muni02-768x470.png 768w, https:\/\/www.nortesocial.com.ar\/wp-content\/uploads\/2026\/01\/Muni02-696x426.png 696w, https:\/\/www.nortesocial.com.ar\/wp-content\/uploads\/2026\/01\/Muni02-687x420.png 687w\" sizes=\"auto, (max-width: 464px) 100vw, 464px\" \/>Como parte de la imagen institucional del edificio, se prev\u00e9 la instalaci\u00f3n de carteler\u00eda corp\u00f3rea exterior, ploteo de vidrios y mural interior, adem\u00e1s de la provisi\u00f3n de mobiliario exhibidor (estanter\u00edas met\u00e1licas con estantes de melamina) dise\u00f1ado espec\u00edficamente para el uso previsto de ventas; y se incorporan tareas complementarias como parquizaci\u00f3n en canteros existentes.<\/p>\n<p>Las obras concluir\u00edan a mitad de 2026.<\/p>\n","protected":false},"excerpt":{"rendered":"<p>En donde funcionaba una oficina de turismo comunal, la Municipalidad de Salta instalar\u00e1 un lugar para la promoci\u00f3n y venta de lo que hacen emprendedores locales. \u00a0 De acuerdo a las autoridades, el Almac\u00e9n de Emprendedores promover\u00e1 el desarrollo productivo y la integraci\u00f3n social. En el microcentro salte\u00f1o, por donde circulan miles de personas, la [&hellip;]<\/p>\n","protected":false},"author":2,"featured_media":1647,"comment_status":"open","ping_status":"closed","sticky":false,"template":"","format":"standard","meta":{"footnotes":""},"categories":[2,47,12],"tags":[18,339,338,17],"class_list":["post-1646","post","type-post","status-publish","format-standard","has-post-thumbnail","hentry","category-destacadas","category-salta","category-sociedad-politica-economia","tag-dario-illanes","tag-emprendedores","tag-municipalidad-de-salta","tag-norte-social"],"_links":{"self":[{"href":"https:\/\/www.nortesocial.com.ar\/index.php?rest_route=\/wp\/v2\/posts\/1646","targetHints":{"allow":["GET"]}}],"collection":[{"href":"https:\/\/www.nortesocial.com.ar\/index.php?rest_route=\/wp\/v2\/posts"}],"about":[{"href":"https:\/\/www.nortesocial.com.ar\/index.php?rest_route=\/wp\/v2\/types\/post"}],"author":[{"embeddable":true,"href":"https:\/\/www.nortesocial.com.ar\/index.php?rest_route=\/wp\/v2\/users\/2"}],"replies":[{"embeddable":true,"href":"https:\/\/www.nortesocial.com.ar\/index.php?rest_route=%2Fwp%2Fv2%2Fcomments&post=1646"}],"version-history":[{"count":1,"href":"https:\/\/www.nortesocial.com.ar\/index.php?rest_route=\/wp\/v2\/posts\/1646\/revisions"}],"predecessor-version":[{"id":1650,"href":"https:\/\/www.nortesocial.com.ar\/index.php?rest_route=\/wp\/v2\/posts\/1646\/revisions\/1650"}],"wp:featuredmedia":[{"embeddable":true,"href":"https:\/\/www.nortesocial.com.ar\/index.php?rest_route=\/wp\/v2\/media\/1647"}],"wp:attachment":[{"href":"https:\/\/www.nortesocial.com.ar\/index.php?rest_route=%2Fwp%2Fv2%2Fmedia&parent=1646"}],"wp:term":[{"taxonomy":"category","embeddable":true,"href":"https:\/\/www.nortesocial.com.ar\/index.php?rest_route=%2Fwp%2Fv2%2Fcategories&post=1646"},{"taxonomy":"post_tag","embeddable":true,"href":"https:\/\/www.nortesocial.com.ar\/index.php?rest_route=%2Fwp%2Fv2%2Ftags&post=1646"}],"curies":[{"name":"wp","href":"https:\/\/api.w.org\/{rel}","templated":true}]}}