{"id":1824,"date":"2026-03-03T03:39:59","date_gmt":"2026-03-03T06:39:59","guid":{"rendered":"https:\/\/www.nortesocial.com.ar\/?p=1824"},"modified":"2026-03-03T03:41:08","modified_gmt":"2026-03-03T06:41:08","slug":"la-fiesta-fue-en-cafayate","status":"publish","type":"post","link":"https:\/\/www.nortesocial.com.ar\/?p=1824","title":{"rendered":"LA FIESTA FUE EN CAFAYATE"},"content":{"rendered":"<h3><strong><em>La luna y el sol se unieron en romance a guitarras, violines, bandone\u00f3n y bombo. En Cafayate, junto al Chaque\u00f1o Palavecino y m\u00e1s de 25 mil personas. Desde la madrugada hasta el mediod\u00eda.<\/em><\/strong><\/h3>\n<p>&nbsp;<\/p>\n<p>Cuatro guitarreros, tres violinistas, un bandoneonista, un bombista, dirigidos por Oscar Esperanza Palavecino, ocuparon el escenario Payo Sol\u00e1, en la <strong>Bodega Encantada<\/strong>, a las <strong>5.59 horas<\/strong> del domingo 1 de marzo de 2026. Y lo dejaron a las <strong>11.56.<\/strong><\/p>\n<p>O sea, cinco horas y cincuenta y seis minutos; 356 minutos; o <strong>21.360 segundos<\/strong>. Espect\u00e1culo <strong>r\u00e9cord en el folklore y el canto popular<\/strong>. Emotiva, festiva, inolvidable 52\u00ba edici\u00f3n de la <strong>Serenata a Cafayate<\/strong>.<\/p>\n<p><img loading=\"lazy\" decoding=\"async\" class=\"alignright wp-image-1828\" src=\"https:\/\/www.nortesocial.com.ar\/wp-content\/uploads\/2026\/03\/cafayate03.jpg\" alt=\"\" width=\"530\" height=\"486\" srcset=\"https:\/\/www.nortesocial.com.ar\/wp-content\/uploads\/2026\/03\/cafayate03.jpg 681w, https:\/\/www.nortesocial.com.ar\/wp-content\/uploads\/2026\/03\/cafayate03-458x420.jpg 458w\" sizes=\"auto, (max-width: 530px) 100vw, 530px\" \/>Para dimensionar la entrega art\u00edstica, imaginate sostener con tus brazos una madera de un metro de largo y dos kilos de peso, durante dos horas continuas. Los guitarreros del grupo del Chaque\u00f1o Palavecino portaron casi seis horas sus instrumentos. Cinco dedos rasgueando la caja ac\u00fastica, y los otros cinco sobre las cuerdas y trastes, haciendo brotar m\u00fasica.<\/p>\n<p>Enmarcando melodiosa y r\u00edtmicamente la entrega cancionera, voz potente y expresiva, el carisma popular del Chaque\u00f1o.<\/p>\n<p><iframe loading=\"lazy\" title=\"Chaque\u00f1o Palavecino en Serenata a Cafayate 2026 | Tercera Noche\" width=\"696\" height=\"392\" src=\"https:\/\/www.youtube.com\/embed\/hnmMzvUYEQA?feature=oembed\" frameborder=\"0\" allow=\"accelerometer; autoplay; clipboard-write; encrypted-media; gyroscope; picture-in-picture; web-share\" referrerpolicy=\"strict-origin-when-cross-origin\" allowfullscreen><\/iframe><\/p>\n<p>&nbsp;<\/p>\n<p><strong>Canto salte\u00f1o<\/strong><\/p>\n<p><em>\u201cVerlos en multitud es ver el Pilcomayo crecido. Verlos unos a lado del otro es ver los p\u00e1jaros del monte acechando el verano. Y si ven que se levanta tierra en el camino&#8230; es porque llega el gran cantor argentino, orgullo de la Patria. Por eso grito \u00a1Viva la Patria! Canta en Serenata el Chaque\u00f1o Palavecino\u201d<\/em><\/p>\n<p>Tal fue la po\u00e9tica presentaci\u00f3n de <strong>Oscar Humacata<\/strong>, animador, locutor, periodista, abogado salte\u00f1o y maestro de ceremonia del folklore.<img loading=\"lazy\" decoding=\"async\" class=\"wp-image-1827 alignleft\" src=\"https:\/\/www.nortesocial.com.ar\/wp-content\/uploads\/2026\/03\/cafa08-2.png\" alt=\"\" width=\"209\" height=\"457\" srcset=\"https:\/\/www.nortesocial.com.ar\/wp-content\/uploads\/2026\/03\/cafa08-2.png 395w, https:\/\/www.nortesocial.com.ar\/wp-content\/uploads\/2026\/03\/cafa08-2-192x420.png 192w\" sizes=\"auto, (max-width: 209px) 100vw, 209px\" \/><\/p>\n<p>Y comenz\u00f3 la fiesta.<\/p>\n<p><strong>Oscar Esperanza Palavecino<\/strong> naci\u00f3 el 18 de diciembre de 1959, en un remoto pueblo del chaco salte\u00f1o. Tierra de comunidades originarias Tobas, Wich\u00ed, Chulupies, Chorotes. Y criollos.<\/p>\n<p>Conoce en carne la pobreza. Entre varios oficios, trabaj\u00f3 como repartidor de garrafas y chofer de \u00f3mnibus. Comenz\u00f3 su trayectoria cantora en 1984. Entre temas como interprete y compositor, grab\u00f3 alrededor de 600 canciones.<\/p>\n<p>Su repertorio es la expresi\u00f3n del chaco salte\u00f1o. Con chacareras, zambas, chamam\u00e9s, taquiraris, cuecas, polcas y gatos.<\/p>\n<p><img loading=\"lazy\" decoding=\"async\" class=\"wp-image-1829 alignright\" src=\"https:\/\/www.nortesocial.com.ar\/wp-content\/uploads\/2026\/03\/cafa09.jpeg\" alt=\"\" width=\"465\" height=\"241\" srcset=\"https:\/\/www.nortesocial.com.ar\/wp-content\/uploads\/2026\/03\/cafa09.jpeg 1420w, https:\/\/www.nortesocial.com.ar\/wp-content\/uploads\/2026\/03\/cafa09-768x398.jpeg 768w, https:\/\/www.nortesocial.com.ar\/wp-content\/uploads\/2026\/03\/cafa09-696x361.jpeg 696w, https:\/\/www.nortesocial.com.ar\/wp-content\/uploads\/2026\/03\/cafa09-1068x554.jpeg 1068w, https:\/\/www.nortesocial.com.ar\/wp-content\/uploads\/2026\/03\/cafa09-810x420.jpeg 810w\" sizes=\"auto, (max-width: 465px) 100vw, 465px\" \/><\/p>\n<p><strong>HIST\u00d3RICO<\/strong><\/p>\n<p><em>\u201cDespedida al cantor popular que inscribe una p\u00e1gina hist\u00f3rica en la m\u00fasica de ra\u00edz folkl\u00f3rica. Marcando un r\u00e9cord en tiempo de actuaci\u00f3n\u201d<\/em><\/p>\n<p style=\"text-align: left;\">Oscar Humacata<\/p>\n<p>&nbsp;<\/p>\n<p><strong>PARA TODOS<\/strong><\/p>\n<p>El predio de la Bodega Encantada qued\u00f3 chico. Miles de personas se quedaron sin entradas. Pasadas las 10 de la ma\u00f1ana, el Chaque\u00f1o le pidi\u00f3 a la intendenta de Cafayate, <strong>Rita Guevara<\/strong>, que abra las puertas <em>&#8220;Intendenta, diga que s\u00ed&#8221;, <\/em>exclam\u00f3. Ella concedi\u00f3, y bajo el sol cafayate\u00f1o la fiesta se multiplic\u00f3.<\/p>\n<p>Cero incidentes.<\/p>\n<p><img loading=\"lazy\" decoding=\"async\" class=\"alignright wp-image-1831\" src=\"https:\/\/www.nortesocial.com.ar\/wp-content\/uploads\/2026\/03\/cafa06.png\" alt=\"\" width=\"550\" height=\"350\" srcset=\"https:\/\/www.nortesocial.com.ar\/wp-content\/uploads\/2026\/03\/cafa06.png 1274w, https:\/\/www.nortesocial.com.ar\/wp-content\/uploads\/2026\/03\/cafa06-768x488.png 768w, https:\/\/www.nortesocial.com.ar\/wp-content\/uploads\/2026\/03\/cafa06-696x443.png 696w, https:\/\/www.nortesocial.com.ar\/wp-content\/uploads\/2026\/03\/cafa06-1068x679.png 1068w, https:\/\/www.nortesocial.com.ar\/wp-content\/uploads\/2026\/03\/cafa06-661x420.png 661w\" sizes=\"auto, (max-width: 550px) 100vw, 550px\" \/><\/p>\n<p><strong>ME EMBRUJA LA SERENATA<\/strong><\/p>\n<p><em>En el Valle Calchaqu\u00ed<\/em><\/p>\n<p><em>tom\u00e1 un vino y al\u00e9grate<\/em><\/p>\n<p><em>entonces podr\u00e1s decir<\/em><\/p>\n<p><em>que el cielo est\u00e1 en Cafayate.<\/em><\/p>\n<p><strong>(La serenate\u00f1a)<\/strong><\/p>\n<p>&nbsp;<\/p>\n<p>(Im\u00e1genes: gentileza Oscar Humacata)<\/p>\n","protected":false},"excerpt":{"rendered":"<p>La luna y el sol se unieron en romance a guitarras, violines, bandone\u00f3n y bombo. En Cafayate, junto al Chaque\u00f1o Palavecino y m\u00e1s de 25 mil personas. Desde la madrugada hasta el mediod\u00eda. &nbsp; Cuatro guitarreros, tres violinistas, un bandoneonista, un bombista, dirigidos por Oscar Esperanza Palavecino, ocuparon el escenario Payo Sol\u00e1, en la Bodega [&hellip;]<\/p>\n","protected":false},"author":2,"featured_media":1832,"comment_status":"open","ping_status":"closed","sticky":false,"template":"","format":"standard","meta":{"footnotes":""},"categories":[9,2,47],"tags":[195,373,18,17,374],"class_list":["post-1824","post","type-post","status-publish","format-standard","has-post-thumbnail","hentry","category-cultura-y-espectaculos","category-destacadas","category-salta","tag-cafayate","tag-chaqueno-palavecino","tag-dario-illanes","tag-norte-social","tag-serenata"],"_links":{"self":[{"href":"https:\/\/www.nortesocial.com.ar\/index.php?rest_route=\/wp\/v2\/posts\/1824","targetHints":{"allow":["GET"]}}],"collection":[{"href":"https:\/\/www.nortesocial.com.ar\/index.php?rest_route=\/wp\/v2\/posts"}],"about":[{"href":"https:\/\/www.nortesocial.com.ar\/index.php?rest_route=\/wp\/v2\/types\/post"}],"author":[{"embeddable":true,"href":"https:\/\/www.nortesocial.com.ar\/index.php?rest_route=\/wp\/v2\/users\/2"}],"replies":[{"embeddable":true,"href":"https:\/\/www.nortesocial.com.ar\/index.php?rest_route=%2Fwp%2Fv2%2Fcomments&post=1824"}],"version-history":[{"count":8,"href":"https:\/\/www.nortesocial.com.ar\/index.php?rest_route=\/wp\/v2\/posts\/1824\/revisions"}],"predecessor-version":[{"id":1839,"href":"https:\/\/www.nortesocial.com.ar\/index.php?rest_route=\/wp\/v2\/posts\/1824\/revisions\/1839"}],"wp:featuredmedia":[{"embeddable":true,"href":"https:\/\/www.nortesocial.com.ar\/index.php?rest_route=\/wp\/v2\/media\/1832"}],"wp:attachment":[{"href":"https:\/\/www.nortesocial.com.ar\/index.php?rest_route=%2Fwp%2Fv2%2Fmedia&parent=1824"}],"wp:term":[{"taxonomy":"category","embeddable":true,"href":"https:\/\/www.nortesocial.com.ar\/index.php?rest_route=%2Fwp%2Fv2%2Fcategories&post=1824"},{"taxonomy":"post_tag","embeddable":true,"href":"https:\/\/www.nortesocial.com.ar\/index.php?rest_route=%2Fwp%2Fv2%2Ftags&post=1824"}],"curies":[{"name":"wp","href":"https:\/\/api.w.org\/{rel}","templated":true}]}}