{"id":1840,"date":"2026-03-05T03:15:13","date_gmt":"2026-03-05T06:15:13","guid":{"rendered":"https:\/\/www.nortesocial.com.ar\/?p=1840"},"modified":"2026-03-05T03:15:13","modified_gmt":"2026-03-05T06:15:13","slug":"voy-a-ser-la-voz-de-una-mujer-que-ya-no-tiene-voz","status":"publish","type":"post","link":"https:\/\/www.nortesocial.com.ar\/?p=1840","title":{"rendered":"\u201cVOY A SER LA VOZ DE UNA  MUJER QUE YA NO TIENE VOZ\u201d"},"content":{"rendered":"<h3><strong><em>Dalma muri\u00f3 asesinada a los 22 a\u00f1os. Pero su calvario comenz\u00f3 cuando era ni\u00f1a, atrapada por la droga. Un jurado popular consider\u00f3 culpable a V\u00edctor Manuel M\u00e1rquez, otro joven adicto. Perpetua.<\/em><\/strong><\/h3>\n<p><strong><em>\u00a0<\/em><\/strong><\/p>\n<p>De modo contundente se estren\u00f3 el estructural cambio en el sistema penal salte\u00f1o. Al incorporar la participaci\u00f3n directa de la ciudadan\u00eda en la administraci\u00f3n de justicia. Juzgando un atroz femicidio.<\/p>\n<p>Casi al anochecer del mi\u00e9rcoles 4 de marzo, luego de deliberar por m\u00e1s de dos horas, el jurado popular pronunci\u00f3 el un\u00e1nime veredicto. <strong>V\u00edctor M\u00e1rquez<\/strong>, de 22 a\u00f1os, era culpable del delito de homicidio calificado por mediar violencia de g\u00e9nero (femicidio), y por ser cometido con ensa\u00f1amiento y alevos\u00eda. De <strong>Dalma Salom\u00e9 Bataches<\/strong><\/p>\n<figure id=\"attachment_1843\" aria-describedby=\"caption-attachment-1843\" style=\"width: 373px\" class=\"wp-caption alignleft\"><img loading=\"lazy\" decoding=\"async\" class=\" wp-image-1843\" src=\"https:\/\/www.nortesocial.com.ar\/wp-content\/uploads\/2026\/03\/Dalma04.jpg\" alt=\"\" width=\"373\" height=\"475\" srcset=\"https:\/\/www.nortesocial.com.ar\/wp-content\/uploads\/2026\/03\/Dalma04.jpg 532w, https:\/\/www.nortesocial.com.ar\/wp-content\/uploads\/2026\/03\/Dalma04-330x420.jpg 330w\" sizes=\"auto, (max-width: 373px) 100vw, 373px\" \/><figcaption id=\"caption-attachment-1843\" class=\"wp-caption-text\">V\u00cdCTOR M\u00c1RQUEZ<\/figcaption><\/figure>\n<p>Ante el dictamen ciudadano, el <strong>juez Guillermo Pereyra<\/strong> le impuso al acusado la pena de prisi\u00f3n perpetua.<\/p>\n<p><strong>Dalma Salom\u00e9 Bataches<\/strong> fue hallada masacrada, el 19 de septiembre de 2024, debajo del puente del barrio Santa Luc\u00eda (ciudad de Salta).<\/p>\n<p>&nbsp;<\/p>\n<p><strong>El lugar de la v\u00edctima<\/strong><\/p>\n<p>Para la <strong>fiscal Mar\u00eda Luj\u00e1n Sodero Calvet<\/strong> se trataba de una prueba de fuego. Por primera vez en su extensa trayectoria judicial deb\u00eda dirigirse no ante un tribunal o juez, sino alegar <strong>frente a doce ciudadanos<\/strong>. A un jurado popular.<\/p>\n<p>Dirigirse a magistrados, en cierto modo, puede resultar una tarea m\u00e1s sencilla, por lo conocida. Se habla con el lenguaje t\u00e9cnico legal compartido, dentro de las leyes, procesos, jurisprudencias.<\/p>\n<p>En cambio, ante un jurado popular, integrado por vecinos, sin conocimientos en derecho, hay que <strong>ejercer la tarea m\u00e1s dif\u00edcil: ser sencillo y claro<\/strong>. Explicar, persuadir, convencer.<\/p>\n<figure id=\"attachment_1844\" aria-describedby=\"caption-attachment-1844\" style=\"width: 423px\" class=\"wp-caption alignleft\"><img loading=\"lazy\" decoding=\"async\" class=\" wp-image-1844\" src=\"https:\/\/www.nortesocial.com.ar\/wp-content\/uploads\/2026\/03\/Dalma07.jpeg\" alt=\"\" width=\"423\" height=\"465\" srcset=\"https:\/\/www.nortesocial.com.ar\/wp-content\/uploads\/2026\/03\/Dalma07.jpeg 874w, https:\/\/www.nortesocial.com.ar\/wp-content\/uploads\/2026\/03\/Dalma07-768x845.jpeg 768w, https:\/\/www.nortesocial.com.ar\/wp-content\/uploads\/2026\/03\/Dalma07-696x766.jpeg 696w, https:\/\/www.nortesocial.com.ar\/wp-content\/uploads\/2026\/03\/Dalma07-382x420.jpeg 382w\" sizes=\"auto, (max-width: 423px) 100vw, 423px\" \/><figcaption id=\"caption-attachment-1844\" class=\"wp-caption-text\">FISCAL MAR\u00cdA LUJ\u00c1N SODERO CALVET<\/figcaption><\/figure>\n<p>Calvet personific\u00f3 a la v\u00edctima. <em>\u201cDalma no est\u00e1, pero su cuerpo y las marcas que ten\u00eda en su cuerpo nos van a dar su versi\u00f3n. Hoy en este juicio yo voy a ser la voz de una mujer que ya no tiene voz, de una mujer que fue silenciada. Voy a ser la voz de una v\u00edctima\u201d.<\/em><\/p>\n<p>&nbsp;<\/p>\n<p><strong>Larga agon\u00eda<\/strong><\/p>\n<p>La fiscal simplific\u00f3 la crucial prueba forense para demostrar el ensa\u00f1amiento: <em>\u201cDalma no muri\u00f3 de forma instant\u00e1nea, sino tras una secuencia prolongada de golpes, asfixia y traumatismo craneoencef\u00e1lico. Los peritos explicaron que las lesiones fueron vitales, lo que indica que la v\u00edctima estuvo consciente durante todo el ataque, sufriendo un proceso ag\u00f3nico. La sucesi\u00f3n de acciones \u2014estrangulamiento reiterado, b\u00fasqueda de un bloque de cemento y m\u00faltiples golpes\u2014 evidenci\u00f3 decisi\u00f3n, tiempo para reflexionar y voluntad de continuar hasta provocar la muerte, descartando cualquier arrebato o p\u00e9rdida de control\u201d.<\/em><\/p>\n<p>Y describi\u00f3 la <strong>alevos\u00eda y violencia de g\u00e9nero<\/strong>: <em>\u201cel crimen se cometi\u00f3 en un lugar oscuro, aislado y sin posibilidad de auxilio, donde Dalma estaba completamente indefensa, debilitada y sin capacidad de defensa. La superioridad f\u00edsica del imputado fue utilizada para dominarla y someterla, y el cuerpo fue abandonado como un desecho en un sitio cubierto de basura, lo que reforz\u00f3 el mensaje de desprecio y cosificaci\u00f3n\u201d.<\/em><\/p>\n<figure id=\"attachment_1845\" aria-describedby=\"caption-attachment-1845\" style=\"width: 500px\" class=\"wp-caption alignright\"><img loading=\"lazy\" decoding=\"async\" class=\"size-full wp-image-1845\" src=\"https:\/\/www.nortesocial.com.ar\/wp-content\/uploads\/2026\/03\/Dalma01.jpg\" alt=\"\" width=\"500\" height=\"414\" \/><figcaption id=\"caption-attachment-1845\" class=\"wp-caption-text\">AQU\u00cd MATARON A DALMA<\/figcaption><\/figure>\n<p><strong>Asesino y v\u00edctima<\/strong><\/p>\n<p>La defensora oficial, <strong>Karina Peralta<\/strong>, reconoci\u00f3 que V\u00edctor Marquez mat\u00f3 a Dalma. <em>\u201cVengo a reconocer que mi defendido es responsable por la muerte de Dalma Salom\u00e9 Bataches. Eso no est\u00e1 en discusi\u00f3n\u201d<\/em>, manifest\u00f3.<\/p>\n<p><em>\u201cDalma y V\u00edctor no eran amigos, no eran pareja, no conviv\u00edan. Solo los un\u00eda un pasado y un presente atravesado por el consumo de drogas\u201d, expres\u00f3. \u201cNo hay otra explicaci\u00f3n para lo que sucedi\u00f3 que el extremo consumo de drogas\u201d,<\/em> aleg\u00f3.<\/p>\n<p>La defensora describi\u00f3 que ambos se encontraban bajo el <strong>puente del barrio Santa Luc\u00eda<\/strong>, drog\u00e1ndose. <em>\u201cNecesitamos pensar en qu\u00e9 estado estaba V\u00edctor en ese momento \u00bfEl V\u00edctor que estaba all\u00ed era el V\u00edctor l\u00facido? \u00bfEra el V\u00edctor orientado en tiempo y espacio? \u00bfO era V\u00edctor que hab\u00eda consumido y que estaba con alucinaciones paranoicas? \u00bfEntend\u00eda V\u00edctor lo que hac\u00eda? \u00bfEntend\u00eda lo que hizo? Probablemente no\u201d,<\/em> argument\u00f3.<\/p>\n<p>&nbsp;<\/p>\n<p><strong>\u201cNOSOTROS, EL JURADO\u201d<\/strong><\/p>\n<p>Doce ciudadanos resolvieron que V\u00edctor M\u00e1rquez mat\u00f3 a Dalma Bataches. Atendieron durante tres d\u00edas testimonios, pruebas y alegatos. Luego, a puertas cerradas, deliberaron casi tres horas.<\/p>\n<figure id=\"attachment_1846\" aria-describedby=\"caption-attachment-1846\" style=\"width: 420px\" class=\"wp-caption alignright\"><img loading=\"lazy\" decoding=\"async\" class=\" wp-image-1846\" src=\"https:\/\/www.nortesocial.com.ar\/wp-content\/uploads\/2026\/03\/Dalma06.jpg\" alt=\"\" width=\"420\" height=\"255\" srcset=\"https:\/\/www.nortesocial.com.ar\/wp-content\/uploads\/2026\/03\/Dalma06.jpg 1059w, https:\/\/www.nortesocial.com.ar\/wp-content\/uploads\/2026\/03\/Dalma06-768x466.jpg 768w, https:\/\/www.nortesocial.com.ar\/wp-content\/uploads\/2026\/03\/Dalma06-696x423.jpg 696w, https:\/\/www.nortesocial.com.ar\/wp-content\/uploads\/2026\/03\/Dalma06-692x420.jpg 692w\" sizes=\"auto, (max-width: 420px) 100vw, 420px\" \/><figcaption id=\"caption-attachment-1846\" class=\"wp-caption-text\">JURADO POPULAR EN BUENOS AIRES<\/figcaption><\/figure>\n<p>El representante del jurado popular expres\u00f3: <em>\u201cNosotros, el jurado, por unanimidad conforme al requerimiento de la acusaci\u00f3n, encontramos al acusado V\u00edctor Manuel M\u00e1rquez culpable del delito de homicidio calificado por femicidio, alevos\u00eda y ensa\u00f1amiento\u201d.<\/em><\/p>\n<p><img loading=\"lazy\" decoding=\"async\" class=\" wp-image-1847 alignleft\" src=\"https:\/\/www.nortesocial.com.ar\/wp-content\/uploads\/2026\/03\/Dalma02.jpg\" alt=\"\" width=\"229\" height=\"323\" srcset=\"https:\/\/www.nortesocial.com.ar\/wp-content\/uploads\/2026\/03\/Dalma02.jpg 455w, https:\/\/www.nortesocial.com.ar\/wp-content\/uploads\/2026\/03\/Dalma02-298x420.jpg 298w\" sizes=\"auto, (max-width: 229px) 100vw, 229px\" \/><\/p>\n<p><strong>15 A\u00d1OS<\/strong><\/p>\n<p>La familia de Dalma denunci\u00f3 su desaparici\u00f3n el 7 de mayo de 2017, desde la Villa San Jos\u00e9. Ella ten\u00eda 15 a\u00f1os. Hab\u00eda ca\u00eddo en las garras de la pasta base.<\/p>\n","protected":false},"excerpt":{"rendered":"<p>Dalma muri\u00f3 asesinada a los 22 a\u00f1os. Pero su calvario comenz\u00f3 cuando era ni\u00f1a, atrapada por la droga. Un jurado popular consider\u00f3 culpable a V\u00edctor Manuel M\u00e1rquez, otro joven adicto. Perpetua. \u00a0 De modo contundente se estren\u00f3 el estructural cambio en el sistema penal salte\u00f1o. Al incorporar la participaci\u00f3n directa de la ciudadan\u00eda en la [&hellip;]<\/p>\n","protected":false},"author":2,"featured_media":1841,"comment_status":"open","ping_status":"closed","sticky":false,"template":"","format":"standard","meta":{"footnotes":""},"categories":[6,2,47],"tags":[376,18,366,375,17],"class_list":["post-1840","post","type-post","status-publish","format-standard","has-post-thumbnail","hentry","category-cronicas-criminales","category-destacadas","category-salta","tag-dalma-bataches","tag-dario-illanes","tag-femicidio","tag-fiscal-calvet","tag-norte-social"],"_links":{"self":[{"href":"https:\/\/www.nortesocial.com.ar\/index.php?rest_route=\/wp\/v2\/posts\/1840","targetHints":{"allow":["GET"]}}],"collection":[{"href":"https:\/\/www.nortesocial.com.ar\/index.php?rest_route=\/wp\/v2\/posts"}],"about":[{"href":"https:\/\/www.nortesocial.com.ar\/index.php?rest_route=\/wp\/v2\/types\/post"}],"author":[{"embeddable":true,"href":"https:\/\/www.nortesocial.com.ar\/index.php?rest_route=\/wp\/v2\/users\/2"}],"replies":[{"embeddable":true,"href":"https:\/\/www.nortesocial.com.ar\/index.php?rest_route=%2Fwp%2Fv2%2Fcomments&post=1840"}],"version-history":[{"count":3,"href":"https:\/\/www.nortesocial.com.ar\/index.php?rest_route=\/wp\/v2\/posts\/1840\/revisions"}],"predecessor-version":[{"id":1849,"href":"https:\/\/www.nortesocial.com.ar\/index.php?rest_route=\/wp\/v2\/posts\/1840\/revisions\/1849"}],"wp:featuredmedia":[{"embeddable":true,"href":"https:\/\/www.nortesocial.com.ar\/index.php?rest_route=\/wp\/v2\/media\/1841"}],"wp:attachment":[{"href":"https:\/\/www.nortesocial.com.ar\/index.php?rest_route=%2Fwp%2Fv2%2Fmedia&parent=1840"}],"wp:term":[{"taxonomy":"category","embeddable":true,"href":"https:\/\/www.nortesocial.com.ar\/index.php?rest_route=%2Fwp%2Fv2%2Fcategories&post=1840"},{"taxonomy":"post_tag","embeddable":true,"href":"https:\/\/www.nortesocial.com.ar\/index.php?rest_route=%2Fwp%2Fv2%2Ftags&post=1840"}],"curies":[{"name":"wp","href":"https:\/\/api.w.org\/{rel}","templated":true}]}}