{"id":1850,"date":"2026-03-07T14:04:41","date_gmt":"2026-03-07T17:04:41","guid":{"rendered":"https:\/\/www.nortesocial.com.ar\/?p=1850"},"modified":"2026-03-07T22:35:20","modified_gmt":"2026-03-08T01:35:20","slug":"manejaba-su-auto-y-murio-por-una-pedrada","status":"publish","type":"post","link":"https:\/\/www.nortesocial.com.ar\/?p=1850","title":{"rendered":"MANEJABA SU AUTO Y MURI\u00d3, \u00bfPOR UNA PEDRADA?"},"content":{"rendered":"<p><strong><em>Ten\u00eda 32 a\u00f1os y dos hijos. Sali\u00f3 de su trabajo y presuntamente una piedra alcanz\u00f3 su cabeza. Un \u201ctrapito\u201d ser\u00e1 juzgado. Cr\u00edticas de la familia Ramasco.<\/em><\/strong><\/p>\n<p><strong> <img loading=\"lazy\" decoding=\"async\" class=\"size-full wp-image-1855 alignleft\" src=\"https:\/\/www.nortesocial.com.ar\/wp-content\/uploads\/2026\/03\/Ramasco06.png\" alt=\"\" width=\"288\" height=\"175\" \/><\/strong><\/p>\n<p>Alrededor de las 17 del lunes 9 de diciembre de 2024, <strong>Lautaro Alberto Ramasco<\/strong> (32 a\u00f1os) sali\u00f3 en su auto desde su trabajo en la empresa Ale Hnos., ubicada en Villa Mar\u00eda Ester (ciudad de Salta). A las 17.30, una ambulancia lo traslad\u00f3 en \u201cC\u00f3digo Rojo\u201d hacia el hospital San Bernardo. Con diagn\u00f3stico de \u201c<strong>hundimiento de cr\u00e1neo grave\u201d.<\/strong> Muri\u00f3 el s\u00e1bado 14. <strong>Ten\u00eda dos peque\u00f1os hijos.<\/strong><\/p>\n<p>Parad\u00f3jicamente, Ramasco no hab\u00eda sufrido un siniestro vial. El veh\u00edculo s\u00f3lo ten\u00eda raspones, detenido contra las barandas de la semiautopista, a la altura del Estadio Padre Martearena. Empero, el vidrio del lado del conductor estaba roto.<\/p>\n<p><img loading=\"lazy\" decoding=\"async\" class=\"alignright size-full wp-image-1852\" src=\"https:\/\/www.nortesocial.com.ar\/wp-content\/uploads\/2026\/03\/Ramasco05.png\" alt=\"\" width=\"259\" height=\"194\" srcset=\"https:\/\/www.nortesocial.com.ar\/wp-content\/uploads\/2026\/03\/Ramasco05.png 259w, https:\/\/www.nortesocial.com.ar\/wp-content\/uploads\/2026\/03\/Ramasco05-80x60.png 80w\" sizes=\"auto, (max-width: 259px) 100vw, 259px\" \/>Mientras conduc\u00eda, Lautaro recibi\u00f3 un <strong>inesperado y fatal ataque<\/strong>. Logr\u00f3 escapar, pero malherido en la cabeza, perdi\u00f3 el control de su veh\u00edculo e impact\u00f3 desliz\u00e1ndose el auto sobre las guardas met\u00e1licas.<\/p>\n<p>Supuestamente, un testigo que circulaba detr\u00e1s del auto de Ramasco se sorprendi\u00f3 cuando el veh\u00edculo imprevistamente cruz\u00f3 de carril y rasp\u00f3 el guardarra\u00edl. La v\u00edctima ten\u00eda colocado el cintur\u00f3n de seguridad y circulaba a velocidad prudente.<\/p>\n<p><strong>Ocho d\u00edas despu\u00e9s<\/strong> de la sospecha muerte de Lautaro Ramasco, un fiscal decidi\u00f3 iniciar la investigaci\u00f3n. Fue el lunes 16 de diciembre, por parte del fiscal penal de la Unidad de Graves Atentados contra las Personas 1, Leandro Flores. Tard\u00eda reacci\u00f3n ante los dolores, reclamos y acusaciones en las redes sociales<\/p>\n<p><img loading=\"lazy\" decoding=\"async\" class=\"alignright wp-image-1853\" src=\"https:\/\/www.nortesocial.com.ar\/wp-content\/uploads\/2026\/03\/Ramasco03.png\" alt=\"\" width=\"333\" height=\"217\" \/><\/p>\n<p><strong>\u201cTrapito\u201d<\/strong><\/p>\n<p>De acuerdo al fiscal, el lunes 27 de enero de 2025 <em>\u201cse procedi\u00f3 a la detenci\u00f3n de un sospechoso que podr\u00eda estar relacionado con el caso Ramasco<\/em>\u201d. El detenido fue <strong>Gabriel Alejandro Quispe Cejas<\/strong>, acusado del delito de <strong>homicidio simple<\/strong>.<\/p>\n<p>Ernesto Ramasco, t\u00edo de la v\u00edctima, afirm\u00f3 haber tenido acceso a las im\u00e1genes de las c\u00e1maras de seguridad y a los informes de la fiscal\u00eda. Seg\u00fan su relato, en las grabaciones se observa a dos individuos, descritos como &#8220;trapitos&#8221;, que llegaron al lugar y \u201csimularon una pelea&#8221;<\/p>\n<p>En esa zona nunca hab\u00eda visto &#8216;trapitos&#8217;, y eso llama la atenci\u00f3n. <em>\u201cLas im\u00e1genes muestran a dos personas bien vestidas<\/em>&#8220;, se\u00f1al\u00f3 Ernesto, quien adem\u00e1s destac\u00f3 que <strong>el padre insiste en que el hecho fue un atentado<\/strong>, vinculado a la relaci\u00f3n que el joven manten\u00eda con la expareja de un conductor de televisi\u00f3n.<\/p>\n<figure id=\"attachment_1854\" aria-describedby=\"caption-attachment-1854\" style=\"width: 399px\" class=\"wp-caption alignright\"><img loading=\"lazy\" decoding=\"async\" class=\"size-full wp-image-1854\" src=\"https:\/\/www.nortesocial.com.ar\/wp-content\/uploads\/2026\/03\/Ramasco01.png\" alt=\"\" width=\"399\" height=\"356\" \/><figcaption id=\"caption-attachment-1854\" class=\"wp-caption-text\">PADRE. OSCAR RAMASCO<\/figcaption><\/figure>\n<p><strong>La familia<\/strong><\/p>\n<p>La semana pasada, el fiscal penal 1 de la Unidad de Graves Atentados contra las Personas, <strong>Santiago L\u00f3pez Soto<\/strong>, requiri\u00f3 juicio ante el Juzgado de Garant\u00edas 1 del distrito Centro contra el acusado.<\/p>\n<p>El fiscal detall\u00f3 en el requerimiento las pruebas. Entre ellas testimonios, an\u00e1lisis de c\u00e1maras de seguridad, pericias accidentol\u00f3gicas, informes m\u00e9dicos y forenses, y otras diligencias realizadas por el Cuerpo de Investigaciones Fiscales y personal policial especializado.<\/p>\n<p>De acuerdo con la acusaci\u00f3n, Quispe habr\u00eda arrojado un objeto contundente (piedra) contra el veh\u00edculo de la v\u00edctima, provoc\u00e1ndole lesiones de extrema gravedad que derivaron en su fallecimiento d\u00edas despu\u00e9s.\u00a0 El Ministerio P\u00fablico consider\u00f3 acreditada la materialidad del hecho y la responsabilidad penal del acusado, por lo que requiri\u00f3 la remisi\u00f3n de la causa a juicio ante el tribunal competente.<\/p>\n<p>Parad\u00f3jicamente, <strong>la familia y querella descreen del proceso judicial<\/strong>. Denuncian irregularidades. Arguyen que la causa fue mal investigada y piden la investigaci\u00f3n de otras hip\u00f3tesis.<\/p>\n<p><strong> <img loading=\"lazy\" decoding=\"async\" class=\"alignright size-full wp-image-1856\" src=\"https:\/\/www.nortesocial.com.ar\/wp-content\/uploads\/2026\/03\/Ramasco04.png\" alt=\"\" width=\"259\" height=\"194\" srcset=\"https:\/\/www.nortesocial.com.ar\/wp-content\/uploads\/2026\/03\/Ramasco04.png 259w, https:\/\/www.nortesocial.com.ar\/wp-content\/uploads\/2026\/03\/Ramasco04-80x60.png 80w\" sizes=\"auto, (max-width: 259px) 100vw, 259px\" \/><\/strong><\/p>\n<p><strong>\u201cCLIMA DE IMPUNIDAD\u201d<\/strong><\/p>\n<p><strong>Oscar Ramasco<\/strong>, padre de la v\u00edctima, asegur\u00f3: <em>\u201cse percibe un clima de impunidad\u201d.<\/em> Asegurando irregularidades en el proceso critic\u00f3 la decisi\u00f3n de elevar la causa a juicio.<\/p>\n<p><em>\u201cLa piedra no tiene huellas dactilares, ni rastros de cabello ni de la cabeza de Lautaro. Tampoco tiene ADN del supuesto homicida. Adem\u00e1s, hay otro elemento cortopunzante que aparece\u201d,<\/em> describi\u00f3.<\/p>\n<p><strong>\u00a0<\/strong><\/p>\n<p><strong>MOROSA INVESTIGACI\u00d3N<\/strong><\/p>\n<p>De acuerdo a la querella, ocho d\u00edas transcurrieron desde el ataque a Lautaro Ramasco en la avenida Tavella y la investigaci\u00f3n en la escena del crimen.<\/p>\n","protected":false},"excerpt":{"rendered":"<p>Ten\u00eda 32 a\u00f1os y dos hijos. Sali\u00f3 de su trabajo y presuntamente una piedra alcanz\u00f3 su cabeza. Un \u201ctrapito\u201d ser\u00e1 juzgado. Cr\u00edticas de la familia Ramasco. Alrededor de las 17 del lunes 9 de diciembre de 2024, Lautaro Alberto Ramasco (32 a\u00f1os) sali\u00f3 en su auto desde su trabajo en la empresa Ale Hnos., ubicada [&hellip;]<\/p>\n","protected":false},"author":2,"featured_media":1851,"comment_status":"open","ping_status":"closed","sticky":false,"template":"","format":"standard","meta":{"footnotes":""},"categories":[6,2,47],"tags":[29,18,377,17,291],"class_list":["post-1850","post","type-post","status-publish","format-standard","has-post-thumbnail","hentry","category-cronicas-criminales","category-destacadas","category-salta","tag-cronicas-criminales","tag-dario-illanes","tag-lautaro-ramasco","tag-norte-social","tag-trapitos"],"_links":{"self":[{"href":"https:\/\/www.nortesocial.com.ar\/index.php?rest_route=\/wp\/v2\/posts\/1850","targetHints":{"allow":["GET"]}}],"collection":[{"href":"https:\/\/www.nortesocial.com.ar\/index.php?rest_route=\/wp\/v2\/posts"}],"about":[{"href":"https:\/\/www.nortesocial.com.ar\/index.php?rest_route=\/wp\/v2\/types\/post"}],"author":[{"embeddable":true,"href":"https:\/\/www.nortesocial.com.ar\/index.php?rest_route=\/wp\/v2\/users\/2"}],"replies":[{"embeddable":true,"href":"https:\/\/www.nortesocial.com.ar\/index.php?rest_route=%2Fwp%2Fv2%2Fcomments&post=1850"}],"version-history":[{"count":2,"href":"https:\/\/www.nortesocial.com.ar\/index.php?rest_route=\/wp\/v2\/posts\/1850\/revisions"}],"predecessor-version":[{"id":1858,"href":"https:\/\/www.nortesocial.com.ar\/index.php?rest_route=\/wp\/v2\/posts\/1850\/revisions\/1858"}],"wp:featuredmedia":[{"embeddable":true,"href":"https:\/\/www.nortesocial.com.ar\/index.php?rest_route=\/wp\/v2\/media\/1851"}],"wp:attachment":[{"href":"https:\/\/www.nortesocial.com.ar\/index.php?rest_route=%2Fwp%2Fv2%2Fmedia&parent=1850"}],"wp:term":[{"taxonomy":"category","embeddable":true,"href":"https:\/\/www.nortesocial.com.ar\/index.php?rest_route=%2Fwp%2Fv2%2Fcategories&post=1850"},{"taxonomy":"post_tag","embeddable":true,"href":"https:\/\/www.nortesocial.com.ar\/index.php?rest_route=%2Fwp%2Fv2%2Ftags&post=1850"}],"curies":[{"name":"wp","href":"https:\/\/api.w.org\/{rel}","templated":true}]}}