{"id":1872,"date":"2026-03-09T23:54:07","date_gmt":"2026-03-10T02:54:07","guid":{"rendered":"https:\/\/www.nortesocial.com.ar\/?p=1872"},"modified":"2026-03-09T23:54:07","modified_gmt":"2026-03-10T02:54:07","slug":"el-futbol-volveria-a-ser-para-todos","status":"publish","type":"post","link":"https:\/\/www.nortesocial.com.ar\/?p=1872","title":{"rendered":"EL F\u00daTBOL VOLVER\u00cdA A SER PARA TODOS"},"content":{"rendered":"<h3><strong><em>La AFA anunciar\u00eda la transmisi\u00f3n sin costo del f\u00fatbol argentino. Ser\u00eda mediante una plataforma digital. Incluir\u00eda los partidos de la Liga, Primera, Interior y todas las divisiones.<\/em><\/strong><\/h3>\n<p>&nbsp;<\/p>\n<p>Alrededor de 2.500.000 personas miran por televisi\u00f3n o internet el popular deporte.<\/p>\n<figure id=\"attachment_1874\" aria-describedby=\"caption-attachment-1874\" style=\"width: 333px\" class=\"wp-caption alignright\"><img loading=\"lazy\" decoding=\"async\" class=\" wp-image-1874\" src=\"https:\/\/www.nortesocial.com.ar\/wp-content\/uploads\/2026\/03\/FPT01.jpg\" alt=\"\" width=\"333\" height=\"238\" srcset=\"https:\/\/www.nortesocial.com.ar\/wp-content\/uploads\/2026\/03\/FPT01.jpg 939w, https:\/\/www.nortesocial.com.ar\/wp-content\/uploads\/2026\/03\/FPT01-768x550.jpg 768w, https:\/\/www.nortesocial.com.ar\/wp-content\/uploads\/2026\/03\/FPT01-696x498.jpg 696w, https:\/\/www.nortesocial.com.ar\/wp-content\/uploads\/2026\/03\/FPT01-587x420.jpg 587w, https:\/\/www.nortesocial.com.ar\/wp-content\/uploads\/2026\/03\/FPT01-100x70.jpg 100w\" sizes=\"auto, (max-width: 333px) 100vw, 333px\" \/><figcaption id=\"caption-attachment-1874\" class=\"wp-caption-text\">EMETERIO FAR\u00cdAS<\/figcaption><\/figure>\n<p>El veterano dirigente cordob\u00e9s <strong>Emeterio Far\u00edas<\/strong> adelant\u00f3 que la <strong>Asociaci\u00f3n del F\u00fatbol Argentino <\/strong>(AFA) anunciar\u00e1 un nuevo sistema de transmisi\u00f3n que permitir\u00eda volver a ver los partidos del f\u00fatbol argentino. <strong>Gratis<\/strong>, a trav\u00e9s de una plataforma digital.<\/p>\n<p>En una entrevista con Punto a Punto Radio (C\u00f3rdoba), Far\u00edas sostuvo que el proyecto funcionar\u00eda de manera similar al sistema estatal <strong>F\u00fatbol para Todos. <\/strong><\/p>\n<p>La propuesta busca democratizar -en principio- el acceso a los encuentros del campeonato de Primera Divisi\u00f3n. Ser\u00e1 mediante una aplicaci\u00f3n digital creada por la AFA. Los detalles t\u00e9cnicos del sistema, as\u00ed como la fecha de lanzamiento, ser\u00e1n presentados oficialmente en los pr\u00f3ximos d\u00edas.<\/p>\n<p><strong>Golazo<\/strong><\/p>\n<p><img loading=\"lazy\" decoding=\"async\" class=\"alignright  wp-image-1877\" src=\"https:\/\/www.nortesocial.com.ar\/wp-content\/uploads\/2026\/03\/FPT05.jpg\" alt=\"\" width=\"435\" height=\"290\" srcset=\"https:\/\/www.nortesocial.com.ar\/wp-content\/uploads\/2026\/03\/FPT05.jpg 720w, https:\/\/www.nortesocial.com.ar\/wp-content\/uploads\/2026\/03\/FPT05-696x464.jpg 696w, https:\/\/www.nortesocial.com.ar\/wp-content\/uploads\/2026\/03\/FPT05-630x420.jpg 630w\" sizes=\"auto, (max-width: 435px) 100vw, 435px\" \/><\/p>\n<p><em>\u201cSer\u00eda como fue el F\u00fatbol para Todos<\/em>\u201d se\u00f1al\u00f3 el cordob\u00e9s. La iniciativa coincide con declaraciones recientes del presidente de la AFA, <strong>Claudio \u201cChiqui\u201d Tapia<\/strong>, quien remarc\u00f3 la necesidad de ampliar el acceso a las transmisiones. <em>\u201cTenemos que entender que el f\u00fatbol es uno solo y es para todos<\/em>\u201d, expres\u00f3 el titular de la entidad.<\/p>\n<p>Far\u00edas defiende firmemente la gesti\u00f3n de &#8220;Chiqui&#8221; Tapia. Contrario a que los clubes se conviertan en <strong>sociedades an\u00f3nimas<\/strong>. El dirigente de C\u00f3rdoba proclama la necesidad de <strong>proteger la vida institucional del f\u00fatbol nacional<\/strong>, rechazando presuntas irregularidades administrativas se\u00f1aladas por algunos medios.<\/p>\n<p><img loading=\"lazy\" decoding=\"async\" class=\"alignright  wp-image-1876\" src=\"https:\/\/www.nortesocial.com.ar\/wp-content\/uploads\/2026\/03\/FTP09.png\" alt=\"\" width=\"398\" height=\"246\" srcset=\"https:\/\/www.nortesocial.com.ar\/wp-content\/uploads\/2026\/03\/FTP09.png 1136w, https:\/\/www.nortesocial.com.ar\/wp-content\/uploads\/2026\/03\/FTP09-768x476.png 768w, https:\/\/www.nortesocial.com.ar\/wp-content\/uploads\/2026\/03\/FTP09-696x431.png 696w, https:\/\/www.nortesocial.com.ar\/wp-content\/uploads\/2026\/03\/FTP09-1068x662.png 1068w, https:\/\/www.nortesocial.com.ar\/wp-content\/uploads\/2026\/03\/FTP09-678x420.png 678w, https:\/\/www.nortesocial.com.ar\/wp-content\/uploads\/2026\/03\/FTP09-356x220.png 356w\" sizes=\"auto, (max-width: 398px) 100vw, 398px\" \/><\/p>\n<p><strong>Estilos<\/strong><\/p>\n<p><strong>\u201cF\u00fatbol Para Todos\u201d<\/strong> fue creado en 2009 durante la presidencia de <strong>Cristina Fern\u00e1ndez de Kirchner<\/strong>. Finaliz\u00f3 en el a\u00f1o 2017, cuando el gobierno de <strong>Mauricio Macri<\/strong> decidi\u00f3 clausurar el subsidio estatal a las transmisiones televisivas de f\u00fatbol.<\/p>\n<p>Actualmente, para ver los partidos hay que abonar entre <strong>18 mil y 23 mil pesos<\/strong> mensuales a plataformas privadas.<\/p>\n<p>El sistema pensado por la AFA prescinde del Estado Nacional. Ser\u00eda exclusivo de la instituci\u00f3n futbolera, sin costo para los usuarios. Se financiar\u00eda con publicidad privada.<\/p>\n","protected":false},"excerpt":{"rendered":"<p>La AFA anunciar\u00eda la transmisi\u00f3n sin costo del f\u00fatbol argentino. Ser\u00eda mediante una plataforma digital. Incluir\u00eda los partidos de la Liga, Primera, Interior y todas las divisiones. &nbsp; Alrededor de 2.500.000 personas miran por televisi\u00f3n o internet el popular deporte. El veterano dirigente cordob\u00e9s Emeterio Far\u00edas adelant\u00f3 que la Asociaci\u00f3n del F\u00fatbol Argentino (AFA) anunciar\u00e1 [&hellip;]<\/p>\n","protected":false},"author":2,"featured_media":1873,"comment_status":"open","ping_status":"closed","sticky":false,"template":"","format":"standard","meta":{"footnotes":""},"categories":[48,14,2],"tags":[381,18,82,382,17],"class_list":["post-1872","post","type-post","status-publish","format-standard","has-post-thumbnail","hentry","category-argentina","category-deportes","category-destacadas","tag-afa","tag-dario-illanes","tag-futbol","tag-liga","tag-norte-social"],"_links":{"self":[{"href":"https:\/\/www.nortesocial.com.ar\/index.php?rest_route=\/wp\/v2\/posts\/1872","targetHints":{"allow":["GET"]}}],"collection":[{"href":"https:\/\/www.nortesocial.com.ar\/index.php?rest_route=\/wp\/v2\/posts"}],"about":[{"href":"https:\/\/www.nortesocial.com.ar\/index.php?rest_route=\/wp\/v2\/types\/post"}],"author":[{"embeddable":true,"href":"https:\/\/www.nortesocial.com.ar\/index.php?rest_route=\/wp\/v2\/users\/2"}],"replies":[{"embeddable":true,"href":"https:\/\/www.nortesocial.com.ar\/index.php?rest_route=%2Fwp%2Fv2%2Fcomments&post=1872"}],"version-history":[{"count":2,"href":"https:\/\/www.nortesocial.com.ar\/index.php?rest_route=\/wp\/v2\/posts\/1872\/revisions"}],"predecessor-version":[{"id":1879,"href":"https:\/\/www.nortesocial.com.ar\/index.php?rest_route=\/wp\/v2\/posts\/1872\/revisions\/1879"}],"wp:featuredmedia":[{"embeddable":true,"href":"https:\/\/www.nortesocial.com.ar\/index.php?rest_route=\/wp\/v2\/media\/1873"}],"wp:attachment":[{"href":"https:\/\/www.nortesocial.com.ar\/index.php?rest_route=%2Fwp%2Fv2%2Fmedia&parent=1872"}],"wp:term":[{"taxonomy":"category","embeddable":true,"href":"https:\/\/www.nortesocial.com.ar\/index.php?rest_route=%2Fwp%2Fv2%2Fcategories&post=1872"},{"taxonomy":"post_tag","embeddable":true,"href":"https:\/\/www.nortesocial.com.ar\/index.php?rest_route=%2Fwp%2Fv2%2Ftags&post=1872"}],"curies":[{"name":"wp","href":"https:\/\/api.w.org\/{rel}","templated":true}]}}