{"id":1880,"date":"2026-03-10T03:10:53","date_gmt":"2026-03-10T06:10:53","guid":{"rendered":"https:\/\/www.nortesocial.com.ar\/?p=1880"},"modified":"2026-03-10T03:10:53","modified_gmt":"2026-03-10T06:10:53","slug":"la-revolucion-de-las-mujeres-macacha-guemes","status":"publish","type":"post","link":"https:\/\/www.nortesocial.com.ar\/?p=1880","title":{"rendered":"LA REVOLUCI\u00d3N DE LAS MUJERES: MACACHA G\u00dcEMES"},"content":{"rendered":"<h3><strong>\u00a0<\/strong><strong><em>&#8220;Madre de los pobres&#8221;, protectora de mujeres, gobernante, mediadora, estratega y guerrera. Magdalena G\u00fcemes, Macacha. La salte\u00f1a hermana del libertador Mart\u00edn Miguel. <\/em><\/strong><\/h3>\n<p>&nbsp;<\/p>\n<p><em>\u201c\u00a1Liberen a Macacha!\u201d,<\/em> fueron las furiosas consignas lanzadas frente a la c\u00e1rcel.<\/p>\n<p><img loading=\"lazy\" decoding=\"async\" class=\"wp-image-1883 alignleft\" src=\"https:\/\/www.nortesocial.com.ar\/wp-content\/uploads\/2026\/03\/Macacha05.jpg\" alt=\"\" width=\"393\" height=\"269\" srcset=\"https:\/\/www.nortesocial.com.ar\/wp-content\/uploads\/2026\/03\/Macacha05.jpg 721w, https:\/\/www.nortesocial.com.ar\/wp-content\/uploads\/2026\/03\/Macacha05-218x150.jpg 218w, https:\/\/www.nortesocial.com.ar\/wp-content\/uploads\/2026\/03\/Macacha05-696x476.jpg 696w, https:\/\/www.nortesocial.com.ar\/wp-content\/uploads\/2026\/03\/Macacha05-614x420.jpg 614w\" sizes=\"auto, (max-width: 393px) 100vw, 393px\" \/>Los guardias se miraron sin saber que hacer. No estaban entrenados ni hab\u00edan recibido \u00f3rdenes para la in\u00e9dita situaci\u00f3n. Sab\u00edan enfrentar gauchos o soldados, pero desconoc\u00edan qu\u00e9 hacer cuando la <strong>furia ven\u00eda en polleras<\/strong>.<\/p>\n<p>Tras la muerte del h\u00e9roe gaucho, el <strong>17 de junio de 1821<\/strong>, tres meses despu\u00e9s <strong>Macacha G\u00fcemes fue encarcelada.<\/strong> Junto a su esposo, madre y aliados. Por orden del gobernador <strong>Jos\u00e9 Antonio Fern\u00e1ndez Cornejo<\/strong>.<\/p>\n<p><strong>Mart\u00edn Miguel de G\u00fcemes<\/strong> hab\u00eda sido arteramente malherido por los enemigos. Su asesinato apunt\u00f3 a desarmar un <strong>poder popular. <\/strong>Que incomodaba a Buenos Aires, a los comerciantes y propietarios salte\u00f1os, a los poderosos que buscaban un orden <strong>sin gauchos armados ni mujeres luchando.<\/strong><\/p>\n<p><img loading=\"lazy\" decoding=\"async\" class=\"alignright  wp-image-1884\" src=\"https:\/\/www.nortesocial.com.ar\/wp-content\/uploads\/2026\/03\/Macacha03.jpg\" alt=\"\" width=\"389\" height=\"250\" srcset=\"https:\/\/www.nortesocial.com.ar\/wp-content\/uploads\/2026\/03\/Macacha03.jpg 864w, https:\/\/www.nortesocial.com.ar\/wp-content\/uploads\/2026\/03\/Macacha03-768x493.jpg 768w, https:\/\/www.nortesocial.com.ar\/wp-content\/uploads\/2026\/03\/Macacha03-696x447.jpg 696w, https:\/\/www.nortesocial.com.ar\/wp-content\/uploads\/2026\/03\/Macacha03-654x420.jpg 654w\" sizes=\"auto, (max-width: 389px) 100vw, 389px\" \/><\/p>\n<p><strong>Acusada<\/strong><\/p>\n<p>Macacha G\u00fcemes fue acusada de conspiraci\u00f3n, desorden y alteraci\u00f3n de la paz p\u00fablica. En realidad, quer\u00edan callarla, apres\u00e1ndola. Era intolerable por <strong>pensar demasiado, influir demasiado. Siendo mujer.<\/strong><\/p>\n<p>Cuando su hermano gobernador sal\u00eda a combatir por la Patria, Macacha <strong>dirig\u00eda el gobierno.<\/strong> Adem\u00e1s, fue la art\u00edfice de la log\u00edstica e Inteligencia de la <strong>Guerra Gaucha<\/strong>. La casa familiar se convirti\u00f3 en taller para confeccionar uniformes para <strong>&#8220;Los Infernales&#8221;<\/strong><\/p>\n<p>Y comando de la red de espionaje. Mediante despreciadas <strong>sirvientas, lavanderas y vendedoras callejeras<\/strong>. Ellas informaban planes escuchados o movimientos de tropas.<\/p>\n<p><img loading=\"lazy\" decoding=\"async\" class=\" wp-image-1886 alignleft\" src=\"https:\/\/www.nortesocial.com.ar\/wp-content\/uploads\/2026\/03\/Macacha02.jpg\" alt=\"\" width=\"385\" height=\"387\" srcset=\"https:\/\/www.nortesocial.com.ar\/wp-content\/uploads\/2026\/03\/Macacha02.jpg 464w, https:\/\/www.nortesocial.com.ar\/wp-content\/uploads\/2026\/03\/Macacha02-418x420.jpg 418w\" sizes=\"auto, (max-width: 385px) 100vw, 385px\" \/><\/p>\n<p><strong>Firmes<\/strong><\/p>\n<p>Aprovechando el desconcierto de los oficiales y gauchos patriotas, tras la muerte de don Mart\u00edn Miguel, la oposici\u00f3n salte\u00f1a tom\u00f3 el poder. Y detuvieron a Macacha.<\/p>\n<p>Empero, las compa\u00f1eras de la admirada y amada gaucha estaban m\u00e1s firmes que sus pares masculinos. Y poblaron las calles para exigir la liberaci\u00f3n de su comandanta.<\/p>\n<p>Con el tiempo, la historia oficial intent\u00f3 minimizar la pueblada femenina. Lo llam\u00f3 &#8220;mot\u00edn&#8221; o \u201crevuelta\u201d.<\/p>\n<p>La verdad es que hace 205 a\u00f1os, en Salta, fue la <strong>revoluci\u00f3n de las mujeres<\/strong>.<\/p>\n<p><img loading=\"lazy\" decoding=\"async\" class=\"alignright size-full wp-image-1885\" src=\"https:\/\/www.nortesocial.com.ar\/wp-content\/uploads\/2026\/03\/Macacha04.png\" alt=\"\" width=\"186\" height=\"271\" \/><\/p>\n<p><strong>GAUCHA<\/strong><\/p>\n<p>Macacha G\u00fcemes construy\u00f3 patria. En Salta, el 7 de junio se conmemora el <strong>&#8220;D\u00eda de la Mujer Gaucha&#8221;<\/strong> en su honor.<\/p>\n<p>&nbsp;<\/p>\n<p>&nbsp;<\/p>\n","protected":false},"excerpt":{"rendered":"<p>\u00a0&#8220;Madre de los pobres&#8221;, protectora de mujeres, gobernante, mediadora, estratega y guerrera. Magdalena G\u00fcemes, Macacha. La salte\u00f1a hermana del libertador Mart\u00edn Miguel. &nbsp; \u201c\u00a1Liberen a Macacha!\u201d, fueron las furiosas consignas lanzadas frente a la c\u00e1rcel. Los guardias se miraron sin saber que hacer. No estaban entrenados ni hab\u00edan recibido \u00f3rdenes para la in\u00e9dita situaci\u00f3n. Sab\u00edan [&hellip;]<\/p>\n","protected":false},"author":2,"featured_media":1888,"comment_status":"open","ping_status":"closed","sticky":false,"template":"","format":"standard","meta":{"footnotes":""},"categories":[48,2,47,12],"tags":[18,379,354,17,23],"class_list":["post-1880","post","type-post","status-publish","format-standard","has-post-thumbnail","hentry","category-argentina","category-destacadas","category-salta","category-sociedad-politica-economia","tag-dario-illanes","tag-feminismo","tag-macacha-guemes","tag-norte-social","tag-salta"],"_links":{"self":[{"href":"https:\/\/www.nortesocial.com.ar\/index.php?rest_route=\/wp\/v2\/posts\/1880","targetHints":{"allow":["GET"]}}],"collection":[{"href":"https:\/\/www.nortesocial.com.ar\/index.php?rest_route=\/wp\/v2\/posts"}],"about":[{"href":"https:\/\/www.nortesocial.com.ar\/index.php?rest_route=\/wp\/v2\/types\/post"}],"author":[{"embeddable":true,"href":"https:\/\/www.nortesocial.com.ar\/index.php?rest_route=\/wp\/v2\/users\/2"}],"replies":[{"embeddable":true,"href":"https:\/\/www.nortesocial.com.ar\/index.php?rest_route=%2Fwp%2Fv2%2Fcomments&post=1880"}],"version-history":[{"count":3,"href":"https:\/\/www.nortesocial.com.ar\/index.php?rest_route=\/wp\/v2\/posts\/1880\/revisions"}],"predecessor-version":[{"id":1889,"href":"https:\/\/www.nortesocial.com.ar\/index.php?rest_route=\/wp\/v2\/posts\/1880\/revisions\/1889"}],"wp:featuredmedia":[{"embeddable":true,"href":"https:\/\/www.nortesocial.com.ar\/index.php?rest_route=\/wp\/v2\/media\/1888"}],"wp:attachment":[{"href":"https:\/\/www.nortesocial.com.ar\/index.php?rest_route=%2Fwp%2Fv2%2Fmedia&parent=1880"}],"wp:term":[{"taxonomy":"category","embeddable":true,"href":"https:\/\/www.nortesocial.com.ar\/index.php?rest_route=%2Fwp%2Fv2%2Fcategories&post=1880"},{"taxonomy":"post_tag","embeddable":true,"href":"https:\/\/www.nortesocial.com.ar\/index.php?rest_route=%2Fwp%2Fv2%2Ftags&post=1880"}],"curies":[{"name":"wp","href":"https:\/\/api.w.org\/{rel}","templated":true}]}}