{"id":1890,"date":"2026-03-12T01:37:55","date_gmt":"2026-03-12T04:37:55","guid":{"rendered":"https:\/\/www.nortesocial.com.ar\/?p=1890"},"modified":"2026-03-12T01:37:55","modified_gmt":"2026-03-12T04:37:55","slug":"nunca-encontraron-su-cabeza","status":"publish","type":"post","link":"https:\/\/www.nortesocial.com.ar\/?p=1890","title":{"rendered":"NUNCA ENCONTRARON SU CABEZA"},"content":{"rendered":"<h3><strong><em>Si extrema crueldad es matar a una persona decapit\u00e1ndola, perversidad psic\u00f3pata es desaparecer su cabeza. Pablo Cesar Almaraz \u2013 un puestero salte\u00f1o -fue hallado sin cr\u00e1neo.<\/em><\/strong><\/h3>\n<p><strong><em>\u00a0<\/em><\/strong><\/p>\n<p><em>\u201cFueron sicarios de Bolivia. En Pichanal, en Or\u00e1n (Salta), no hay personas capaces de hacer ese trabajo de decapitar y llevarse la cabeza como <strong>prueba de muerte<\/strong>\u201d,<\/em> habr\u00eda dicho <strong>V\u00edctor Hugo Salvatierra<\/strong> (31). Luego se entreg\u00f3 a la Polic\u00eda.<\/p>\n<p>El joven, junto a su hermano y un expolic\u00eda, est\u00e1n acusados del delito de homicidio doblemente calificado con alevos\u00eda y por el concurso premeditado de dos o m\u00e1s personas, en perjuicio de Pablo Cesar Almaraz. Son juzgados en la Sala I del Tribunal de Juicio, de Or\u00e1n<\/p>\n<p>El cuerpo sin cabeza de \u201cQuino\u201d Almaraz fue encontrado por un trabajador rural, la madrugada del s\u00e1bado 1 de octubre de 2022, en un camino rural cercano a la ruta nacional 34, entre Pichanal y Colonia Santa Rosa.<\/p>\n<p>Al llegar la Polic\u00eda hall\u00f3 el cad\u00e1ver del puestero de 41 a\u00f1os. Tirado sobre la tierra, con las manos atadas en la espalda. Sin cabeza.<\/p>\n<figure id=\"attachment_1893\" aria-describedby=\"caption-attachment-1893\" style=\"width: 445px\" class=\"wp-caption alignright\"><img loading=\"lazy\" decoding=\"async\" class=\" wp-image-1893\" src=\"https:\/\/www.nortesocial.com.ar\/wp-content\/uploads\/2026\/03\/Decapitado02.png\" alt=\"\" width=\"445\" height=\"561\" srcset=\"https:\/\/www.nortesocial.com.ar\/wp-content\/uploads\/2026\/03\/Decapitado02.png 587w, https:\/\/www.nortesocial.com.ar\/wp-content\/uploads\/2026\/03\/Decapitado02-333x420.png 333w\" sizes=\"auto, (max-width: 445px) 100vw, 445px\" \/><figcaption id=\"caption-attachment-1893\" class=\"wp-caption-text\">V\u00cdCTOR HUGO SALVATIERRA<\/figcaption><\/figure>\n<p><strong>Espanto<\/strong><\/p>\n<p>La perita m\u00e9dica del CIF (Cuerpo de Investigaciones Fiscales) declar\u00f3 el 11 de marzo. Describi\u00f3 que el cad\u00e1ver estaba acostado sobre su espalda, decapitado.<\/p>\n<p>Cont\u00f3 que la autopsia fue realizada d\u00edas despu\u00e9s del hallazgo del cuerpo, el 5 de octubre. Dijo que no era habitual ver un cuerpo decapitado, y que justamente eso fue lo que demor\u00f3 la autopsia, ya que se continuaba con la <strong>b\u00fasqueda de la cabeza, que nunca fue encontrada.<\/strong><\/p>\n<p>Explic\u00f3 que se presum\u00eda que el deceso de la v\u00edctima podr\u00eda haberse producido entre las 0 y las 5 de la madrugada, y que no hab\u00eda signos de defensa en el cuerpo. Adem\u00e1s, se encontr\u00f3 una lesi\u00f3n con un elemento punzo cortante en la clav\u00edcula izquierda cerca del cuello. En cuanto a las marcas encontradas en esa zona, dijo que hab\u00eda dos cortes, uno irregular como algo con un filo dentado de lado derecho, y liso del lado izquierdo. Concluy\u00f3 que el deceso se produjo por un shock hipovol\u00e9mico causado por la decapitaci\u00f3n.<\/p>\n<figure id=\"attachment_1894\" aria-describedby=\"caption-attachment-1894\" style=\"width: 240px\" class=\"wp-caption alignleft\"><img loading=\"lazy\" decoding=\"async\" class=\" wp-image-1894\" src=\"https:\/\/www.nortesocial.com.ar\/wp-content\/uploads\/2026\/03\/Decapitado04.jpeg\" alt=\"\" width=\"240\" height=\"320\" \/><figcaption id=\"caption-attachment-1894\" class=\"wp-caption-text\">PUESTO EN EL CHACO SALTE\u00d1O<\/figcaption><\/figure>\n<p><strong>Expolic\u00eda y acusado<\/strong><\/p>\n<p>Mientras que los hermanos imputados no declararon, el viernes pasado si lo hizo el tercer acusado. Proclam\u00f3 su<strong> inocencia<\/strong>. Cont\u00f3 que tiempo atr\u00e1s hab\u00eda sido polic\u00eda de la provincia, pero luego renunci\u00f3 para ser <strong>prestamista<\/strong>, y adem\u00e1s ten\u00eda caballos de carrera.<\/p>\n<p>Sostuvo que la tarde del 30 de septiembre hab\u00eda estado en el arriendo de su hermano ubicado en la zona del \u201cCedral\u201d de Or\u00e1n, porque deb\u00eda soldar un tr\u00e1iler para transportar los caballos y que estuvo all\u00ed hasta la madrugada, momento en que volvi\u00f3 a Hip\u00f3lito Yrigoyen en su camioneta. Agreg\u00f3 que, luego entre las 9 y 10 de la ma\u00f1ana se fue a Pichanal, directo al puesto rural de los hermanos acusados, que ambos son sus amigos y que eran quienes cuidaban a sus caballos. Esa ma\u00f1ana ten\u00eda que llevarles alimentos para sus animales.<\/p>\n<p>Un proveedor le transmiti\u00f3 que hab\u00edan encontrado muerto a Pablo Almaraz. Y coment\u00f3: <em>\u201cseguro lo mataron por la deuda que ten\u00eda\u201d.<\/em>\u00a0 A esto, el acusado a\u00f1adi\u00f3 que tambi\u00e9n conoc\u00eda a la v\u00edctima. El expolic\u00eda cont\u00f3 que en el pueblo se dec\u00eda que el hecho podr\u00eda estar relacionado con la p\u00e9rdida de un <strong>cargamento de coca\u00edna.<\/strong><\/p>\n<figure id=\"attachment_1895\" aria-describedby=\"caption-attachment-1895\" style=\"width: 273px\" class=\"wp-caption alignright\"><img loading=\"lazy\" decoding=\"async\" class=\" wp-image-1895\" src=\"https:\/\/www.nortesocial.com.ar\/wp-content\/uploads\/2026\/03\/Decapitado03.png\" alt=\"\" width=\"273\" height=\"224\" \/><figcaption id=\"caption-attachment-1895\" class=\"wp-caption-text\">HALLAZGO DE ALMARAZ<\/figcaption><\/figure>\n<p><strong>DEP\u00d3SITOS<\/strong><\/p>\n<p>Seg\u00fan informantes, <strong>algunos puestos rurales de la zona fronteriza salte\u00f1a<\/strong> son usados como dep\u00f3sitos de drogas.<\/p>\n<p><strong>AJUSTE DE CUENTAS<\/strong><\/p>\n<p>Trascendidos no oficiales refieren que \u201cQuino\u201d Almaraz se habr\u00eda apropiado de <strong>100 kilos de coca\u00edna<\/strong>, pertenecientes a tal \u201cLlampa\u201d. En la frontera, significar\u00edan alrededor de <strong>mil millones de pesos<\/strong>. En las ciudades, entre cuatro y ocho veces m\u00e1s.<\/p>\n<p><strong>PODER Y TERROR<\/strong><\/p>\n<p>Dejar tirado a un asesinado es un mensaje mafioso. Pero <strong>decapitarlo y llevarse la cabeza es muestra de poder criminal y terror.<\/strong><\/p>\n<p>La cabeza humana simboliza identidad, consciencia, inteligencia. Cortarla y llev\u00e1rsela implica devastaci\u00f3n f\u00edsica y espiritual.<\/p>\n","protected":false},"excerpt":{"rendered":"<p>Si extrema crueldad es matar a una persona decapit\u00e1ndola, perversidad psic\u00f3pata es desaparecer su cabeza. Pablo Cesar Almaraz \u2013 un puestero salte\u00f1o -fue hallado sin cr\u00e1neo. \u00a0 \u201cFueron sicarios de Bolivia. En Pichanal, en Or\u00e1n (Salta), no hay personas capaces de hacer ese trabajo de decapitar y llevarse la cabeza como prueba de muerte\u201d, habr\u00eda [&hellip;]<\/p>\n","protected":false},"author":2,"featured_media":1892,"comment_status":"open","ping_status":"closed","sticky":false,"template":"","format":"standard","meta":{"footnotes":""},"categories":[6,2,47],"tags":[29,383,247,237,17,384,385],"class_list":["post-1890","post","type-post","status-publish","format-standard","has-post-thumbnail","hentry","category-cronicas-criminales","category-destacadas","category-salta","tag-cronicas-criminales","tag-decapitado","tag-droga","tag-narco","tag-norte-social","tag-pablo-almaraz","tag-pichanal"],"_links":{"self":[{"href":"https:\/\/www.nortesocial.com.ar\/index.php?rest_route=\/wp\/v2\/posts\/1890","targetHints":{"allow":["GET"]}}],"collection":[{"href":"https:\/\/www.nortesocial.com.ar\/index.php?rest_route=\/wp\/v2\/posts"}],"about":[{"href":"https:\/\/www.nortesocial.com.ar\/index.php?rest_route=\/wp\/v2\/types\/post"}],"author":[{"embeddable":true,"href":"https:\/\/www.nortesocial.com.ar\/index.php?rest_route=\/wp\/v2\/users\/2"}],"replies":[{"embeddable":true,"href":"https:\/\/www.nortesocial.com.ar\/index.php?rest_route=%2Fwp%2Fv2%2Fcomments&post=1890"}],"version-history":[{"count":3,"href":"https:\/\/www.nortesocial.com.ar\/index.php?rest_route=\/wp\/v2\/posts\/1890\/revisions"}],"predecessor-version":[{"id":1898,"href":"https:\/\/www.nortesocial.com.ar\/index.php?rest_route=\/wp\/v2\/posts\/1890\/revisions\/1898"}],"wp:featuredmedia":[{"embeddable":true,"href":"https:\/\/www.nortesocial.com.ar\/index.php?rest_route=\/wp\/v2\/media\/1892"}],"wp:attachment":[{"href":"https:\/\/www.nortesocial.com.ar\/index.php?rest_route=%2Fwp%2Fv2%2Fmedia&parent=1890"}],"wp:term":[{"taxonomy":"category","embeddable":true,"href":"https:\/\/www.nortesocial.com.ar\/index.php?rest_route=%2Fwp%2Fv2%2Fcategories&post=1890"},{"taxonomy":"post_tag","embeddable":true,"href":"https:\/\/www.nortesocial.com.ar\/index.php?rest_route=%2Fwp%2Fv2%2Ftags&post=1890"}],"curies":[{"name":"wp","href":"https:\/\/api.w.org\/{rel}","templated":true}]}}